{"id":1870,"date":"2019-05-28T20:27:45","date_gmt":"2019-05-28T18:27:45","guid":{"rendered":"https:\/\/www.hospitaldemolina.es\/19anoshospitaldemolina-exito-de-publico-en-la-jornada-divulgativa-del-19-aniversario-del-hospital-de-molina\/"},"modified":"2023-10-25T06:35:48","modified_gmt":"2023-10-25T06:35:48","slug":"19anoshospitaldemolina-exito-de-publico-en-la-jornada-divulgativa-del-19-aniversario-del-hospital-de-molina","status":"publish","type":"post","link":"https:\/\/riberasalud.com\/hospital-de-molina\/19anoshospitaldemolina-exito-de-publico-en-la-jornada-divulgativa-del-19-aniversario-del-hospital-de-molina\/","title":{"rendered":"#19a\u00f1osHospitaldeMolina  \u00c9xito de p\u00fablico en la Jornada divulgativa del 19 aniversario del Hospital de Molina"},"content":{"rendered":"<p><strong>30 mayo 2019.-<\/strong> Durante todo el d\u00eda de hoy, el <strong>Hospital de Molina<\/strong> <strong>ha celebrado su 19 aniversario <\/strong>con una jornada llena de actividades divulgativas de salud, que se ha celebrado en Museo Enclave de la Muralla \u2013 MUDEM, y que ha sido inaugurada por la <strong>Alcaldesa en funciones de Molina de Segura, Esther Clavero Mira, el Director General de Salud P\u00fablica y Adicciones en funciones de la CARM, Jos\u00e9 Carlos Vicente L\u00f3pez, y el Gerente del Hospital de Molina, Pedro Hern\u00e1ndez Jim\u00e9nez<\/strong>.<\/p>\n<p class=\"rtecenter\"><img decoding=\"async\" src=\"https:\/\/riberasalud.com\/hospital-de-molina\/wp-content\/uploads\/2020\/05\/19-05-2920-20HM20-201920AHM20-20Inauguracion20-20Foto3_1-1.jpg\" style=\"height:140px; width: auto;\"> <img decoding=\"async\" src=\"https:\/\/hospitaldemolina.es\/wp-content\/uploads\/2020\/05\/19-05-2920-20HM20-201920AHM20-20Visita20Consejero20Salud20en20funciones20Stands20Solidaridad20y20Salud20-20Foto3_1.jpg\" style=\"height:140px; width: auto;\"> <img decoding=\"async\" src=\"https:\/\/riberasalud.com\/hospital-de-molina\/wp-content\/uploads\/2020\/05\/19-05-2920-20HM20-201920AHM20-20Visita20Autoridades20en20funciones20Stands20Solidaridad20y20Salud20-20Foto3_1-1.jpg\" style=\"height:140px; width: auto;\"><img decoding=\"async\" src=\"https:\/\/hospitaldemolina.es\/wp-content\/uploads\/2020\/05\/19-05-2920-20HM20-2019AHM20-20Improv202620Grow20Up20-20Foto2_1.jpg\" style=\"height:140px; width: auto;\">  <img decoding=\"async\" src=\"https:\/\/riberasalud.com\/hospital-de-molina\/wp-content\/uploads\/2020\/05\/19-05-2920-20HM20-2019AHM20-20Premios20Institucionales20HM201920-20Foto4_1-1.jpg\" style=\"height:140px; width: auto;\"><\/p>\n<p><strong>Hern\u00e1ndez Jim\u00e9nez<\/strong> ha explicado que \u201ccon esta jornada, queremos contribuir a empoderar al paciente y darle el protagonismo que le corresponde en el sistema sanitario. Por eso, nuestro aniversario se enmarca dentro de nuestro Programa de Promoci\u00f3n y Divulgaci\u00f3n de la Salud, que desarrollamos en el \u00e1mbito de la Responsabilidad Social Corporativa de nuestro Hospital, y con el que pretendemos colaborar en la humanizaci\u00f3n de la sanidad\u201d.<\/p>\n<p>Posteriormente, <strong>el Consejero en funciones de Salud de la CARM, Manuel Villegas Garc\u00eda, ha visitado los stands \u201cSalud y Solidaridad\u201d<\/strong>, ubicados en la Plaza del MUDEM, con los que se da visibilidad a la labor y las actividades que desarrollan las distintas organizaciones sociales con las que el Hospital de Molina mantiene una estrecha colaboraci\u00f3n: Fundaci\u00f3n Ambulancia del Deseo, ASPAPROS, Asociaci\u00f3n Murciana de Rehabilitaci\u00f3n Psicosocial (ISOL), ASSIDO, ASTRADE, DOCUVIVA (FEYCSA), Cirug\u00eda Solidaria, Cruz Roja, C\u00e1ritas, AECC, AFESMO, Consejo de Agricultura Ecol\u00f3gica de la Regi\u00f3n de Murcia (CAERM), Taller de Pan La Subirana y NaturGreen.<\/p>\n<p>Durante la jornada del aniversario, se han desarrollado diferentes actividades, como:<\/p>\n<p>El segundo #ForoComSalud, en colaboraci\u00f3n con el Colegio Oficial de Periodistas de la Regi\u00f3n de Murcia, sobre Nutrici\u00f3n y medios de comunicaci\u00f3n: \u00bfinformaci\u00f3n o desinformaci\u00f3n?, en el que se incluye una mesa redonda con profesionales de los medios y un #Espect\u00e1culoSaludable a cargo de la nutricionista del Hospital de Molina, Rebeca Pastor Valero \u2013 My Personal Food.<br \/>\nImprov &amp; Grow Up: una charla motivacional utilizando la improvisaci\u00f3n y la creatividad, dirigida al \u00e1mbito sanitario.<br \/>\nConferencia de la FEM, a cargo del Dr. Jos\u00e9 Manuel Rodr\u00edguez Gonz\u00e1lez (Jefe de la Unidad de Cirug\u00eda Endocrina del Hospital Universitario Virgen de la Arrixaca, Investigador del IMIB y Especialista en Cirug\u00eda General y Aparato Digestivo del Servicio de Cirug\u00eda del Hospital de Molina): De la gen\u00e9tica al quir\u00f3fano.<br \/>\nEspect\u00e1culo de danza a cargo de la compa\u00f1\u00eda de danza As\u00ed Somos (ASSIDO),<\/p>\n<p>El Hospital de Molina tambi\u00e9n ha entregado sus <strong>Premios Institucionales<\/strong>, con los que cada a\u00f1o reconoce a aquellas instituciones y organizaciones que han colaborado estrechamente con el centro hospitalario para mejorar su actividad asistencial diaria. Este a\u00f1o, el reconocimiento ha sido doble:<\/p>\n<p>A la <strong>Jefatura Superior de Polic\u00eda de la Regi\u00f3n de Murcia<\/strong>, por su compromiso en la prevenci\u00f3n de agresiones al personal del Hospital de Molina (han recogido el Premio Cirilo Dur\u00e1n Reguero, Jefe Superior de Polic\u00eda de la Regi\u00f3n de Murcia, y Manuel Buitrago Camacho, Interlocutor policial territorial sanitario).<br \/>\nAl <strong>Colegio Oficial de Enfermer\u00eda de la Regi\u00f3n de Murcia<\/strong>, por su apoyo al colectivo de enfermer\u00eda del Hospital de Molina (han recogido el Premio Manuel Garc\u00eda S\u00e1nchez y Eduardo Estrella Acacio, Presidente y Secretario del Colegio Oficial de Enfermer\u00eda de la Regi\u00f3n de Murcia, respectivamente).<\/p>\n<p>Enlaces Relacionados:<\/p>\n","protected":false},"excerpt":{"rendered":"<p>30 mayo 2019.- Durante todo el d\u00eda de hoy, el Hospital de Molina ha celebrado su 19 aniversario con una jornada llena de actividades divulgativas de salud, que se ha celebrado en Museo Enclave de la Muralla \u2013 MUDEM, y que ha sido inaugurada por la Alcaldesa en funciones de Molina de Segura, Esther Clavero &#8230; <a title=\"#19a\u00f1osHospitaldeMolina  \u00c9xito de p\u00fablico en la Jornada divulgativa del 19 aniversario del Hospital de Molina\" class=\"read-more\" href=\"https:\/\/riberasalud.com\/hospital-de-molina\/19anoshospitaldemolina-exito-de-publico-en-la-jornada-divulgativa-del-19-aniversario-del-hospital-de-molina\/\" aria-label=\"Leer m\u00e1s sobre #19a\u00f1osHospitaldeMolina  \u00c9xito de p\u00fablico en la Jornada divulgativa del 19 aniversario del Hospital de Molina\">Leer m\u00e1s<\/a><\/p>\n","protected":false},"author":3,"featured_media":0,"comment_status":"closed","ping_status":"open","sticky":false,"template":"","format":"standard","meta":{"_uag_custom_page_level_css":"","_mi_skip_tracking":false,"footnotes":""},"categories":[7],"tags":[],"class_list":["post-1870","post","type-post","status-publish","format-standard","hentry","category-hemeroteca"],"yoast_head":"<!-- This site is optimized with the Yoast SEO plugin v26.6 - https:\/\/yoast.com\/wordpress\/plugins\/seo\/ -->\n<title>#19a\u00f1osHospitaldeMolina \u00c9xito de p\u00fablico en la Jornada divulgativa del 19 aniversario del Hospital de Molina - Hospital de Molina<\/title>\n<meta name=\"robots\" content=\"index, follow, max-snippet:-1, max-image-preview:large, max-video-preview:-1\" \/>\n<link rel=\"canonical\" href=\"https:\/\/riberasalud.com\/hospital-de-molina\/19anoshospitaldemolina-exito-de-publico-en-la-jornada-divulgativa-del-19-aniversario-del-hospital-de-molina\/\" \/>\n<meta property=\"og:locale\" content=\"es_ES\" \/>\n<meta property=\"og:type\" content=\"article\" \/>\n<meta property=\"og:title\" content=\"#19a\u00f1osHospitaldeMolina \u00c9xito de p\u00fablico en la Jornada divulgativa del 19 aniversario del Hospital de Molina - Hospital de Molina\" \/>\n<meta property=\"og:description\" content=\"30 mayo 2019.- Durante todo el d\u00eda de hoy, el Hospital de Molina ha celebrado su 19 aniversario con una jornada llena de actividades divulgativas de salud, que se ha celebrado en Museo Enclave de la Muralla \u2013 MUDEM, y que ha sido inaugurada por la Alcaldesa en funciones de Molina de Segura, Esther Clavero ... Leer m\u00e1s\" \/>\n<meta property=\"og:url\" content=\"https:\/\/riberasalud.com\/hospital-de-molina\/19anoshospitaldemolina-exito-de-publico-en-la-jornada-divulgativa-del-19-aniversario-del-hospital-de-molina\/\" \/>\n<meta property=\"og:site_name\" content=\"Hospital de Molina\" \/>\n<meta property=\"article:published_time\" content=\"2019-05-28T18:27:45+00:00\" \/>\n<meta property=\"article:modified_time\" content=\"2023-10-25T06:35:48+00:00\" \/>\n<meta property=\"og:image\" content=\"https:\/\/riberasalud.com\/hospital-de-molina\/wp-content\/uploads\/2020\/05\/19-05-2920-20HM20-201920AHM20-20Inauguracion20-20Foto3_1-1.jpg\" \/>\n<meta name=\"author\" content=\"hmolina\" \/>\n<meta name=\"twitter:card\" content=\"summary_large_image\" \/>\n<meta name=\"twitter:label1\" content=\"Escrito por\" \/>\n\t<meta name=\"twitter:data1\" content=\"hmolina\" \/>\n\t<meta name=\"twitter:label2\" content=\"Tiempo de lectura\" \/>\n\t<meta name=\"twitter:data2\" content=\"3 minutos\" \/>\n<script type=\"application\/ld+json\" class=\"yoast-schema-graph\">{\"@context\":\"https:\/\/schema.org\",\"@graph\":[{\"@type\":\"Article\",\"@id\":\"https:\/\/riberasalud.com\/hospital-de-molina\/19anoshospitaldemolina-exito-de-publico-en-la-jornada-divulgativa-del-19-aniversario-del-hospital-de-molina\/#article\",\"isPartOf\":{\"@id\":\"https:\/\/riberasalud.com\/hospital-de-molina\/19anoshospitaldemolina-exito-de-publico-en-la-jornada-divulgativa-del-19-aniversario-del-hospital-de-molina\/\"},\"author\":{\"name\":\"hmolina\",\"@id\":\"https:\/\/riberasalud.com\/hospital-de-molina\/#\/schema\/person\/37d58effcbf02f32328940089f254419\"},\"headline\":\"#19a\u00f1osHospitaldeMolina \u00c9xito de p\u00fablico en la Jornada divulgativa del 19 aniversario del Hospital de Molina\",\"datePublished\":\"2019-05-28T18:27:45+00:00\",\"dateModified\":\"2023-10-25T06:35:48+00:00\",\"mainEntityOfPage\":{\"@id\":\"https:\/\/riberasalud.com\/hospital-de-molina\/19anoshospitaldemolina-exito-de-publico-en-la-jornada-divulgativa-del-19-aniversario-del-hospital-de-molina\/\"},\"wordCount\":595,\"publisher\":{\"@id\":\"https:\/\/riberasalud.com\/hospital-de-molina\/#organization\"},\"image\":{\"@id\":\"https:\/\/riberasalud.com\/hospital-de-molina\/19anoshospitaldemolina-exito-de-publico-en-la-jornada-divulgativa-del-19-aniversario-del-hospital-de-molina\/#primaryimage\"},\"thumbnailUrl\":\"https:\/\/riberasalud.com\/hospital-de-molina\/wp-content\/uploads\/2020\/05\/19-05-2920-20HM20-201920AHM20-20Inauguracion20-20Foto3_1-1.jpg\",\"articleSection\":[\"Hemeroteca\"],\"inLanguage\":\"es\"},{\"@type\":\"WebPage\",\"@id\":\"https:\/\/riberasalud.com\/hospital-de-molina\/19anoshospitaldemolina-exito-de-publico-en-la-jornada-divulgativa-del-19-aniversario-del-hospital-de-molina\/\",\"url\":\"https:\/\/riberasalud.com\/hospital-de-molina\/19anoshospitaldemolina-exito-de-publico-en-la-jornada-divulgativa-del-19-aniversario-del-hospital-de-molina\/\",\"name\":\"#19a\u00f1osHospitaldeMolina \u00c9xito de p\u00fablico en la Jornada divulgativa del 19 aniversario del Hospital de Molina - Hospital de Molina\",\"isPartOf\":{\"@id\":\"https:\/\/riberasalud.com\/hospital-de-molina\/#website\"},\"primaryImageOfPage\":{\"@id\":\"https:\/\/riberasalud.com\/hospital-de-molina\/19anoshospitaldemolina-exito-de-publico-en-la-jornada-divulgativa-del-19-aniversario-del-hospital-de-molina\/#primaryimage\"},\"image\":{\"@id\":\"https:\/\/riberasalud.com\/hospital-de-molina\/19anoshospitaldemolina-exito-de-publico-en-la-jornada-divulgativa-del-19-aniversario-del-hospital-de-molina\/#primaryimage\"},\"thumbnailUrl\":\"https:\/\/riberasalud.com\/hospital-de-molina\/wp-content\/uploads\/2020\/05\/19-05-2920-20HM20-201920AHM20-20Inauguracion20-20Foto3_1-1.jpg\",\"datePublished\":\"2019-05-28T18:27:45+00:00\",\"dateModified\":\"2023-10-25T06:35:48+00:00\",\"breadcrumb\":{\"@id\":\"https:\/\/riberasalud.com\/hospital-de-molina\/19anoshospitaldemolina-exito-de-publico-en-la-jornada-divulgativa-del-19-aniversario-del-hospital-de-molina\/#breadcrumb\"},\"inLanguage\":\"es\",\"potentialAction\":[{\"@type\":\"ReadAction\",\"target\":[\"https:\/\/riberasalud.com\/hospital-de-molina\/19anoshospitaldemolina-exito-de-publico-en-la-jornada-divulgativa-del-19-aniversario-del-hospital-de-molina\/\"]}]},{\"@type\":\"ImageObject\",\"inLanguage\":\"es\",\"@id\":\"https:\/\/riberasalud.com\/hospital-de-molina\/19anoshospitaldemolina-exito-de-publico-en-la-jornada-divulgativa-del-19-aniversario-del-hospital-de-molina\/#primaryimage\",\"url\":\"https:\/\/riberasalud.com\/hospital-de-molina\/wp-content\/uploads\/2020\/05\/19-05-2920-20HM20-201920AHM20-20Inauguracion20-20Foto3_1-1.jpg\",\"contentUrl\":\"https:\/\/riberasalud.com\/hospital-de-molina\/wp-content\/uploads\/2020\/05\/19-05-2920-20HM20-201920AHM20-20Inauguracion20-20Foto3_1-1.jpg\",\"width\":1600,\"height\":1200},{\"@type\":\"BreadcrumbList\",\"@id\":\"https:\/\/riberasalud.com\/hospital-de-molina\/19anoshospitaldemolina-exito-de-publico-en-la-jornada-divulgativa-del-19-aniversario-del-hospital-de-molina\/#breadcrumb\",\"itemListElement\":[{\"@type\":\"ListItem\",\"position\":1,\"name\":\"Portada\",\"item\":\"https:\/\/riberasalud.com\/hospital-de-molina\/\"},{\"@type\":\"ListItem\",\"position\":2,\"name\":\"#19a\u00f1osHospitaldeMolina \u00c9xito de p\u00fablico en la Jornada divulgativa del 19 aniversario del Hospital de Molina\"}]},{\"@type\":\"WebSite\",\"@id\":\"https:\/\/riberasalud.com\/hospital-de-molina\/#website\",\"url\":\"https:\/\/riberasalud.com\/hospital-de-molina\/\",\"name\":\"Hospital de Molina\",\"description\":\"\",\"publisher\":{\"@id\":\"https:\/\/riberasalud.com\/hospital-de-molina\/#organization\"},\"potentialAction\":[{\"@type\":\"SearchAction\",\"target\":{\"@type\":\"EntryPoint\",\"urlTemplate\":\"https:\/\/riberasalud.com\/hospital-de-molina\/?s={search_term_string}\"},\"query-input\":{\"@type\":\"PropertyValueSpecification\",\"valueRequired\":true,\"valueName\":\"search_term_string\"}}],\"inLanguage\":\"es\"},{\"@type\":\"Organization\",\"@id\":\"https:\/\/riberasalud.com\/hospital-de-molina\/#organization\",\"name\":\"Hospital de Molina\",\"url\":\"https:\/\/riberasalud.com\/hospital-de-molina\/\",\"logo\":{\"@type\":\"ImageObject\",\"inLanguage\":\"es\",\"@id\":\"https:\/\/riberasalud.com\/hospital-de-molina\/#\/schema\/logo\/image\/\",\"url\":\"https:\/\/riberasalud.com\/hospital-de-molina\/wp-content\/uploads\/2023\/01\/cropped-Logo-Red-DeMolina-bigtz7.png\",\"contentUrl\":\"https:\/\/riberasalud.com\/hospital-de-molina\/wp-content\/uploads\/2023\/01\/cropped-Logo-Red-DeMolina-bigtz7.png\",\"width\":300,\"height\":72,\"caption\":\"Hospital de Molina\"},\"image\":{\"@id\":\"https:\/\/riberasalud.com\/hospital-de-molina\/#\/schema\/logo\/image\/\"}},{\"@type\":\"Person\",\"@id\":\"https:\/\/riberasalud.com\/hospital-de-molina\/#\/schema\/person\/37d58effcbf02f32328940089f254419\",\"name\":\"hmolina\",\"image\":{\"@type\":\"ImageObject\",\"inLanguage\":\"es\",\"@id\":\"https:\/\/riberasalud.com\/hospital-de-molina\/#\/schema\/person\/image\/\",\"url\":\"https:\/\/secure.gravatar.com\/avatar\/9db1181c394bec9505d449c90a21b5363cc35ad9a76f60f11a304b23bb0e8dd4?s=96&d=mm&r=g\",\"contentUrl\":\"https:\/\/secure.gravatar.com\/avatar\/9db1181c394bec9505d449c90a21b5363cc35ad9a76f60f11a304b23bb0e8dd4?s=96&d=mm&r=g\",\"caption\":\"hmolina\"},\"url\":\"https:\/\/riberasalud.com\/hospital-de-molina\/author\/hmolina\/\"}]}<\/script>\n<!-- \/ Yoast SEO plugin. -->","yoast_head_json":{"title":"#19a\u00f1osHospitaldeMolina \u00c9xito de p\u00fablico en la Jornada divulgativa del 19 aniversario del Hospital de Molina - Hospital de Molina","robots":{"index":"index","follow":"follow","max-snippet":"max-snippet:-1","max-image-preview":"max-image-preview:large","max-video-preview":"max-video-preview:-1"},"canonical":"https:\/\/riberasalud.com\/hospital-de-molina\/19anoshospitaldemolina-exito-de-publico-en-la-jornada-divulgativa-del-19-aniversario-del-hospital-de-molina\/","og_locale":"es_ES","og_type":"article","og_title":"#19a\u00f1osHospitaldeMolina \u00c9xito de p\u00fablico en la Jornada divulgativa del 19 aniversario del Hospital de Molina - Hospital de Molina","og_description":"30 mayo 2019.- Durante todo el d\u00eda de hoy, el Hospital de Molina ha celebrado su 19 aniversario con una jornada llena de actividades divulgativas de salud, que se ha celebrado en Museo Enclave de la Muralla \u2013 MUDEM, y que ha sido inaugurada por la Alcaldesa en funciones de Molina de Segura, Esther Clavero ... Leer m\u00e1s","og_url":"https:\/\/riberasalud.com\/hospital-de-molina\/19anoshospitaldemolina-exito-de-publico-en-la-jornada-divulgativa-del-19-aniversario-del-hospital-de-molina\/","og_site_name":"Hospital de Molina","article_published_time":"2019-05-28T18:27:45+00:00","article_modified_time":"2023-10-25T06:35:48+00:00","og_image":[{"url":"https:\/\/riberasalud.com\/hospital-de-molina\/wp-content\/uploads\/2020\/05\/19-05-2920-20HM20-201920AHM20-20Inauguracion20-20Foto3_1-1.jpg","type":"","width":"","height":""}],"author":"hmolina","twitter_card":"summary_large_image","twitter_misc":{"Escrito por":"hmolina","Tiempo de lectura":"3 minutos"},"schema":{"@context":"https:\/\/schema.org","@graph":[{"@type":"Article","@id":"https:\/\/riberasalud.com\/hospital-de-molina\/19anoshospitaldemolina-exito-de-publico-en-la-jornada-divulgativa-del-19-aniversario-del-hospital-de-molina\/#article","isPartOf":{"@id":"https:\/\/riberasalud.com\/hospital-de-molina\/19anoshospitaldemolina-exito-de-publico-en-la-jornada-divulgativa-del-19-aniversario-del-hospital-de-molina\/"},"author":{"name":"hmolina","@id":"https:\/\/riberasalud.com\/hospital-de-molina\/#\/schema\/person\/37d58effcbf02f32328940089f254419"},"headline":"#19a\u00f1osHospitaldeMolina \u00c9xito de p\u00fablico en la Jornada divulgativa del 19 aniversario del Hospital de Molina","datePublished":"2019-05-28T18:27:45+00:00","dateModified":"2023-10-25T06:35:48+00:00","mainEntityOfPage":{"@id":"https:\/\/riberasalud.com\/hospital-de-molina\/19anoshospitaldemolina-exito-de-publico-en-la-jornada-divulgativa-del-19-aniversario-del-hospital-de-molina\/"},"wordCount":595,"publisher":{"@id":"https:\/\/riberasalud.com\/hospital-de-molina\/#organization"},"image":{"@id":"https:\/\/riberasalud.com\/hospital-de-molina\/19anoshospitaldemolina-exito-de-publico-en-la-jornada-divulgativa-del-19-aniversario-del-hospital-de-molina\/#primaryimage"},"thumbnailUrl":"https:\/\/riberasalud.com\/hospital-de-molina\/wp-content\/uploads\/2020\/05\/19-05-2920-20HM20-201920AHM20-20Inauguracion20-20Foto3_1-1.jpg","articleSection":["Hemeroteca"],"inLanguage":"es"},{"@type":"WebPage","@id":"https:\/\/riberasalud.com\/hospital-de-molina\/19anoshospitaldemolina-exito-de-publico-en-la-jornada-divulgativa-del-19-aniversario-del-hospital-de-molina\/","url":"https:\/\/riberasalud.com\/hospital-de-molina\/19anoshospitaldemolina-exito-de-publico-en-la-jornada-divulgativa-del-19-aniversario-del-hospital-de-molina\/","name":"#19a\u00f1osHospitaldeMolina \u00c9xito de p\u00fablico en la Jornada divulgativa del 19 aniversario del Hospital de Molina - Hospital de Molina","isPartOf":{"@id":"https:\/\/riberasalud.com\/hospital-de-molina\/#website"},"primaryImageOfPage":{"@id":"https:\/\/riberasalud.com\/hospital-de-molina\/19anoshospitaldemolina-exito-de-publico-en-la-jornada-divulgativa-del-19-aniversario-del-hospital-de-molina\/#primaryimage"},"image":{"@id":"https:\/\/riberasalud.com\/hospital-de-molina\/19anoshospitaldemolina-exito-de-publico-en-la-jornada-divulgativa-del-19-aniversario-del-hospital-de-molina\/#primaryimage"},"thumbnailUrl":"https:\/\/riberasalud.com\/hospital-de-molina\/wp-content\/uploads\/2020\/05\/19-05-2920-20HM20-201920AHM20-20Inauguracion20-20Foto3_1-1.jpg","datePublished":"2019-05-28T18:27:45+00:00","dateModified":"2023-10-25T06:35:48+00:00","breadcrumb":{"@id":"https:\/\/riberasalud.com\/hospital-de-molina\/19anoshospitaldemolina-exito-de-publico-en-la-jornada-divulgativa-del-19-aniversario-del-hospital-de-molina\/#breadcrumb"},"inLanguage":"es","potentialAction":[{"@type":"ReadAction","target":["https:\/\/riberasalud.com\/hospital-de-molina\/19anoshospitaldemolina-exito-de-publico-en-la-jornada-divulgativa-del-19-aniversario-del-hospital-de-molina\/"]}]},{"@type":"ImageObject","inLanguage":"es","@id":"https:\/\/riberasalud.com\/hospital-de-molina\/19anoshospitaldemolina-exito-de-publico-en-la-jornada-divulgativa-del-19-aniversario-del-hospital-de-molina\/#primaryimage","url":"https:\/\/riberasalud.com\/hospital-de-molina\/wp-content\/uploads\/2020\/05\/19-05-2920-20HM20-201920AHM20-20Inauguracion20-20Foto3_1-1.jpg","contentUrl":"https:\/\/riberasalud.com\/hospital-de-molina\/wp-content\/uploads\/2020\/05\/19-05-2920-20HM20-201920AHM20-20Inauguracion20-20Foto3_1-1.jpg","width":1600,"height":1200},{"@type":"BreadcrumbList","@id":"https:\/\/riberasalud.com\/hospital-de-molina\/19anoshospitaldemolina-exito-de-publico-en-la-jornada-divulgativa-del-19-aniversario-del-hospital-de-molina\/#breadcrumb","itemListElement":[{"@type":"ListItem","position":1,"name":"Portada","item":"https:\/\/riberasalud.com\/hospital-de-molina\/"},{"@type":"ListItem","position":2,"name":"#19a\u00f1osHospitaldeMolina \u00c9xito de p\u00fablico en la Jornada divulgativa del 19 aniversario del Hospital de Molina"}]},{"@type":"WebSite","@id":"https:\/\/riberasalud.com\/hospital-de-molina\/#website","url":"https:\/\/riberasalud.com\/hospital-de-molina\/","name":"Hospital de Molina","description":"","publisher":{"@id":"https:\/\/riberasalud.com\/hospital-de-molina\/#organization"},"potentialAction":[{"@type":"SearchAction","target":{"@type":"EntryPoint","urlTemplate":"https:\/\/riberasalud.com\/hospital-de-molina\/?s={search_term_string}"},"query-input":{"@type":"PropertyValueSpecification","valueRequired":true,"valueName":"search_term_string"}}],"inLanguage":"es"},{"@type":"Organization","@id":"https:\/\/riberasalud.com\/hospital-de-molina\/#organization","name":"Hospital de Molina","url":"https:\/\/riberasalud.com\/hospital-de-molina\/","logo":{"@type":"ImageObject","inLanguage":"es","@id":"https:\/\/riberasalud.com\/hospital-de-molina\/#\/schema\/logo\/image\/","url":"https:\/\/riberasalud.com\/hospital-de-molina\/wp-content\/uploads\/2023\/01\/cropped-Logo-Red-DeMolina-bigtz7.png","contentUrl":"https:\/\/riberasalud.com\/hospital-de-molina\/wp-content\/uploads\/2023\/01\/cropped-Logo-Red-DeMolina-bigtz7.png","width":300,"height":72,"caption":"Hospital de Molina"},"image":{"@id":"https:\/\/riberasalud.com\/hospital-de-molina\/#\/schema\/logo\/image\/"}},{"@type":"Person","@id":"https:\/\/riberasalud.com\/hospital-de-molina\/#\/schema\/person\/37d58effcbf02f32328940089f254419","name":"hmolina","image":{"@type":"ImageObject","inLanguage":"es","@id":"https:\/\/riberasalud.com\/hospital-de-molina\/#\/schema\/person\/image\/","url":"https:\/\/secure.gravatar.com\/avatar\/9db1181c394bec9505d449c90a21b5363cc35ad9a76f60f11a304b23bb0e8dd4?s=96&d=mm&r=g","contentUrl":"https:\/\/secure.gravatar.com\/avatar\/9db1181c394bec9505d449c90a21b5363cc35ad9a76f60f11a304b23bb0e8dd4?s=96&d=mm&r=g","caption":"hmolina"},"url":"https:\/\/riberasalud.com\/hospital-de-molina\/author\/hmolina\/"}]}},"uagb_featured_image_src":{"full":false,"thumbnail":false,"medium":false,"medium_large":false,"large":false,"1536x1536":false,"2048x2048":false},"uagb_author_info":{"display_name":"hmolina","author_link":"https:\/\/riberasalud.com\/hospital-de-molina\/author\/hmolina\/"},"uagb_comment_info":0,"uagb_excerpt":"30 mayo 2019.- Durante todo el d\u00eda de hoy, el Hospital de Molina ha celebrado su 19 aniversario con una jornada llena de actividades divulgativas de salud, que se ha celebrado en Museo Enclave de la Muralla \u2013 MUDEM, y que ha sido inaugurada por la Alcaldesa en funciones de Molina de Segura, Esther Clavero&hellip;","_links":{"self":[{"href":"https:\/\/riberasalud.com\/hospital-de-molina\/wp-json\/wp\/v2\/posts\/1870","targetHints":{"allow":["GET"]}}],"collection":[{"href":"https:\/\/riberasalud.com\/hospital-de-molina\/wp-json\/wp\/v2\/posts"}],"about":[{"href":"https:\/\/riberasalud.com\/hospital-de-molina\/wp-json\/wp\/v2\/types\/post"}],"author":[{"embeddable":true,"href":"https:\/\/riberasalud.com\/hospital-de-molina\/wp-json\/wp\/v2\/users\/3"}],"replies":[{"embeddable":true,"href":"https:\/\/riberasalud.com\/hospital-de-molina\/wp-json\/wp\/v2\/comments?post=1870"}],"version-history":[{"count":1,"href":"https:\/\/riberasalud.com\/hospital-de-molina\/wp-json\/wp\/v2\/posts\/1870\/revisions"}],"predecessor-version":[{"id":8189,"href":"https:\/\/riberasalud.com\/hospital-de-molina\/wp-json\/wp\/v2\/posts\/1870\/revisions\/8189"}],"wp:attachment":[{"href":"https:\/\/riberasalud.com\/hospital-de-molina\/wp-json\/wp\/v2\/media?parent=1870"}],"wp:term":[{"taxonomy":"category","embeddable":true,"href":"https:\/\/riberasalud.com\/hospital-de-molina\/wp-json\/wp\/v2\/categories?post=1870"},{"taxonomy":"post_tag","embeddable":true,"href":"https:\/\/riberasalud.com\/hospital-de-molina\/wp-json\/wp\/v2\/tags?post=1870"}],"curies":[{"name":"wp","href":"https:\/\/api.w.org\/{rel}","templated":true}]}}