{"id":1864,"date":"2019-09-03T17:31:19","date_gmt":"2019-09-03T15:31:19","guid":{"rendered":"https:\/\/www.hospitaldemolina.es\/el-hospital-de-molina-y-ayuntamiento-de-molina-alianza-publico-privada-a-traves-del-mecenazgo\/"},"modified":"2023-10-25T06:34:29","modified_gmt":"2023-10-25T06:34:29","slug":"el-hospital-de-molina-y-ayuntamiento-de-molina-alianza-publico-privada-a-traves-del-mecenazgo","status":"publish","type":"post","link":"https:\/\/riberasalud.com\/hospital-de-molina\/el-hospital-de-molina-y-ayuntamiento-de-molina-alianza-publico-privada-a-traves-del-mecenazgo\/","title":{"rendered":"El Hospital de Molina y Ayuntamiento de Molina: alianza p\u00fablico-privada a trav\u00e9s del mecenazgo"},"content":{"rendered":"<p class=\"rtecenter\"><a class=\"colorbox colorbox-insert-image\" href=\"https:\/\/hospitaldemolina.es\/hospital\/sites\/default\/files\/Convenios%20patrocinio%20entre%20Ayto.%20Molina%20y%20entidades%20privadas%20para%2050%C2%BA%20Festival%20Teatro%202019-Firma-Foto2.JPG\"> <\/a><strong><a href=\"https:\/\/twitter.com\/hashtag\/ODS17?src=hashtag_click\">#ODS17<\/a> <a href=\"https:\/\/twitter.com\/hashtag\/Agenda2030?src=hashtag_click\">#Agenda2030<\/a><\/strong><\/p>\n<p class=\"rtecenter\"><strong>50 Festival Internacional de Teatro de Molina de Segura<\/strong><\/p>\n<p class=\"rtejustify\"><strong>4 septiembre 2019.-<\/strong> El <strong>Hospital de Molina<\/strong> apoyar\u00e1 la celebraci\u00f3n del <strong>50 Festival Internacional de Teatro de Molina de Segura<\/strong> (12-29 de septiembre, Teatro Villa de Molina y Molina de Segura), con el doble objetivo de fomentar la cultura entre la ciudadan\u00eda y contribuir a la proyecci\u00f3n del municipio de Molina de Segura.<\/p>\n<p class=\"rtecenter\"><img decoding=\"async\" src=\"https:\/\/riberasalud.com\/hospital-de-molina\/wp-content\/uploads\/2020\/05\/19-09-0420-20HM20-20Firma20Convenio20Festival20Teatro20MS20-20Foto3.jpg\" style=\"height:140px; width: auto;\"> <img decoding=\"async\" src=\"https:\/\/riberasalud.com\/hospital-de-molina\/wp-content\/uploads\/2020\/05\/19-09-0420-20HM20-20Firma20Convenio20Festival20Teatro20MS20-20Foto1.jpg\" style=\"height:140px; width: auto;\"> <img decoding=\"async\" src=\"https:\/\/hospitaldemolina.es\/wp-content\/uploads\/2020\/05\/Convenios20patrocinio20entre20Ayto.20Molina20y20entidades20privadas20para2050C2BA20Festival20Teatro202019-Firma-Foto2.jpg\" style=\"height:140px; width: auto;\"><\/p>\n<p>En este sentido, el <strong>Gerente del Centro Hospitalario, Pedro Hern\u00e1ndez Jim\u00e9nez, y la Alcaldesa del municipio, Esther Clavero Mira<\/strong>, han firmado un <strong>Convenio de patrocinio y mecenazgo<\/strong>, celebrado esta ma\u00f1ana en el Consistorio, en el marco de un acto conjunto de firma con las empresas colaboradoras con el Festival Internacional de Teatro.<\/p>\n<p><strong>Hern\u00e1ndez Jim\u00e9nez <\/strong>ha destacado que \u00abpara nuestro hospital, participar en este convenio no es un tema marginal dentro de la pol\u00edtica de RSC de nuestro centro, sino que desde la perspectiva sanitaria el teatro contribuye a la salud y al bienestar del espectador; as\u00ed, la comedia provoca liberaci\u00f3n de endorfinas en nuestro organismo produciendo con la sonrisa y la alegr\u00eda, contribuyendo al bienestar del espectador y por lo tanto mejorando su salud. En el caso del drama y la tragedia, se liberan catecolaminas, adrenalina principalmente, que nos mantiene activos, en alerta y que nos ayudan a estar preparados para las situaciones dif\u00edciles de la vida; por tanto, tambi\u00e9n, como en el caso de la comedia, la tragedia y el drama contribuyen a nuestro bienestar y a mejorar nuestra salud ps\u00edquica. En definitiva, la Dramaturgia es Taumat\u00fargica. El teatro ayuda a nuestra curaci\u00f3n, a nuestra salud\u00bb. Adem\u00e1s, ha recordado que \u00abuno de nuestros objetivos prioritarios en el Hospital de Molina, es contribuir al desarrollo y la expansi\u00f3n de Molina de Segura, a trav\u00e9s de distintas acciones, como es la cultura. Por eso, dada la relevancia medi\u00e1tica y de impacto que para la ciudad tiene el Festival Internacional de Teatro, aportamos nuestro granito de arena para favorecer el nombre, la marca y la imagen de Molina de Segura\u201d.<\/p>\n<p>El Gerente del Hospital de Molina ha se\u00f1alado tambi\u00e9n que, cumpliendo con Agenda 2030 de Naciones Unidas, el apoyo al 50 Festival Internacional de Teatro de Molina de Segura es un paso m\u00e1s del Centro Hospitalario para contribuir a conseguir los Objetivos de Desarrollo Sostenible. En concreto, el ODS 17: alianzas p\u00fablico-privadas a trav\u00e9s del mecenazgo.<\/p>\n<p>La firma de este Convenio se suma a las diferentes acciones de Responsabilidad Social Corporativa (RSC) que realiza el Hospital de Molina para fomentar la cultura, en el marco de su Programa de Acci\u00f3n Social, y para favorecer el desarrollo del municipio al que pertenece.<\/p>\n<p>Enlaces Relacionados:<\/p>\n<p><a href=\"https:\/\/teatromolina.es\/\">50 Festival Internacional de Teatro Molina de Segura<\/a><\/p>\n","protected":false},"excerpt":{"rendered":"<p>#ODS17 #Agenda2030 50 Festival Internacional de Teatro de Molina de Segura 4 septiembre 2019.- El Hospital de Molina apoyar\u00e1 la celebraci\u00f3n del 50 Festival Internacional de Teatro de Molina de Segura (12-29 de septiembre, Teatro Villa de Molina y Molina de Segura), con el doble objetivo de fomentar la cultura entre la ciudadan\u00eda y contribuir &#8230; <a title=\"El Hospital de Molina y Ayuntamiento de Molina: alianza p\u00fablico-privada a trav\u00e9s del mecenazgo\" class=\"read-more\" href=\"https:\/\/riberasalud.com\/hospital-de-molina\/el-hospital-de-molina-y-ayuntamiento-de-molina-alianza-publico-privada-a-traves-del-mecenazgo\/\" aria-label=\"Leer m\u00e1s sobre El Hospital de Molina y Ayuntamiento de Molina: alianza p\u00fablico-privada a trav\u00e9s del mecenazgo\">Leer m\u00e1s<\/a><\/p>\n","protected":false},"author":3,"featured_media":0,"comment_status":"closed","ping_status":"open","sticky":false,"template":"","format":"standard","meta":{"_uag_custom_page_level_css":"","_mi_skip_tracking":false,"footnotes":""},"categories":[7],"tags":[],"class_list":["post-1864","post","type-post","status-publish","format-standard","hentry","category-hemeroteca"],"yoast_head":"<!-- This site is optimized with the Yoast SEO plugin v26.6 - https:\/\/yoast.com\/wordpress\/plugins\/seo\/ -->\n<title>El Hospital de Molina y Ayuntamiento de Molina: alianza p\u00fablico-privada a trav\u00e9s del mecenazgo - Hospital de Molina<\/title>\n<meta name=\"robots\" content=\"index, follow, max-snippet:-1, max-image-preview:large, max-video-preview:-1\" \/>\n<link rel=\"canonical\" href=\"https:\/\/riberasalud.com\/hospital-de-molina\/el-hospital-de-molina-y-ayuntamiento-de-molina-alianza-publico-privada-a-traves-del-mecenazgo\/\" \/>\n<meta property=\"og:locale\" content=\"es_ES\" \/>\n<meta property=\"og:type\" content=\"article\" \/>\n<meta property=\"og:title\" content=\"El Hospital de Molina y Ayuntamiento de Molina: alianza p\u00fablico-privada a trav\u00e9s del mecenazgo - Hospital de Molina\" \/>\n<meta property=\"og:description\" content=\"#ODS17 #Agenda2030 50 Festival Internacional de Teatro de Molina de Segura 4 septiembre 2019.- El Hospital de Molina apoyar\u00e1 la celebraci\u00f3n del 50 Festival Internacional de Teatro de Molina de Segura (12-29 de septiembre, Teatro Villa de Molina y Molina de Segura), con el doble objetivo de fomentar la cultura entre la ciudadan\u00eda y contribuir ... Leer m\u00e1s\" \/>\n<meta property=\"og:url\" content=\"https:\/\/riberasalud.com\/hospital-de-molina\/el-hospital-de-molina-y-ayuntamiento-de-molina-alianza-publico-privada-a-traves-del-mecenazgo\/\" \/>\n<meta property=\"og:site_name\" content=\"Hospital de Molina\" \/>\n<meta property=\"article:published_time\" content=\"2019-09-03T15:31:19+00:00\" \/>\n<meta property=\"article:modified_time\" content=\"2023-10-25T06:34:29+00:00\" \/>\n<meta property=\"og:image\" content=\"https:\/\/riberasalud.com\/hospital-de-molina\/wp-content\/uploads\/2020\/05\/19-09-0420-20HM20-20Firma20Convenio20Festival20Teatro20MS20-20Foto3.jpg\" \/>\n<meta name=\"author\" content=\"hmolina\" \/>\n<meta name=\"twitter:card\" content=\"summary_large_image\" \/>\n<meta name=\"twitter:label1\" content=\"Escrito por\" \/>\n\t<meta name=\"twitter:data1\" content=\"hmolina\" \/>\n\t<meta name=\"twitter:label2\" content=\"Tiempo de lectura\" \/>\n\t<meta name=\"twitter:data2\" content=\"2 minutos\" \/>\n<script type=\"application\/ld+json\" class=\"yoast-schema-graph\">{\"@context\":\"https:\/\/schema.org\",\"@graph\":[{\"@type\":\"Article\",\"@id\":\"https:\/\/riberasalud.com\/hospital-de-molina\/el-hospital-de-molina-y-ayuntamiento-de-molina-alianza-publico-privada-a-traves-del-mecenazgo\/#article\",\"isPartOf\":{\"@id\":\"https:\/\/riberasalud.com\/hospital-de-molina\/el-hospital-de-molina-y-ayuntamiento-de-molina-alianza-publico-privada-a-traves-del-mecenazgo\/\"},\"author\":{\"name\":\"hmolina\",\"@id\":\"https:\/\/riberasalud.com\/hospital-de-molina\/#\/schema\/person\/37d58effcbf02f32328940089f254419\"},\"headline\":\"El Hospital de Molina y Ayuntamiento de Molina: alianza p\u00fablico-privada a trav\u00e9s del mecenazgo\",\"datePublished\":\"2019-09-03T15:31:19+00:00\",\"dateModified\":\"2023-10-25T06:34:29+00:00\",\"mainEntityOfPage\":{\"@id\":\"https:\/\/riberasalud.com\/hospital-de-molina\/el-hospital-de-molina-y-ayuntamiento-de-molina-alianza-publico-privada-a-traves-del-mecenazgo\/\"},\"wordCount\":478,\"publisher\":{\"@id\":\"https:\/\/riberasalud.com\/hospital-de-molina\/#organization\"},\"image\":{\"@id\":\"https:\/\/riberasalud.com\/hospital-de-molina\/el-hospital-de-molina-y-ayuntamiento-de-molina-alianza-publico-privada-a-traves-del-mecenazgo\/#primaryimage\"},\"thumbnailUrl\":\"https:\/\/riberasalud.com\/hospital-de-molina\/wp-content\/uploads\/2020\/05\/19-09-0420-20HM20-20Firma20Convenio20Festival20Teatro20MS20-20Foto3.jpg\",\"articleSection\":[\"Hemeroteca\"],\"inLanguage\":\"es\"},{\"@type\":\"WebPage\",\"@id\":\"https:\/\/riberasalud.com\/hospital-de-molina\/el-hospital-de-molina-y-ayuntamiento-de-molina-alianza-publico-privada-a-traves-del-mecenazgo\/\",\"url\":\"https:\/\/riberasalud.com\/hospital-de-molina\/el-hospital-de-molina-y-ayuntamiento-de-molina-alianza-publico-privada-a-traves-del-mecenazgo\/\",\"name\":\"El Hospital de Molina y Ayuntamiento de Molina: alianza p\u00fablico-privada a trav\u00e9s del mecenazgo - Hospital de Molina\",\"isPartOf\":{\"@id\":\"https:\/\/riberasalud.com\/hospital-de-molina\/#website\"},\"primaryImageOfPage\":{\"@id\":\"https:\/\/riberasalud.com\/hospital-de-molina\/el-hospital-de-molina-y-ayuntamiento-de-molina-alianza-publico-privada-a-traves-del-mecenazgo\/#primaryimage\"},\"image\":{\"@id\":\"https:\/\/riberasalud.com\/hospital-de-molina\/el-hospital-de-molina-y-ayuntamiento-de-molina-alianza-publico-privada-a-traves-del-mecenazgo\/#primaryimage\"},\"thumbnailUrl\":\"https:\/\/riberasalud.com\/hospital-de-molina\/wp-content\/uploads\/2020\/05\/19-09-0420-20HM20-20Firma20Convenio20Festival20Teatro20MS20-20Foto3.jpg\",\"datePublished\":\"2019-09-03T15:31:19+00:00\",\"dateModified\":\"2023-10-25T06:34:29+00:00\",\"breadcrumb\":{\"@id\":\"https:\/\/riberasalud.com\/hospital-de-molina\/el-hospital-de-molina-y-ayuntamiento-de-molina-alianza-publico-privada-a-traves-del-mecenazgo\/#breadcrumb\"},\"inLanguage\":\"es\",\"potentialAction\":[{\"@type\":\"ReadAction\",\"target\":[\"https:\/\/riberasalud.com\/hospital-de-molina\/el-hospital-de-molina-y-ayuntamiento-de-molina-alianza-publico-privada-a-traves-del-mecenazgo\/\"]}]},{\"@type\":\"ImageObject\",\"inLanguage\":\"es\",\"@id\":\"https:\/\/riberasalud.com\/hospital-de-molina\/el-hospital-de-molina-y-ayuntamiento-de-molina-alianza-publico-privada-a-traves-del-mecenazgo\/#primaryimage\",\"url\":\"https:\/\/riberasalud.com\/hospital-de-molina\/wp-content\/uploads\/2020\/05\/19-09-0420-20HM20-20Firma20Convenio20Festival20Teatro20MS20-20Foto3.jpg\",\"contentUrl\":\"https:\/\/riberasalud.com\/hospital-de-molina\/wp-content\/uploads\/2020\/05\/19-09-0420-20HM20-20Firma20Convenio20Festival20Teatro20MS20-20Foto3.jpg\",\"width\":1024,\"height\":768},{\"@type\":\"BreadcrumbList\",\"@id\":\"https:\/\/riberasalud.com\/hospital-de-molina\/el-hospital-de-molina-y-ayuntamiento-de-molina-alianza-publico-privada-a-traves-del-mecenazgo\/#breadcrumb\",\"itemListElement\":[{\"@type\":\"ListItem\",\"position\":1,\"name\":\"Portada\",\"item\":\"https:\/\/riberasalud.com\/hospital-de-molina\/\"},{\"@type\":\"ListItem\",\"position\":2,\"name\":\"El Hospital de Molina y Ayuntamiento de Molina: alianza p\u00fablico-privada a trav\u00e9s del mecenazgo\"}]},{\"@type\":\"WebSite\",\"@id\":\"https:\/\/riberasalud.com\/hospital-de-molina\/#website\",\"url\":\"https:\/\/riberasalud.com\/hospital-de-molina\/\",\"name\":\"Hospital de Molina\",\"description\":\"\",\"publisher\":{\"@id\":\"https:\/\/riberasalud.com\/hospital-de-molina\/#organization\"},\"potentialAction\":[{\"@type\":\"SearchAction\",\"target\":{\"@type\":\"EntryPoint\",\"urlTemplate\":\"https:\/\/riberasalud.com\/hospital-de-molina\/?s={search_term_string}\"},\"query-input\":{\"@type\":\"PropertyValueSpecification\",\"valueRequired\":true,\"valueName\":\"search_term_string\"}}],\"inLanguage\":\"es\"},{\"@type\":\"Organization\",\"@id\":\"https:\/\/riberasalud.com\/hospital-de-molina\/#organization\",\"name\":\"Hospital de Molina\",\"url\":\"https:\/\/riberasalud.com\/hospital-de-molina\/\",\"logo\":{\"@type\":\"ImageObject\",\"inLanguage\":\"es\",\"@id\":\"https:\/\/riberasalud.com\/hospital-de-molina\/#\/schema\/logo\/image\/\",\"url\":\"https:\/\/riberasalud.com\/hospital-de-molina\/wp-content\/uploads\/2023\/01\/cropped-Logo-Red-DeMolina-bigtz7.png\",\"contentUrl\":\"https:\/\/riberasalud.com\/hospital-de-molina\/wp-content\/uploads\/2023\/01\/cropped-Logo-Red-DeMolina-bigtz7.png\",\"width\":300,\"height\":72,\"caption\":\"Hospital de Molina\"},\"image\":{\"@id\":\"https:\/\/riberasalud.com\/hospital-de-molina\/#\/schema\/logo\/image\/\"}},{\"@type\":\"Person\",\"@id\":\"https:\/\/riberasalud.com\/hospital-de-molina\/#\/schema\/person\/37d58effcbf02f32328940089f254419\",\"name\":\"hmolina\",\"image\":{\"@type\":\"ImageObject\",\"inLanguage\":\"es\",\"@id\":\"https:\/\/riberasalud.com\/hospital-de-molina\/#\/schema\/person\/image\/\",\"url\":\"https:\/\/secure.gravatar.com\/avatar\/9db1181c394bec9505d449c90a21b5363cc35ad9a76f60f11a304b23bb0e8dd4?s=96&d=mm&r=g\",\"contentUrl\":\"https:\/\/secure.gravatar.com\/avatar\/9db1181c394bec9505d449c90a21b5363cc35ad9a76f60f11a304b23bb0e8dd4?s=96&d=mm&r=g\",\"caption\":\"hmolina\"},\"url\":\"https:\/\/riberasalud.com\/hospital-de-molina\/author\/hmolina\/\"}]}<\/script>\n<!-- \/ Yoast SEO plugin. -->","yoast_head_json":{"title":"El Hospital de Molina y Ayuntamiento de Molina: alianza p\u00fablico-privada a trav\u00e9s del mecenazgo - Hospital de Molina","robots":{"index":"index","follow":"follow","max-snippet":"max-snippet:-1","max-image-preview":"max-image-preview:large","max-video-preview":"max-video-preview:-1"},"canonical":"https:\/\/riberasalud.com\/hospital-de-molina\/el-hospital-de-molina-y-ayuntamiento-de-molina-alianza-publico-privada-a-traves-del-mecenazgo\/","og_locale":"es_ES","og_type":"article","og_title":"El Hospital de Molina y Ayuntamiento de Molina: alianza p\u00fablico-privada a trav\u00e9s del mecenazgo - Hospital de Molina","og_description":"#ODS17 #Agenda2030 50 Festival Internacional de Teatro de Molina de Segura 4 septiembre 2019.- El Hospital de Molina apoyar\u00e1 la celebraci\u00f3n del 50 Festival Internacional de Teatro de Molina de Segura (12-29 de septiembre, Teatro Villa de Molina y Molina de Segura), con el doble objetivo de fomentar la cultura entre la ciudadan\u00eda y contribuir ... Leer m\u00e1s","og_url":"https:\/\/riberasalud.com\/hospital-de-molina\/el-hospital-de-molina-y-ayuntamiento-de-molina-alianza-publico-privada-a-traves-del-mecenazgo\/","og_site_name":"Hospital de Molina","article_published_time":"2019-09-03T15:31:19+00:00","article_modified_time":"2023-10-25T06:34:29+00:00","og_image":[{"url":"https:\/\/riberasalud.com\/hospital-de-molina\/wp-content\/uploads\/2020\/05\/19-09-0420-20HM20-20Firma20Convenio20Festival20Teatro20MS20-20Foto3.jpg","type":"","width":"","height":""}],"author":"hmolina","twitter_card":"summary_large_image","twitter_misc":{"Escrito por":"hmolina","Tiempo de lectura":"2 minutos"},"schema":{"@context":"https:\/\/schema.org","@graph":[{"@type":"Article","@id":"https:\/\/riberasalud.com\/hospital-de-molina\/el-hospital-de-molina-y-ayuntamiento-de-molina-alianza-publico-privada-a-traves-del-mecenazgo\/#article","isPartOf":{"@id":"https:\/\/riberasalud.com\/hospital-de-molina\/el-hospital-de-molina-y-ayuntamiento-de-molina-alianza-publico-privada-a-traves-del-mecenazgo\/"},"author":{"name":"hmolina","@id":"https:\/\/riberasalud.com\/hospital-de-molina\/#\/schema\/person\/37d58effcbf02f32328940089f254419"},"headline":"El Hospital de Molina y Ayuntamiento de Molina: alianza p\u00fablico-privada a trav\u00e9s del mecenazgo","datePublished":"2019-09-03T15:31:19+00:00","dateModified":"2023-10-25T06:34:29+00:00","mainEntityOfPage":{"@id":"https:\/\/riberasalud.com\/hospital-de-molina\/el-hospital-de-molina-y-ayuntamiento-de-molina-alianza-publico-privada-a-traves-del-mecenazgo\/"},"wordCount":478,"publisher":{"@id":"https:\/\/riberasalud.com\/hospital-de-molina\/#organization"},"image":{"@id":"https:\/\/riberasalud.com\/hospital-de-molina\/el-hospital-de-molina-y-ayuntamiento-de-molina-alianza-publico-privada-a-traves-del-mecenazgo\/#primaryimage"},"thumbnailUrl":"https:\/\/riberasalud.com\/hospital-de-molina\/wp-content\/uploads\/2020\/05\/19-09-0420-20HM20-20Firma20Convenio20Festival20Teatro20MS20-20Foto3.jpg","articleSection":["Hemeroteca"],"inLanguage":"es"},{"@type":"WebPage","@id":"https:\/\/riberasalud.com\/hospital-de-molina\/el-hospital-de-molina-y-ayuntamiento-de-molina-alianza-publico-privada-a-traves-del-mecenazgo\/","url":"https:\/\/riberasalud.com\/hospital-de-molina\/el-hospital-de-molina-y-ayuntamiento-de-molina-alianza-publico-privada-a-traves-del-mecenazgo\/","name":"El Hospital de Molina y Ayuntamiento de Molina: alianza p\u00fablico-privada a trav\u00e9s del mecenazgo - Hospital de Molina","isPartOf":{"@id":"https:\/\/riberasalud.com\/hospital-de-molina\/#website"},"primaryImageOfPage":{"@id":"https:\/\/riberasalud.com\/hospital-de-molina\/el-hospital-de-molina-y-ayuntamiento-de-molina-alianza-publico-privada-a-traves-del-mecenazgo\/#primaryimage"},"image":{"@id":"https:\/\/riberasalud.com\/hospital-de-molina\/el-hospital-de-molina-y-ayuntamiento-de-molina-alianza-publico-privada-a-traves-del-mecenazgo\/#primaryimage"},"thumbnailUrl":"https:\/\/riberasalud.com\/hospital-de-molina\/wp-content\/uploads\/2020\/05\/19-09-0420-20HM20-20Firma20Convenio20Festival20Teatro20MS20-20Foto3.jpg","datePublished":"2019-09-03T15:31:19+00:00","dateModified":"2023-10-25T06:34:29+00:00","breadcrumb":{"@id":"https:\/\/riberasalud.com\/hospital-de-molina\/el-hospital-de-molina-y-ayuntamiento-de-molina-alianza-publico-privada-a-traves-del-mecenazgo\/#breadcrumb"},"inLanguage":"es","potentialAction":[{"@type":"ReadAction","target":["https:\/\/riberasalud.com\/hospital-de-molina\/el-hospital-de-molina-y-ayuntamiento-de-molina-alianza-publico-privada-a-traves-del-mecenazgo\/"]}]},{"@type":"ImageObject","inLanguage":"es","@id":"https:\/\/riberasalud.com\/hospital-de-molina\/el-hospital-de-molina-y-ayuntamiento-de-molina-alianza-publico-privada-a-traves-del-mecenazgo\/#primaryimage","url":"https:\/\/riberasalud.com\/hospital-de-molina\/wp-content\/uploads\/2020\/05\/19-09-0420-20HM20-20Firma20Convenio20Festival20Teatro20MS20-20Foto3.jpg","contentUrl":"https:\/\/riberasalud.com\/hospital-de-molina\/wp-content\/uploads\/2020\/05\/19-09-0420-20HM20-20Firma20Convenio20Festival20Teatro20MS20-20Foto3.jpg","width":1024,"height":768},{"@type":"BreadcrumbList","@id":"https:\/\/riberasalud.com\/hospital-de-molina\/el-hospital-de-molina-y-ayuntamiento-de-molina-alianza-publico-privada-a-traves-del-mecenazgo\/#breadcrumb","itemListElement":[{"@type":"ListItem","position":1,"name":"Portada","item":"https:\/\/riberasalud.com\/hospital-de-molina\/"},{"@type":"ListItem","position":2,"name":"El Hospital de Molina y Ayuntamiento de Molina: alianza p\u00fablico-privada a trav\u00e9s del mecenazgo"}]},{"@type":"WebSite","@id":"https:\/\/riberasalud.com\/hospital-de-molina\/#website","url":"https:\/\/riberasalud.com\/hospital-de-molina\/","name":"Hospital de Molina","description":"","publisher":{"@id":"https:\/\/riberasalud.com\/hospital-de-molina\/#organization"},"potentialAction":[{"@type":"SearchAction","target":{"@type":"EntryPoint","urlTemplate":"https:\/\/riberasalud.com\/hospital-de-molina\/?s={search_term_string}"},"query-input":{"@type":"PropertyValueSpecification","valueRequired":true,"valueName":"search_term_string"}}],"inLanguage":"es"},{"@type":"Organization","@id":"https:\/\/riberasalud.com\/hospital-de-molina\/#organization","name":"Hospital de Molina","url":"https:\/\/riberasalud.com\/hospital-de-molina\/","logo":{"@type":"ImageObject","inLanguage":"es","@id":"https:\/\/riberasalud.com\/hospital-de-molina\/#\/schema\/logo\/image\/","url":"https:\/\/riberasalud.com\/hospital-de-molina\/wp-content\/uploads\/2023\/01\/cropped-Logo-Red-DeMolina-bigtz7.png","contentUrl":"https:\/\/riberasalud.com\/hospital-de-molina\/wp-content\/uploads\/2023\/01\/cropped-Logo-Red-DeMolina-bigtz7.png","width":300,"height":72,"caption":"Hospital de Molina"},"image":{"@id":"https:\/\/riberasalud.com\/hospital-de-molina\/#\/schema\/logo\/image\/"}},{"@type":"Person","@id":"https:\/\/riberasalud.com\/hospital-de-molina\/#\/schema\/person\/37d58effcbf02f32328940089f254419","name":"hmolina","image":{"@type":"ImageObject","inLanguage":"es","@id":"https:\/\/riberasalud.com\/hospital-de-molina\/#\/schema\/person\/image\/","url":"https:\/\/secure.gravatar.com\/avatar\/9db1181c394bec9505d449c90a21b5363cc35ad9a76f60f11a304b23bb0e8dd4?s=96&d=mm&r=g","contentUrl":"https:\/\/secure.gravatar.com\/avatar\/9db1181c394bec9505d449c90a21b5363cc35ad9a76f60f11a304b23bb0e8dd4?s=96&d=mm&r=g","caption":"hmolina"},"url":"https:\/\/riberasalud.com\/hospital-de-molina\/author\/hmolina\/"}]}},"uagb_featured_image_src":{"full":false,"thumbnail":false,"medium":false,"medium_large":false,"large":false,"1536x1536":false,"2048x2048":false},"uagb_author_info":{"display_name":"hmolina","author_link":"https:\/\/riberasalud.com\/hospital-de-molina\/author\/hmolina\/"},"uagb_comment_info":0,"uagb_excerpt":"#ODS17 #Agenda2030 50 Festival Internacional de Teatro de Molina de Segura 4 septiembre 2019.- El Hospital de Molina apoyar\u00e1 la celebraci\u00f3n del 50 Festival Internacional de Teatro de Molina de Segura (12-29 de septiembre, Teatro Villa de Molina y Molina de Segura), con el doble objetivo de fomentar la cultura entre la ciudadan\u00eda y contribuir&hellip;","_links":{"self":[{"href":"https:\/\/riberasalud.com\/hospital-de-molina\/wp-json\/wp\/v2\/posts\/1864","targetHints":{"allow":["GET"]}}],"collection":[{"href":"https:\/\/riberasalud.com\/hospital-de-molina\/wp-json\/wp\/v2\/posts"}],"about":[{"href":"https:\/\/riberasalud.com\/hospital-de-molina\/wp-json\/wp\/v2\/types\/post"}],"author":[{"embeddable":true,"href":"https:\/\/riberasalud.com\/hospital-de-molina\/wp-json\/wp\/v2\/users\/3"}],"replies":[{"embeddable":true,"href":"https:\/\/riberasalud.com\/hospital-de-molina\/wp-json\/wp\/v2\/comments?post=1864"}],"version-history":[{"count":1,"href":"https:\/\/riberasalud.com\/hospital-de-molina\/wp-json\/wp\/v2\/posts\/1864\/revisions"}],"predecessor-version":[{"id":8177,"href":"https:\/\/riberasalud.com\/hospital-de-molina\/wp-json\/wp\/v2\/posts\/1864\/revisions\/8177"}],"wp:attachment":[{"href":"https:\/\/riberasalud.com\/hospital-de-molina\/wp-json\/wp\/v2\/media?parent=1864"}],"wp:term":[{"taxonomy":"category","embeddable":true,"href":"https:\/\/riberasalud.com\/hospital-de-molina\/wp-json\/wp\/v2\/categories?post=1864"},{"taxonomy":"post_tag","embeddable":true,"href":"https:\/\/riberasalud.com\/hospital-de-molina\/wp-json\/wp\/v2\/tags?post=1864"}],"curies":[{"name":"wp","href":"https:\/\/api.w.org\/{rel}","templated":true}]}}