{"id":1848,"date":"2020-01-20T11:11:35","date_gmt":"2020-01-20T10:11:35","guid":{"rendered":"https:\/\/www.hospitaldemolina.es\/vuelve-adosbandas-sanitarios-unidos-para-prevenir-el-exceso-de-peso-en-la-infancia-2\/"},"modified":"2023-10-25T06:34:25","modified_gmt":"2023-10-25T06:34:25","slug":"vuelve-adosbandas-sanitarios-unidos-para-prevenir-el-exceso-de-peso-en-la-infancia-2","status":"publish","type":"post","link":"https:\/\/riberasalud.com\/hospital-de-molina\/vuelve-adosbandas-sanitarios-unidos-para-prevenir-el-exceso-de-peso-en-la-infancia-2\/","title":{"rendered":"Vuelve #ADosBandas: sanitarios unidos para prevenir el exceso de peso en la infancia"},"content":{"rendered":"<p><strong>20 enero 2020.-<\/strong> El pr\u00f3ximo <strong>s\u00e1bado 25 de enero<\/strong>, a las <strong>11:30 horas<\/strong>, en el <strong>Mercado de Correos (Murcia)<\/strong>, tendr\u00e1 lugar una nueva edici\u00f3n del espect\u00e1culo teatral <strong>#ADosBandas<\/strong>, organizado por el <strong>Hospital de Molina y su dietista-nutricionista, Rebeca Pastor Valero &#8211;<\/strong> <strong>My Personal Food, <\/strong>con el que sanitarios unidos pretenden ayudar a prevenir el exceso de peso en la infancia.<\/p>\n<p class=\"rtecenter\"><img decoding=\"async\" src=\"https:\/\/riberasalud.com\/hospital-de-molina\/wp-content\/uploads\/2020\/05\/poster20web20fb20A20DOS20BANDAS202520enero202020.png\" style=\"height:140px; width: auto;\"><\/p>\n<p>\u201cCon este evento, pretendemos divulgar de una forma cercana, divertida y f\u00e1cil de entender cu\u00e1l es el escenario actual en cuanto a la alimentaci\u00f3n se refiere y cu\u00e1les son las opciones m\u00e1s saludables para las familias. Pediatras y dietistas-nutricionistas, ambos como sanitarios, estamos implicados en la alimentaci\u00f3n familiar, porque cuidar la alimentaci\u00f3n es b\u00e1sico para prevenir enfermedades desde peque\u00f1os. Estamos sembrando nuestro futuro\u201d, explica Pastor Valero.<\/p>\n<p>En este sentido, el Director-Gerente del Hospital de Molina, Pedro Hern\u00e1ndez Jim\u00e9nez, se\u00f1ala que \u201c#ADosBandas se enmarca dentro del Programa de Promoci\u00f3n y Divulgaci\u00f3n de la Salud que anualmente desarrollamos desde el Centro Hospitalario \u2013 en el marco de nuestra Responsabilidad Social Corporativa -, con el objetivo de ayudar a la ciudadan\u00eda a que incorpore la salud en su d\u00eda a d\u00eda, en aras a contribuir con un modelo sanitario centrado en la prevenci\u00f3n y en la promoci\u00f3n de h\u00e1bitos saludables. Entendemos la promoci\u00f3n de la salud como un instrumento imprescindible y una estrategia b\u00e1sica no s\u00f3lo para responder a los problemas y situaciones de salud, sino tambi\u00e9n para obtener una buena calidad de vida de la ciudadan\u00eda\u201d.<\/p>\n<p>Dirigido a todas las familias para divulgar la importancia de mejorar la alimentaci\u00f3n y, por tanto, mejorar la salud de todos, <strong>#ADosBandas <\/strong>reunir\u00e1 el pr\u00f3ximo s\u00e1bado a:<\/p>\n<p>Rebeca Pastor, n\u00ba Col. MU00043 (<a href=\"http:\/\/www.mypersonalfood.es\/\">www.mypersonalfood.es<\/a>): Diplomada en Nutrici\u00f3n Humana y Diet\u00e9tica por la Universidad Cat\u00f3lica San Antonio de Murcia (UCAM) (2001). Licenciada en Ciencia y Tecnolog\u00eda de los Alimentos por la Universidad de Granada (2003). Actualmente, dietista-nutricionista del Hospital de Molina (Murcia).<br \/>\nDra. Matilde Zornoza, n\u00ba Col. 30\/07360-1 (<a href=\"http:\/\/www.pediatra2punto0.com\/\">www.pediatra2punto0.com<\/a>): Licenciada en Medicina y Cirug\u00eda por la Universidad de Murcia (2006), especializada v\u00eda MIR en Pediatr\u00eda en el Hospital Cl\u00ednico Universitario Virgen de la Arrixaca (Murcia). Actualmente, Pediatra en el Consultorio M\u00e9dico de Los Garres (Murcia).<\/p>\n<p>Las entradas se pueden conseguir a trav\u00e9s del correo: <a href=\"mailto:mypersonalfood@gmail.com\">mypersonalfood@gmail.com<\/a>.<\/p>\n<p>Enlaces Relacionados:<\/p>\n<p><a href=\"http:\/\/www.mypersonalfood.es\">My Personal Food<\/a><\/p>\n","protected":false},"excerpt":{"rendered":"<p>20 enero 2020.- El pr\u00f3ximo s\u00e1bado 25 de enero, a las 11:30 horas, en el Mercado de Correos (Murcia), tendr\u00e1 lugar una nueva edici\u00f3n del espect\u00e1culo teatral #ADosBandas, organizado por el Hospital de Molina y su dietista-nutricionista, Rebeca Pastor Valero &#8211; My Personal Food, con el que sanitarios unidos pretenden ayudar a prevenir el exceso &#8230; <a title=\"Vuelve #ADosBandas: sanitarios unidos para prevenir el exceso de peso en la infancia\" class=\"read-more\" href=\"https:\/\/riberasalud.com\/hospital-de-molina\/vuelve-adosbandas-sanitarios-unidos-para-prevenir-el-exceso-de-peso-en-la-infancia-2\/\" aria-label=\"Leer m\u00e1s sobre Vuelve #ADosBandas: sanitarios unidos para prevenir el exceso de peso en la infancia\">Leer m\u00e1s<\/a><\/p>\n","protected":false},"author":3,"featured_media":0,"comment_status":"closed","ping_status":"open","sticky":false,"template":"","format":"standard","meta":{"_uag_custom_page_level_css":"","_mi_skip_tracking":false,"footnotes":""},"categories":[7],"tags":[],"class_list":["post-1848","post","type-post","status-publish","format-standard","hentry","category-hemeroteca"],"yoast_head":"<!-- This site is optimized with the Yoast SEO plugin v26.6 - https:\/\/yoast.com\/wordpress\/plugins\/seo\/ -->\n<title>Vuelve #ADosBandas: sanitarios unidos para prevenir el exceso de peso en la infancia - Hospital de Molina<\/title>\n<meta name=\"robots\" content=\"index, follow, max-snippet:-1, max-image-preview:large, max-video-preview:-1\" \/>\n<link rel=\"canonical\" href=\"https:\/\/riberasalud.com\/hospital-de-molina\/vuelve-adosbandas-sanitarios-unidos-para-prevenir-el-exceso-de-peso-en-la-infancia-2\/\" \/>\n<meta property=\"og:locale\" content=\"es_ES\" \/>\n<meta property=\"og:type\" content=\"article\" \/>\n<meta property=\"og:title\" content=\"Vuelve #ADosBandas: sanitarios unidos para prevenir el exceso de peso en la infancia - Hospital de Molina\" \/>\n<meta property=\"og:description\" content=\"20 enero 2020.- El pr\u00f3ximo s\u00e1bado 25 de enero, a las 11:30 horas, en el Mercado de Correos (Murcia), tendr\u00e1 lugar una nueva edici\u00f3n del espect\u00e1culo teatral #ADosBandas, organizado por el Hospital de Molina y su dietista-nutricionista, Rebeca Pastor Valero &#8211; My Personal Food, con el que sanitarios unidos pretenden ayudar a prevenir el exceso ... Leer m\u00e1s\" \/>\n<meta property=\"og:url\" content=\"https:\/\/riberasalud.com\/hospital-de-molina\/vuelve-adosbandas-sanitarios-unidos-para-prevenir-el-exceso-de-peso-en-la-infancia-2\/\" \/>\n<meta property=\"og:site_name\" content=\"Hospital de Molina\" \/>\n<meta property=\"article:published_time\" content=\"2020-01-20T10:11:35+00:00\" \/>\n<meta property=\"article:modified_time\" content=\"2023-10-25T06:34:25+00:00\" \/>\n<meta property=\"og:image\" content=\"https:\/\/riberasalud.com\/hospital-de-molina\/wp-content\/uploads\/2020\/05\/poster20web20fb20A20DOS20BANDAS202520enero202020.png\" \/>\n<meta name=\"author\" content=\"hmolina\" \/>\n<meta name=\"twitter:card\" content=\"summary_large_image\" \/>\n<meta name=\"twitter:label1\" content=\"Escrito por\" \/>\n\t<meta name=\"twitter:data1\" content=\"hmolina\" \/>\n\t<meta name=\"twitter:label2\" content=\"Tiempo de lectura\" \/>\n\t<meta name=\"twitter:data2\" content=\"2 minutos\" \/>\n<script type=\"application\/ld+json\" class=\"yoast-schema-graph\">{\"@context\":\"https:\/\/schema.org\",\"@graph\":[{\"@type\":\"Article\",\"@id\":\"https:\/\/riberasalud.com\/hospital-de-molina\/vuelve-adosbandas-sanitarios-unidos-para-prevenir-el-exceso-de-peso-en-la-infancia-2\/#article\",\"isPartOf\":{\"@id\":\"https:\/\/riberasalud.com\/hospital-de-molina\/vuelve-adosbandas-sanitarios-unidos-para-prevenir-el-exceso-de-peso-en-la-infancia-2\/\"},\"author\":{\"name\":\"hmolina\",\"@id\":\"https:\/\/riberasalud.com\/hospital-de-molina\/#\/schema\/person\/37d58effcbf02f32328940089f254419\"},\"headline\":\"Vuelve #ADosBandas: sanitarios unidos para prevenir el exceso de peso en la infancia\",\"datePublished\":\"2020-01-20T10:11:35+00:00\",\"dateModified\":\"2023-10-25T06:34:25+00:00\",\"mainEntityOfPage\":{\"@id\":\"https:\/\/riberasalud.com\/hospital-de-molina\/vuelve-adosbandas-sanitarios-unidos-para-prevenir-el-exceso-de-peso-en-la-infancia-2\/\"},\"wordCount\":427,\"publisher\":{\"@id\":\"https:\/\/riberasalud.com\/hospital-de-molina\/#organization\"},\"image\":{\"@id\":\"https:\/\/riberasalud.com\/hospital-de-molina\/vuelve-adosbandas-sanitarios-unidos-para-prevenir-el-exceso-de-peso-en-la-infancia-2\/#primaryimage\"},\"thumbnailUrl\":\"https:\/\/riberasalud.com\/hospital-de-molina\/wp-content\/uploads\/2020\/05\/poster20web20fb20A20DOS20BANDAS202520enero202020.png\",\"articleSection\":[\"Hemeroteca\"],\"inLanguage\":\"es\"},{\"@type\":\"WebPage\",\"@id\":\"https:\/\/riberasalud.com\/hospital-de-molina\/vuelve-adosbandas-sanitarios-unidos-para-prevenir-el-exceso-de-peso-en-la-infancia-2\/\",\"url\":\"https:\/\/riberasalud.com\/hospital-de-molina\/vuelve-adosbandas-sanitarios-unidos-para-prevenir-el-exceso-de-peso-en-la-infancia-2\/\",\"name\":\"Vuelve #ADosBandas: sanitarios unidos para prevenir el exceso de peso en la infancia - Hospital de Molina\",\"isPartOf\":{\"@id\":\"https:\/\/riberasalud.com\/hospital-de-molina\/#website\"},\"primaryImageOfPage\":{\"@id\":\"https:\/\/riberasalud.com\/hospital-de-molina\/vuelve-adosbandas-sanitarios-unidos-para-prevenir-el-exceso-de-peso-en-la-infancia-2\/#primaryimage\"},\"image\":{\"@id\":\"https:\/\/riberasalud.com\/hospital-de-molina\/vuelve-adosbandas-sanitarios-unidos-para-prevenir-el-exceso-de-peso-en-la-infancia-2\/#primaryimage\"},\"thumbnailUrl\":\"https:\/\/riberasalud.com\/hospital-de-molina\/wp-content\/uploads\/2020\/05\/poster20web20fb20A20DOS20BANDAS202520enero202020.png\",\"datePublished\":\"2020-01-20T10:11:35+00:00\",\"dateModified\":\"2023-10-25T06:34:25+00:00\",\"breadcrumb\":{\"@id\":\"https:\/\/riberasalud.com\/hospital-de-molina\/vuelve-adosbandas-sanitarios-unidos-para-prevenir-el-exceso-de-peso-en-la-infancia-2\/#breadcrumb\"},\"inLanguage\":\"es\",\"potentialAction\":[{\"@type\":\"ReadAction\",\"target\":[\"https:\/\/riberasalud.com\/hospital-de-molina\/vuelve-adosbandas-sanitarios-unidos-para-prevenir-el-exceso-de-peso-en-la-infancia-2\/\"]}]},{\"@type\":\"ImageObject\",\"inLanguage\":\"es\",\"@id\":\"https:\/\/riberasalud.com\/hospital-de-molina\/vuelve-adosbandas-sanitarios-unidos-para-prevenir-el-exceso-de-peso-en-la-infancia-2\/#primaryimage\",\"url\":\"https:\/\/riberasalud.com\/hospital-de-molina\/wp-content\/uploads\/2020\/05\/poster20web20fb20A20DOS20BANDAS202520enero202020.png\",\"contentUrl\":\"https:\/\/riberasalud.com\/hospital-de-molina\/wp-content\/uploads\/2020\/05\/poster20web20fb20A20DOS20BANDAS202520enero202020.png\",\"width\":1414,\"height\":2000},{\"@type\":\"BreadcrumbList\",\"@id\":\"https:\/\/riberasalud.com\/hospital-de-molina\/vuelve-adosbandas-sanitarios-unidos-para-prevenir-el-exceso-de-peso-en-la-infancia-2\/#breadcrumb\",\"itemListElement\":[{\"@type\":\"ListItem\",\"position\":1,\"name\":\"Portada\",\"item\":\"https:\/\/riberasalud.com\/hospital-de-molina\/\"},{\"@type\":\"ListItem\",\"position\":2,\"name\":\"Vuelve #ADosBandas: sanitarios unidos para prevenir el exceso de peso en la infancia\"}]},{\"@type\":\"WebSite\",\"@id\":\"https:\/\/riberasalud.com\/hospital-de-molina\/#website\",\"url\":\"https:\/\/riberasalud.com\/hospital-de-molina\/\",\"name\":\"Hospital de Molina\",\"description\":\"\",\"publisher\":{\"@id\":\"https:\/\/riberasalud.com\/hospital-de-molina\/#organization\"},\"potentialAction\":[{\"@type\":\"SearchAction\",\"target\":{\"@type\":\"EntryPoint\",\"urlTemplate\":\"https:\/\/riberasalud.com\/hospital-de-molina\/?s={search_term_string}\"},\"query-input\":{\"@type\":\"PropertyValueSpecification\",\"valueRequired\":true,\"valueName\":\"search_term_string\"}}],\"inLanguage\":\"es\"},{\"@type\":\"Organization\",\"@id\":\"https:\/\/riberasalud.com\/hospital-de-molina\/#organization\",\"name\":\"Hospital de Molina\",\"url\":\"https:\/\/riberasalud.com\/hospital-de-molina\/\",\"logo\":{\"@type\":\"ImageObject\",\"inLanguage\":\"es\",\"@id\":\"https:\/\/riberasalud.com\/hospital-de-molina\/#\/schema\/logo\/image\/\",\"url\":\"https:\/\/riberasalud.com\/hospital-de-molina\/wp-content\/uploads\/2023\/01\/cropped-Logo-Red-DeMolina-bigtz7.png\",\"contentUrl\":\"https:\/\/riberasalud.com\/hospital-de-molina\/wp-content\/uploads\/2023\/01\/cropped-Logo-Red-DeMolina-bigtz7.png\",\"width\":300,\"height\":72,\"caption\":\"Hospital de Molina\"},\"image\":{\"@id\":\"https:\/\/riberasalud.com\/hospital-de-molina\/#\/schema\/logo\/image\/\"}},{\"@type\":\"Person\",\"@id\":\"https:\/\/riberasalud.com\/hospital-de-molina\/#\/schema\/person\/37d58effcbf02f32328940089f254419\",\"name\":\"hmolina\",\"image\":{\"@type\":\"ImageObject\",\"inLanguage\":\"es\",\"@id\":\"https:\/\/riberasalud.com\/hospital-de-molina\/#\/schema\/person\/image\/\",\"url\":\"https:\/\/secure.gravatar.com\/avatar\/9db1181c394bec9505d449c90a21b5363cc35ad9a76f60f11a304b23bb0e8dd4?s=96&d=mm&r=g\",\"contentUrl\":\"https:\/\/secure.gravatar.com\/avatar\/9db1181c394bec9505d449c90a21b5363cc35ad9a76f60f11a304b23bb0e8dd4?s=96&d=mm&r=g\",\"caption\":\"hmolina\"},\"url\":\"https:\/\/riberasalud.com\/hospital-de-molina\/author\/hmolina\/\"}]}<\/script>\n<!-- \/ Yoast SEO plugin. -->","yoast_head_json":{"title":"Vuelve #ADosBandas: sanitarios unidos para prevenir el exceso de peso en la infancia - Hospital de Molina","robots":{"index":"index","follow":"follow","max-snippet":"max-snippet:-1","max-image-preview":"max-image-preview:large","max-video-preview":"max-video-preview:-1"},"canonical":"https:\/\/riberasalud.com\/hospital-de-molina\/vuelve-adosbandas-sanitarios-unidos-para-prevenir-el-exceso-de-peso-en-la-infancia-2\/","og_locale":"es_ES","og_type":"article","og_title":"Vuelve #ADosBandas: sanitarios unidos para prevenir el exceso de peso en la infancia - Hospital de Molina","og_description":"20 enero 2020.- El pr\u00f3ximo s\u00e1bado 25 de enero, a las 11:30 horas, en el Mercado de Correos (Murcia), tendr\u00e1 lugar una nueva edici\u00f3n del espect\u00e1culo teatral #ADosBandas, organizado por el Hospital de Molina y su dietista-nutricionista, Rebeca Pastor Valero &#8211; My Personal Food, con el que sanitarios unidos pretenden ayudar a prevenir el exceso ... Leer m\u00e1s","og_url":"https:\/\/riberasalud.com\/hospital-de-molina\/vuelve-adosbandas-sanitarios-unidos-para-prevenir-el-exceso-de-peso-en-la-infancia-2\/","og_site_name":"Hospital de Molina","article_published_time":"2020-01-20T10:11:35+00:00","article_modified_time":"2023-10-25T06:34:25+00:00","og_image":[{"url":"https:\/\/riberasalud.com\/hospital-de-molina\/wp-content\/uploads\/2020\/05\/poster20web20fb20A20DOS20BANDAS202520enero202020.png","type":"","width":"","height":""}],"author":"hmolina","twitter_card":"summary_large_image","twitter_misc":{"Escrito por":"hmolina","Tiempo de lectura":"2 minutos"},"schema":{"@context":"https:\/\/schema.org","@graph":[{"@type":"Article","@id":"https:\/\/riberasalud.com\/hospital-de-molina\/vuelve-adosbandas-sanitarios-unidos-para-prevenir-el-exceso-de-peso-en-la-infancia-2\/#article","isPartOf":{"@id":"https:\/\/riberasalud.com\/hospital-de-molina\/vuelve-adosbandas-sanitarios-unidos-para-prevenir-el-exceso-de-peso-en-la-infancia-2\/"},"author":{"name":"hmolina","@id":"https:\/\/riberasalud.com\/hospital-de-molina\/#\/schema\/person\/37d58effcbf02f32328940089f254419"},"headline":"Vuelve #ADosBandas: sanitarios unidos para prevenir el exceso de peso en la infancia","datePublished":"2020-01-20T10:11:35+00:00","dateModified":"2023-10-25T06:34:25+00:00","mainEntityOfPage":{"@id":"https:\/\/riberasalud.com\/hospital-de-molina\/vuelve-adosbandas-sanitarios-unidos-para-prevenir-el-exceso-de-peso-en-la-infancia-2\/"},"wordCount":427,"publisher":{"@id":"https:\/\/riberasalud.com\/hospital-de-molina\/#organization"},"image":{"@id":"https:\/\/riberasalud.com\/hospital-de-molina\/vuelve-adosbandas-sanitarios-unidos-para-prevenir-el-exceso-de-peso-en-la-infancia-2\/#primaryimage"},"thumbnailUrl":"https:\/\/riberasalud.com\/hospital-de-molina\/wp-content\/uploads\/2020\/05\/poster20web20fb20A20DOS20BANDAS202520enero202020.png","articleSection":["Hemeroteca"],"inLanguage":"es"},{"@type":"WebPage","@id":"https:\/\/riberasalud.com\/hospital-de-molina\/vuelve-adosbandas-sanitarios-unidos-para-prevenir-el-exceso-de-peso-en-la-infancia-2\/","url":"https:\/\/riberasalud.com\/hospital-de-molina\/vuelve-adosbandas-sanitarios-unidos-para-prevenir-el-exceso-de-peso-en-la-infancia-2\/","name":"Vuelve #ADosBandas: sanitarios unidos para prevenir el exceso de peso en la infancia - Hospital de Molina","isPartOf":{"@id":"https:\/\/riberasalud.com\/hospital-de-molina\/#website"},"primaryImageOfPage":{"@id":"https:\/\/riberasalud.com\/hospital-de-molina\/vuelve-adosbandas-sanitarios-unidos-para-prevenir-el-exceso-de-peso-en-la-infancia-2\/#primaryimage"},"image":{"@id":"https:\/\/riberasalud.com\/hospital-de-molina\/vuelve-adosbandas-sanitarios-unidos-para-prevenir-el-exceso-de-peso-en-la-infancia-2\/#primaryimage"},"thumbnailUrl":"https:\/\/riberasalud.com\/hospital-de-molina\/wp-content\/uploads\/2020\/05\/poster20web20fb20A20DOS20BANDAS202520enero202020.png","datePublished":"2020-01-20T10:11:35+00:00","dateModified":"2023-10-25T06:34:25+00:00","breadcrumb":{"@id":"https:\/\/riberasalud.com\/hospital-de-molina\/vuelve-adosbandas-sanitarios-unidos-para-prevenir-el-exceso-de-peso-en-la-infancia-2\/#breadcrumb"},"inLanguage":"es","potentialAction":[{"@type":"ReadAction","target":["https:\/\/riberasalud.com\/hospital-de-molina\/vuelve-adosbandas-sanitarios-unidos-para-prevenir-el-exceso-de-peso-en-la-infancia-2\/"]}]},{"@type":"ImageObject","inLanguage":"es","@id":"https:\/\/riberasalud.com\/hospital-de-molina\/vuelve-adosbandas-sanitarios-unidos-para-prevenir-el-exceso-de-peso-en-la-infancia-2\/#primaryimage","url":"https:\/\/riberasalud.com\/hospital-de-molina\/wp-content\/uploads\/2020\/05\/poster20web20fb20A20DOS20BANDAS202520enero202020.png","contentUrl":"https:\/\/riberasalud.com\/hospital-de-molina\/wp-content\/uploads\/2020\/05\/poster20web20fb20A20DOS20BANDAS202520enero202020.png","width":1414,"height":2000},{"@type":"BreadcrumbList","@id":"https:\/\/riberasalud.com\/hospital-de-molina\/vuelve-adosbandas-sanitarios-unidos-para-prevenir-el-exceso-de-peso-en-la-infancia-2\/#breadcrumb","itemListElement":[{"@type":"ListItem","position":1,"name":"Portada","item":"https:\/\/riberasalud.com\/hospital-de-molina\/"},{"@type":"ListItem","position":2,"name":"Vuelve #ADosBandas: sanitarios unidos para prevenir el exceso de peso en la infancia"}]},{"@type":"WebSite","@id":"https:\/\/riberasalud.com\/hospital-de-molina\/#website","url":"https:\/\/riberasalud.com\/hospital-de-molina\/","name":"Hospital de Molina","description":"","publisher":{"@id":"https:\/\/riberasalud.com\/hospital-de-molina\/#organization"},"potentialAction":[{"@type":"SearchAction","target":{"@type":"EntryPoint","urlTemplate":"https:\/\/riberasalud.com\/hospital-de-molina\/?s={search_term_string}"},"query-input":{"@type":"PropertyValueSpecification","valueRequired":true,"valueName":"search_term_string"}}],"inLanguage":"es"},{"@type":"Organization","@id":"https:\/\/riberasalud.com\/hospital-de-molina\/#organization","name":"Hospital de Molina","url":"https:\/\/riberasalud.com\/hospital-de-molina\/","logo":{"@type":"ImageObject","inLanguage":"es","@id":"https:\/\/riberasalud.com\/hospital-de-molina\/#\/schema\/logo\/image\/","url":"https:\/\/riberasalud.com\/hospital-de-molina\/wp-content\/uploads\/2023\/01\/cropped-Logo-Red-DeMolina-bigtz7.png","contentUrl":"https:\/\/riberasalud.com\/hospital-de-molina\/wp-content\/uploads\/2023\/01\/cropped-Logo-Red-DeMolina-bigtz7.png","width":300,"height":72,"caption":"Hospital de Molina"},"image":{"@id":"https:\/\/riberasalud.com\/hospital-de-molina\/#\/schema\/logo\/image\/"}},{"@type":"Person","@id":"https:\/\/riberasalud.com\/hospital-de-molina\/#\/schema\/person\/37d58effcbf02f32328940089f254419","name":"hmolina","image":{"@type":"ImageObject","inLanguage":"es","@id":"https:\/\/riberasalud.com\/hospital-de-molina\/#\/schema\/person\/image\/","url":"https:\/\/secure.gravatar.com\/avatar\/9db1181c394bec9505d449c90a21b5363cc35ad9a76f60f11a304b23bb0e8dd4?s=96&d=mm&r=g","contentUrl":"https:\/\/secure.gravatar.com\/avatar\/9db1181c394bec9505d449c90a21b5363cc35ad9a76f60f11a304b23bb0e8dd4?s=96&d=mm&r=g","caption":"hmolina"},"url":"https:\/\/riberasalud.com\/hospital-de-molina\/author\/hmolina\/"}]}},"uagb_featured_image_src":{"full":false,"thumbnail":false,"medium":false,"medium_large":false,"large":false,"1536x1536":false,"2048x2048":false},"uagb_author_info":{"display_name":"hmolina","author_link":"https:\/\/riberasalud.com\/hospital-de-molina\/author\/hmolina\/"},"uagb_comment_info":0,"uagb_excerpt":"20 enero 2020.- El pr\u00f3ximo s\u00e1bado 25 de enero, a las 11:30 horas, en el Mercado de Correos (Murcia), tendr\u00e1 lugar una nueva edici\u00f3n del espect\u00e1culo teatral #ADosBandas, organizado por el Hospital de Molina y su dietista-nutricionista, Rebeca Pastor Valero &#8211; My Personal Food, con el que sanitarios unidos pretenden ayudar a prevenir el exceso&hellip;","_links":{"self":[{"href":"https:\/\/riberasalud.com\/hospital-de-molina\/wp-json\/wp\/v2\/posts\/1848","targetHints":{"allow":["GET"]}}],"collection":[{"href":"https:\/\/riberasalud.com\/hospital-de-molina\/wp-json\/wp\/v2\/posts"}],"about":[{"href":"https:\/\/riberasalud.com\/hospital-de-molina\/wp-json\/wp\/v2\/types\/post"}],"author":[{"embeddable":true,"href":"https:\/\/riberasalud.com\/hospital-de-molina\/wp-json\/wp\/v2\/users\/3"}],"replies":[{"embeddable":true,"href":"https:\/\/riberasalud.com\/hospital-de-molina\/wp-json\/wp\/v2\/comments?post=1848"}],"version-history":[{"count":1,"href":"https:\/\/riberasalud.com\/hospital-de-molina\/wp-json\/wp\/v2\/posts\/1848\/revisions"}],"predecessor-version":[{"id":8155,"href":"https:\/\/riberasalud.com\/hospital-de-molina\/wp-json\/wp\/v2\/posts\/1848\/revisions\/8155"}],"wp:attachment":[{"href":"https:\/\/riberasalud.com\/hospital-de-molina\/wp-json\/wp\/v2\/media?parent=1848"}],"wp:term":[{"taxonomy":"category","embeddable":true,"href":"https:\/\/riberasalud.com\/hospital-de-molina\/wp-json\/wp\/v2\/categories?post=1848"},{"taxonomy":"post_tag","embeddable":true,"href":"https:\/\/riberasalud.com\/hospital-de-molina\/wp-json\/wp\/v2\/tags?post=1848"}],"curies":[{"name":"wp","href":"https:\/\/api.w.org\/{rel}","templated":true}]}}