{"id":1847,"date":"2020-01-22T10:28:08","date_gmt":"2020-01-22T09:28:08","guid":{"rendered":"https:\/\/www.hospitaldemolina.es\/humanizar-la-asistencia-sanitaria-a-traves-de-la-integracion-laboral-de-personas-con-discapacidad-2\/"},"modified":"2023-10-25T06:34:24","modified_gmt":"2023-10-25T06:34:24","slug":"humanizar-la-asistencia-sanitaria-a-traves-de-la-integracion-laboral-de-personas-con-discapacidad-2","status":"publish","type":"post","link":"https:\/\/riberasalud.com\/hospital-de-molina\/humanizar-la-asistencia-sanitaria-a-traves-de-la-integracion-laboral-de-personas-con-discapacidad-2\/","title":{"rendered":"Humanizar la asistencia sanitaria a trav\u00e9s de la integraci\u00f3n laboral de personas con discapacidad"},"content":{"rendered":"<p><strong>22 enero 2020.-<\/strong> El <strong>Hospital de Molina<\/strong> ha presentado, en el marco de la <strong>Jornada de la Uni\u00f3n Murciana de Hospitales y Cl\u00ednicas (UMHC) sobre \u201cHumanizaci\u00f3n en la atenci\u00f3n y gesti\u00f3n sanitarias\u201d celebrada ayer martes 21 de enero<\/strong>, su contribuci\u00f3n a la humanizaci\u00f3n de la asistencia sanitaria a trav\u00e9s de la integraci\u00f3n laboral de las personas con discapacidad.<\/p>\n<p class=\"rtecenter\"><img decoding=\"async\" src=\"https:\/\/riberasalud.com\/hospital-de-molina\/wp-content\/uploads\/2020\/05\/20-01-2120-20UMHC2020Humanizacion20-20Foto3.jpg\" style=\"height:140px; width: auto;\"><img decoding=\"async\" src=\"https:\/\/lamejorpaginaweb.es\/hospital\/sites\/default\/files\/20-01-21%20-%20UMHC%20%20Humanizacion%20-%20Foto4.JPG\" style=\"height:140px; width: auto;\">  <img decoding=\"async\" src=\"https:\/\/lamejorpaginaweb.es\/hospital\/sites\/default\/files\/20-01-21%20-%20UMHC%20%20Humanizacion%20-%20Foto5.JPG\" style=\"height:140px; width: auto;\"> <img decoding=\"async\" src=\"https:\/\/hospitaldemolina.es\/wp-content\/uploads\/2020\/05\/20-01-2120-20UMHC2020Humanizacion20-20Foto1.jpg\" style=\"height:140px; width: auto;\"><\/p>\n<p>Teniendo en cuenta que la humanizaci\u00f3n de la sanidad pone el foco en el paciente, en sus familiares y\/o cuidadores, y en el personal sanitario, la <strong>Directora de Comunicaci\u00f3n y Responsabilidad Social Corporativa (RSC) del Hospital de Molina, Marta Isabel Garc\u00eda Rivas<\/strong>, ha explicado que contar con personas con discapacidad en el equipo humano y profesional del centro hospitalario contribuye a la humanizaci\u00f3n en esos tres ejes: \u201cLos pacientes ponen en valor las cualidades por las que destacan (constancia, responsabilidad, trabajo en equipo,\u2026), los familiares de pacientes reconocen su buen trabajo e, inconscientemente, normalizan sus situaci\u00f3n y su integraci\u00f3n en un equipo profesional, que, por su parte, adem\u00e1s, se contagia de sus ganas de trabajar y de su entusiasmo\u201d.<\/p>\n<p>Seg\u00fan Garc\u00eda Rivas, esto es un camino de doble direcci\u00f3n, porque desde el Hospital de Molina, de manera indirecta, se atiende a su esfera emocional, social y espiritual a trav\u00e9s de su integraci\u00f3n laboral: \u201cY esto nos permite sumar para conseguir ofrecer una asistencia sanitaria de calidad, humana y personalizada que es lo que est\u00e1 establecido en nuestra Misi\u00f3n, Visi\u00f3n y Valores\u201d.<\/p>\n<p>La DirCom y DiRSE del Hospital de Molina ha recordado que la integraci\u00f3n laboral de la discapacidad es una de las l\u00edneas estrat\u00e9gicas de la acci\u00f3n social enmarcada en las pol\u00edticas de Responsabilidad Social Corporativo de la organizaci\u00f3n, mediante la contrataci\u00f3n directa \u2013 actualmente, el 6,3% de la plantilla del Hospital de Molina &#8211; , la contrataci\u00f3n de prestaci\u00f3n de servicios con Centros Especiales de Empleo y Empresas de Inserci\u00f3n Laboral &#8211; Docuviva, Total Print, Taller de tapicer\u00eda de Aspapros, etc. \u2013 y la formaci\u00f3n pr\u00e1ctica de alumnos con discapacidad de cursos del SEF impartidos por FEYCSA.<\/p>\n<p>Marta Isabel Garc\u00eda Rivas ha recordado que \u201cexisten muchas maneras de hacer que nuestra sanidad sea m\u00e1s humana. Y una de ellas es a trav\u00e9s de la integraci\u00f3n de personas con discapacidad en todos los \u00e1mbitos: laboral, social, cultural, deportivo, etc. Por eso, tambi\u00e9n dirigimos el resto de l\u00edneas estrat\u00e9gicas de nuestra acci\u00f3n social hacia las organizaciones y asociaciones de pacientes con discapacidad: promoci\u00f3n  y divulgaci\u00f3n de la salud, colaboraci\u00f3n directa con ellas, fomentado su participaci\u00f3n en los \u00e1mbitos deportivo y cultural, y desarrollando estudios de investigaci\u00f3n centrados en ellos\u201d.<\/p>\n<p>La <strong>Jornada sobre \u201cHumanizaci\u00f3n en la atenci\u00f3n y gesti\u00f3n sanitaria\u201d,<\/strong> organizada por la Uni\u00f3n Murciana de Hospitales y Cl\u00ednicas (UMHC) &#8211; en colaboraci\u00f3n con el SMS, AENOR, Gesti\u00f3n y Suma y Sanofi -, se ha celebrado esta ma\u00f1ana en el Aula de Cultura de Cajamar (Murcia).<\/p>\n<p>Enlaces Relacionados:<\/p>\n","protected":false},"excerpt":{"rendered":"<p>22 enero 2020.- El Hospital de Molina ha presentado, en el marco de la Jornada de la Uni\u00f3n Murciana de Hospitales y Cl\u00ednicas (UMHC) sobre \u201cHumanizaci\u00f3n en la atenci\u00f3n y gesti\u00f3n sanitarias\u201d celebrada ayer martes 21 de enero, su contribuci\u00f3n a la humanizaci\u00f3n de la asistencia sanitaria a trav\u00e9s de la integraci\u00f3n laboral de las &#8230; <a title=\"Humanizar la asistencia sanitaria a trav\u00e9s de la integraci\u00f3n laboral de personas con discapacidad\" class=\"read-more\" href=\"https:\/\/riberasalud.com\/hospital-de-molina\/humanizar-la-asistencia-sanitaria-a-traves-de-la-integracion-laboral-de-personas-con-discapacidad-2\/\" aria-label=\"Leer m\u00e1s sobre Humanizar la asistencia sanitaria a trav\u00e9s de la integraci\u00f3n laboral de personas con discapacidad\">Leer m\u00e1s<\/a><\/p>\n","protected":false},"author":3,"featured_media":0,"comment_status":"closed","ping_status":"open","sticky":false,"template":"","format":"standard","meta":{"_uag_custom_page_level_css":"","_mi_skip_tracking":false,"footnotes":""},"categories":[7],"tags":[],"class_list":["post-1847","post","type-post","status-publish","format-standard","hentry","category-hemeroteca"],"yoast_head":"<!-- This site is optimized with the Yoast SEO plugin v26.6 - https:\/\/yoast.com\/wordpress\/plugins\/seo\/ -->\n<title>Humanizar la asistencia sanitaria a trav\u00e9s de la integraci\u00f3n laboral de personas con discapacidad - Hospital de Molina<\/title>\n<meta name=\"robots\" content=\"index, follow, max-snippet:-1, max-image-preview:large, max-video-preview:-1\" \/>\n<link rel=\"canonical\" href=\"https:\/\/riberasalud.com\/hospital-de-molina\/humanizar-la-asistencia-sanitaria-a-traves-de-la-integracion-laboral-de-personas-con-discapacidad-2\/\" \/>\n<meta property=\"og:locale\" content=\"es_ES\" \/>\n<meta property=\"og:type\" content=\"article\" \/>\n<meta property=\"og:title\" content=\"Humanizar la asistencia sanitaria a trav\u00e9s de la integraci\u00f3n laboral de personas con discapacidad - Hospital de Molina\" \/>\n<meta property=\"og:description\" content=\"22 enero 2020.- El Hospital de Molina ha presentado, en el marco de la Jornada de la Uni\u00f3n Murciana de Hospitales y Cl\u00ednicas (UMHC) sobre \u201cHumanizaci\u00f3n en la atenci\u00f3n y gesti\u00f3n sanitarias\u201d celebrada ayer martes 21 de enero, su contribuci\u00f3n a la humanizaci\u00f3n de la asistencia sanitaria a trav\u00e9s de la integraci\u00f3n laboral de las ... Leer m\u00e1s\" \/>\n<meta property=\"og:url\" content=\"https:\/\/riberasalud.com\/hospital-de-molina\/humanizar-la-asistencia-sanitaria-a-traves-de-la-integracion-laboral-de-personas-con-discapacidad-2\/\" \/>\n<meta property=\"og:site_name\" content=\"Hospital de Molina\" \/>\n<meta property=\"article:published_time\" content=\"2020-01-22T09:28:08+00:00\" \/>\n<meta property=\"article:modified_time\" content=\"2023-10-25T06:34:24+00:00\" \/>\n<meta property=\"og:image\" content=\"https:\/\/riberasalud.com\/hospital-de-molina\/wp-content\/uploads\/2020\/05\/20-01-2120-20UMHC2020Humanizacion20-20Foto3.jpg\" \/>\n<meta name=\"author\" content=\"hmolina\" \/>\n<meta name=\"twitter:card\" content=\"summary_large_image\" \/>\n<meta name=\"twitter:label1\" content=\"Escrito por\" \/>\n\t<meta name=\"twitter:data1\" content=\"hmolina\" \/>\n\t<meta name=\"twitter:label2\" content=\"Tiempo de lectura\" \/>\n\t<meta name=\"twitter:data2\" content=\"3 minutos\" \/>\n<script type=\"application\/ld+json\" class=\"yoast-schema-graph\">{\"@context\":\"https:\/\/schema.org\",\"@graph\":[{\"@type\":\"Article\",\"@id\":\"https:\/\/riberasalud.com\/hospital-de-molina\/humanizar-la-asistencia-sanitaria-a-traves-de-la-integracion-laboral-de-personas-con-discapacidad-2\/#article\",\"isPartOf\":{\"@id\":\"https:\/\/riberasalud.com\/hospital-de-molina\/humanizar-la-asistencia-sanitaria-a-traves-de-la-integracion-laboral-de-personas-con-discapacidad-2\/\"},\"author\":{\"name\":\"hmolina\",\"@id\":\"https:\/\/riberasalud.com\/hospital-de-molina\/#\/schema\/person\/37d58effcbf02f32328940089f254419\"},\"headline\":\"Humanizar la asistencia sanitaria a trav\u00e9s de la integraci\u00f3n laboral de personas con discapacidad\",\"datePublished\":\"2020-01-22T09:28:08+00:00\",\"dateModified\":\"2023-10-25T06:34:24+00:00\",\"mainEntityOfPage\":{\"@id\":\"https:\/\/riberasalud.com\/hospital-de-molina\/humanizar-la-asistencia-sanitaria-a-traves-de-la-integracion-laboral-de-personas-con-discapacidad-2\/\"},\"wordCount\":542,\"publisher\":{\"@id\":\"https:\/\/riberasalud.com\/hospital-de-molina\/#organization\"},\"image\":{\"@id\":\"https:\/\/riberasalud.com\/hospital-de-molina\/humanizar-la-asistencia-sanitaria-a-traves-de-la-integracion-laboral-de-personas-con-discapacidad-2\/#primaryimage\"},\"thumbnailUrl\":\"https:\/\/riberasalud.com\/hospital-de-molina\/wp-content\/uploads\/2020\/05\/20-01-2120-20UMHC2020Humanizacion20-20Foto3.jpg\",\"articleSection\":[\"Hemeroteca\"],\"inLanguage\":\"es\"},{\"@type\":\"WebPage\",\"@id\":\"https:\/\/riberasalud.com\/hospital-de-molina\/humanizar-la-asistencia-sanitaria-a-traves-de-la-integracion-laboral-de-personas-con-discapacidad-2\/\",\"url\":\"https:\/\/riberasalud.com\/hospital-de-molina\/humanizar-la-asistencia-sanitaria-a-traves-de-la-integracion-laboral-de-personas-con-discapacidad-2\/\",\"name\":\"Humanizar la asistencia sanitaria a trav\u00e9s de la integraci\u00f3n laboral de personas con discapacidad - Hospital de Molina\",\"isPartOf\":{\"@id\":\"https:\/\/riberasalud.com\/hospital-de-molina\/#website\"},\"primaryImageOfPage\":{\"@id\":\"https:\/\/riberasalud.com\/hospital-de-molina\/humanizar-la-asistencia-sanitaria-a-traves-de-la-integracion-laboral-de-personas-con-discapacidad-2\/#primaryimage\"},\"image\":{\"@id\":\"https:\/\/riberasalud.com\/hospital-de-molina\/humanizar-la-asistencia-sanitaria-a-traves-de-la-integracion-laboral-de-personas-con-discapacidad-2\/#primaryimage\"},\"thumbnailUrl\":\"https:\/\/riberasalud.com\/hospital-de-molina\/wp-content\/uploads\/2020\/05\/20-01-2120-20UMHC2020Humanizacion20-20Foto3.jpg\",\"datePublished\":\"2020-01-22T09:28:08+00:00\",\"dateModified\":\"2023-10-25T06:34:24+00:00\",\"breadcrumb\":{\"@id\":\"https:\/\/riberasalud.com\/hospital-de-molina\/humanizar-la-asistencia-sanitaria-a-traves-de-la-integracion-laboral-de-personas-con-discapacidad-2\/#breadcrumb\"},\"inLanguage\":\"es\",\"potentialAction\":[{\"@type\":\"ReadAction\",\"target\":[\"https:\/\/riberasalud.com\/hospital-de-molina\/humanizar-la-asistencia-sanitaria-a-traves-de-la-integracion-laboral-de-personas-con-discapacidad-2\/\"]}]},{\"@type\":\"ImageObject\",\"inLanguage\":\"es\",\"@id\":\"https:\/\/riberasalud.com\/hospital-de-molina\/humanizar-la-asistencia-sanitaria-a-traves-de-la-integracion-laboral-de-personas-con-discapacidad-2\/#primaryimage\",\"url\":\"https:\/\/riberasalud.com\/hospital-de-molina\/wp-content\/uploads\/2020\/05\/20-01-2120-20UMHC2020Humanizacion20-20Foto3.jpg\",\"contentUrl\":\"https:\/\/riberasalud.com\/hospital-de-molina\/wp-content\/uploads\/2020\/05\/20-01-2120-20UMHC2020Humanizacion20-20Foto3.jpg\",\"width\":768,\"height\":1024},{\"@type\":\"BreadcrumbList\",\"@id\":\"https:\/\/riberasalud.com\/hospital-de-molina\/humanizar-la-asistencia-sanitaria-a-traves-de-la-integracion-laboral-de-personas-con-discapacidad-2\/#breadcrumb\",\"itemListElement\":[{\"@type\":\"ListItem\",\"position\":1,\"name\":\"Portada\",\"item\":\"https:\/\/riberasalud.com\/hospital-de-molina\/\"},{\"@type\":\"ListItem\",\"position\":2,\"name\":\"Humanizar la asistencia sanitaria a trav\u00e9s de la integraci\u00f3n laboral de personas con discapacidad\"}]},{\"@type\":\"WebSite\",\"@id\":\"https:\/\/riberasalud.com\/hospital-de-molina\/#website\",\"url\":\"https:\/\/riberasalud.com\/hospital-de-molina\/\",\"name\":\"Hospital de Molina\",\"description\":\"\",\"publisher\":{\"@id\":\"https:\/\/riberasalud.com\/hospital-de-molina\/#organization\"},\"potentialAction\":[{\"@type\":\"SearchAction\",\"target\":{\"@type\":\"EntryPoint\",\"urlTemplate\":\"https:\/\/riberasalud.com\/hospital-de-molina\/?s={search_term_string}\"},\"query-input\":{\"@type\":\"PropertyValueSpecification\",\"valueRequired\":true,\"valueName\":\"search_term_string\"}}],\"inLanguage\":\"es\"},{\"@type\":\"Organization\",\"@id\":\"https:\/\/riberasalud.com\/hospital-de-molina\/#organization\",\"name\":\"Hospital de Molina\",\"url\":\"https:\/\/riberasalud.com\/hospital-de-molina\/\",\"logo\":{\"@type\":\"ImageObject\",\"inLanguage\":\"es\",\"@id\":\"https:\/\/riberasalud.com\/hospital-de-molina\/#\/schema\/logo\/image\/\",\"url\":\"https:\/\/riberasalud.com\/hospital-de-molina\/wp-content\/uploads\/2023\/01\/cropped-Logo-Red-DeMolina-bigtz7.png\",\"contentUrl\":\"https:\/\/riberasalud.com\/hospital-de-molina\/wp-content\/uploads\/2023\/01\/cropped-Logo-Red-DeMolina-bigtz7.png\",\"width\":300,\"height\":72,\"caption\":\"Hospital de Molina\"},\"image\":{\"@id\":\"https:\/\/riberasalud.com\/hospital-de-molina\/#\/schema\/logo\/image\/\"}},{\"@type\":\"Person\",\"@id\":\"https:\/\/riberasalud.com\/hospital-de-molina\/#\/schema\/person\/37d58effcbf02f32328940089f254419\",\"name\":\"hmolina\",\"image\":{\"@type\":\"ImageObject\",\"inLanguage\":\"es\",\"@id\":\"https:\/\/riberasalud.com\/hospital-de-molina\/#\/schema\/person\/image\/\",\"url\":\"https:\/\/secure.gravatar.com\/avatar\/9db1181c394bec9505d449c90a21b5363cc35ad9a76f60f11a304b23bb0e8dd4?s=96&d=mm&r=g\",\"contentUrl\":\"https:\/\/secure.gravatar.com\/avatar\/9db1181c394bec9505d449c90a21b5363cc35ad9a76f60f11a304b23bb0e8dd4?s=96&d=mm&r=g\",\"caption\":\"hmolina\"},\"url\":\"https:\/\/riberasalud.com\/hospital-de-molina\/author\/hmolina\/\"}]}<\/script>\n<!-- \/ Yoast SEO plugin. -->","yoast_head_json":{"title":"Humanizar la asistencia sanitaria a trav\u00e9s de la integraci\u00f3n laboral de personas con discapacidad - Hospital de Molina","robots":{"index":"index","follow":"follow","max-snippet":"max-snippet:-1","max-image-preview":"max-image-preview:large","max-video-preview":"max-video-preview:-1"},"canonical":"https:\/\/riberasalud.com\/hospital-de-molina\/humanizar-la-asistencia-sanitaria-a-traves-de-la-integracion-laboral-de-personas-con-discapacidad-2\/","og_locale":"es_ES","og_type":"article","og_title":"Humanizar la asistencia sanitaria a trav\u00e9s de la integraci\u00f3n laboral de personas con discapacidad - Hospital de Molina","og_description":"22 enero 2020.- El Hospital de Molina ha presentado, en el marco de la Jornada de la Uni\u00f3n Murciana de Hospitales y Cl\u00ednicas (UMHC) sobre \u201cHumanizaci\u00f3n en la atenci\u00f3n y gesti\u00f3n sanitarias\u201d celebrada ayer martes 21 de enero, su contribuci\u00f3n a la humanizaci\u00f3n de la asistencia sanitaria a trav\u00e9s de la integraci\u00f3n laboral de las ... Leer m\u00e1s","og_url":"https:\/\/riberasalud.com\/hospital-de-molina\/humanizar-la-asistencia-sanitaria-a-traves-de-la-integracion-laboral-de-personas-con-discapacidad-2\/","og_site_name":"Hospital de Molina","article_published_time":"2020-01-22T09:28:08+00:00","article_modified_time":"2023-10-25T06:34:24+00:00","og_image":[{"url":"https:\/\/riberasalud.com\/hospital-de-molina\/wp-content\/uploads\/2020\/05\/20-01-2120-20UMHC2020Humanizacion20-20Foto3.jpg","type":"","width":"","height":""}],"author":"hmolina","twitter_card":"summary_large_image","twitter_misc":{"Escrito por":"hmolina","Tiempo de lectura":"3 minutos"},"schema":{"@context":"https:\/\/schema.org","@graph":[{"@type":"Article","@id":"https:\/\/riberasalud.com\/hospital-de-molina\/humanizar-la-asistencia-sanitaria-a-traves-de-la-integracion-laboral-de-personas-con-discapacidad-2\/#article","isPartOf":{"@id":"https:\/\/riberasalud.com\/hospital-de-molina\/humanizar-la-asistencia-sanitaria-a-traves-de-la-integracion-laboral-de-personas-con-discapacidad-2\/"},"author":{"name":"hmolina","@id":"https:\/\/riberasalud.com\/hospital-de-molina\/#\/schema\/person\/37d58effcbf02f32328940089f254419"},"headline":"Humanizar la asistencia sanitaria a trav\u00e9s de la integraci\u00f3n laboral de personas con discapacidad","datePublished":"2020-01-22T09:28:08+00:00","dateModified":"2023-10-25T06:34:24+00:00","mainEntityOfPage":{"@id":"https:\/\/riberasalud.com\/hospital-de-molina\/humanizar-la-asistencia-sanitaria-a-traves-de-la-integracion-laboral-de-personas-con-discapacidad-2\/"},"wordCount":542,"publisher":{"@id":"https:\/\/riberasalud.com\/hospital-de-molina\/#organization"},"image":{"@id":"https:\/\/riberasalud.com\/hospital-de-molina\/humanizar-la-asistencia-sanitaria-a-traves-de-la-integracion-laboral-de-personas-con-discapacidad-2\/#primaryimage"},"thumbnailUrl":"https:\/\/riberasalud.com\/hospital-de-molina\/wp-content\/uploads\/2020\/05\/20-01-2120-20UMHC2020Humanizacion20-20Foto3.jpg","articleSection":["Hemeroteca"],"inLanguage":"es"},{"@type":"WebPage","@id":"https:\/\/riberasalud.com\/hospital-de-molina\/humanizar-la-asistencia-sanitaria-a-traves-de-la-integracion-laboral-de-personas-con-discapacidad-2\/","url":"https:\/\/riberasalud.com\/hospital-de-molina\/humanizar-la-asistencia-sanitaria-a-traves-de-la-integracion-laboral-de-personas-con-discapacidad-2\/","name":"Humanizar la asistencia sanitaria a trav\u00e9s de la integraci\u00f3n laboral de personas con discapacidad - Hospital de Molina","isPartOf":{"@id":"https:\/\/riberasalud.com\/hospital-de-molina\/#website"},"primaryImageOfPage":{"@id":"https:\/\/riberasalud.com\/hospital-de-molina\/humanizar-la-asistencia-sanitaria-a-traves-de-la-integracion-laboral-de-personas-con-discapacidad-2\/#primaryimage"},"image":{"@id":"https:\/\/riberasalud.com\/hospital-de-molina\/humanizar-la-asistencia-sanitaria-a-traves-de-la-integracion-laboral-de-personas-con-discapacidad-2\/#primaryimage"},"thumbnailUrl":"https:\/\/riberasalud.com\/hospital-de-molina\/wp-content\/uploads\/2020\/05\/20-01-2120-20UMHC2020Humanizacion20-20Foto3.jpg","datePublished":"2020-01-22T09:28:08+00:00","dateModified":"2023-10-25T06:34:24+00:00","breadcrumb":{"@id":"https:\/\/riberasalud.com\/hospital-de-molina\/humanizar-la-asistencia-sanitaria-a-traves-de-la-integracion-laboral-de-personas-con-discapacidad-2\/#breadcrumb"},"inLanguage":"es","potentialAction":[{"@type":"ReadAction","target":["https:\/\/riberasalud.com\/hospital-de-molina\/humanizar-la-asistencia-sanitaria-a-traves-de-la-integracion-laboral-de-personas-con-discapacidad-2\/"]}]},{"@type":"ImageObject","inLanguage":"es","@id":"https:\/\/riberasalud.com\/hospital-de-molina\/humanizar-la-asistencia-sanitaria-a-traves-de-la-integracion-laboral-de-personas-con-discapacidad-2\/#primaryimage","url":"https:\/\/riberasalud.com\/hospital-de-molina\/wp-content\/uploads\/2020\/05\/20-01-2120-20UMHC2020Humanizacion20-20Foto3.jpg","contentUrl":"https:\/\/riberasalud.com\/hospital-de-molina\/wp-content\/uploads\/2020\/05\/20-01-2120-20UMHC2020Humanizacion20-20Foto3.jpg","width":768,"height":1024},{"@type":"BreadcrumbList","@id":"https:\/\/riberasalud.com\/hospital-de-molina\/humanizar-la-asistencia-sanitaria-a-traves-de-la-integracion-laboral-de-personas-con-discapacidad-2\/#breadcrumb","itemListElement":[{"@type":"ListItem","position":1,"name":"Portada","item":"https:\/\/riberasalud.com\/hospital-de-molina\/"},{"@type":"ListItem","position":2,"name":"Humanizar la asistencia sanitaria a trav\u00e9s de la integraci\u00f3n laboral de personas con discapacidad"}]},{"@type":"WebSite","@id":"https:\/\/riberasalud.com\/hospital-de-molina\/#website","url":"https:\/\/riberasalud.com\/hospital-de-molina\/","name":"Hospital de Molina","description":"","publisher":{"@id":"https:\/\/riberasalud.com\/hospital-de-molina\/#organization"},"potentialAction":[{"@type":"SearchAction","target":{"@type":"EntryPoint","urlTemplate":"https:\/\/riberasalud.com\/hospital-de-molina\/?s={search_term_string}"},"query-input":{"@type":"PropertyValueSpecification","valueRequired":true,"valueName":"search_term_string"}}],"inLanguage":"es"},{"@type":"Organization","@id":"https:\/\/riberasalud.com\/hospital-de-molina\/#organization","name":"Hospital de Molina","url":"https:\/\/riberasalud.com\/hospital-de-molina\/","logo":{"@type":"ImageObject","inLanguage":"es","@id":"https:\/\/riberasalud.com\/hospital-de-molina\/#\/schema\/logo\/image\/","url":"https:\/\/riberasalud.com\/hospital-de-molina\/wp-content\/uploads\/2023\/01\/cropped-Logo-Red-DeMolina-bigtz7.png","contentUrl":"https:\/\/riberasalud.com\/hospital-de-molina\/wp-content\/uploads\/2023\/01\/cropped-Logo-Red-DeMolina-bigtz7.png","width":300,"height":72,"caption":"Hospital de Molina"},"image":{"@id":"https:\/\/riberasalud.com\/hospital-de-molina\/#\/schema\/logo\/image\/"}},{"@type":"Person","@id":"https:\/\/riberasalud.com\/hospital-de-molina\/#\/schema\/person\/37d58effcbf02f32328940089f254419","name":"hmolina","image":{"@type":"ImageObject","inLanguage":"es","@id":"https:\/\/riberasalud.com\/hospital-de-molina\/#\/schema\/person\/image\/","url":"https:\/\/secure.gravatar.com\/avatar\/9db1181c394bec9505d449c90a21b5363cc35ad9a76f60f11a304b23bb0e8dd4?s=96&d=mm&r=g","contentUrl":"https:\/\/secure.gravatar.com\/avatar\/9db1181c394bec9505d449c90a21b5363cc35ad9a76f60f11a304b23bb0e8dd4?s=96&d=mm&r=g","caption":"hmolina"},"url":"https:\/\/riberasalud.com\/hospital-de-molina\/author\/hmolina\/"}]}},"uagb_featured_image_src":{"full":false,"thumbnail":false,"medium":false,"medium_large":false,"large":false,"1536x1536":false,"2048x2048":false},"uagb_author_info":{"display_name":"hmolina","author_link":"https:\/\/riberasalud.com\/hospital-de-molina\/author\/hmolina\/"},"uagb_comment_info":0,"uagb_excerpt":"22 enero 2020.- El Hospital de Molina ha presentado, en el marco de la Jornada de la Uni\u00f3n Murciana de Hospitales y Cl\u00ednicas (UMHC) sobre \u201cHumanizaci\u00f3n en la atenci\u00f3n y gesti\u00f3n sanitarias\u201d celebrada ayer martes 21 de enero, su contribuci\u00f3n a la humanizaci\u00f3n de la asistencia sanitaria a trav\u00e9s de la integraci\u00f3n laboral de las&hellip;","_links":{"self":[{"href":"https:\/\/riberasalud.com\/hospital-de-molina\/wp-json\/wp\/v2\/posts\/1847","targetHints":{"allow":["GET"]}}],"collection":[{"href":"https:\/\/riberasalud.com\/hospital-de-molina\/wp-json\/wp\/v2\/posts"}],"about":[{"href":"https:\/\/riberasalud.com\/hospital-de-molina\/wp-json\/wp\/v2\/types\/post"}],"author":[{"embeddable":true,"href":"https:\/\/riberasalud.com\/hospital-de-molina\/wp-json\/wp\/v2\/users\/3"}],"replies":[{"embeddable":true,"href":"https:\/\/riberasalud.com\/hospital-de-molina\/wp-json\/wp\/v2\/comments?post=1847"}],"version-history":[{"count":1,"href":"https:\/\/riberasalud.com\/hospital-de-molina\/wp-json\/wp\/v2\/posts\/1847\/revisions"}],"predecessor-version":[{"id":8153,"href":"https:\/\/riberasalud.com\/hospital-de-molina\/wp-json\/wp\/v2\/posts\/1847\/revisions\/8153"}],"wp:attachment":[{"href":"https:\/\/riberasalud.com\/hospital-de-molina\/wp-json\/wp\/v2\/media?parent=1847"}],"wp:term":[{"taxonomy":"category","embeddable":true,"href":"https:\/\/riberasalud.com\/hospital-de-molina\/wp-json\/wp\/v2\/categories?post=1847"},{"taxonomy":"post_tag","embeddable":true,"href":"https:\/\/riberasalud.com\/hospital-de-molina\/wp-json\/wp\/v2\/tags?post=1847"}],"curies":[{"name":"wp","href":"https:\/\/api.w.org\/{rel}","templated":true}]}}