{"id":1819,"date":"2020-03-12T12:31:19","date_gmt":"2020-03-12T11:31:19","guid":{"rendered":"https:\/\/www.hospitaldemolina.es\/?p=1819"},"modified":"2023-10-25T06:34:22","modified_gmt":"2023-10-25T06:34:22","slug":"comunicado-del-hospital-de-molina","status":"publish","type":"post","link":"https:\/\/riberasalud.com\/hospital-de-molina\/comunicado-del-hospital-de-molina\/","title":{"rendered":"COMUNICADO DEL HOSPITAL DE MOLINA"},"content":{"rendered":"\n<p><strong>12 marzo 2020.-<\/strong> Ayer mi\u00e9rcoles por la tarde, el Hospital de\nMolina deriv\u00f3 a un paciente, ingresado por problemas respiratorios, a su hospital\nde referencia, por situaci\u00f3n de gravedad. <\/p>\n\n\n\n<p>Ante\nla sospecha de infecci\u00f3n por coronavirus, el Hospital de Molina, siguiendo el\nprotocolo recomendado por el Ministerio de Sanidad y la Consejer\u00eda de Salud de\nla Regi\u00f3n de Murcia, tom\u00f3 muestras para la detecci\u00f3n del virus.<\/p>\n\n\n\n<p>Por\nla noche, las pruebas dieron positivo a COVID-19, y el Hospital de Molina adopt\u00f3\nlas medidas preventivas incluidas en el Protocolo establecido. <\/p>\n\n\n\n<p>El\nHospital de Molina sigue prestando su servicio asistencial con normalidad, manteniendo\nsu continua colaboraci\u00f3n con el Servicio Murciano de Salud (SMS) y la\nConsejer\u00eda de Salud en la prevenci\u00f3n y contenci\u00f3n de la situaci\u00f3n epidemiol\u00f3gica\nque vive la Regi\u00f3n de Murcia.<\/p>\n","protected":false},"excerpt":{"rendered":"<p>12 marzo 2020.- Ayer mi\u00e9rcoles por la tarde, el Hospital de Molina deriv\u00f3 a un paciente, ingresado por problemas respiratorios, a su hospital de referencia, por situaci\u00f3n de gravedad. Ante la sospecha de infecci\u00f3n por coronavirus, el Hospital de Molina, siguiendo el protocolo recomendado por el Ministerio de Sanidad y la Consejer\u00eda de Salud de &#8230; <a title=\"COMUNICADO DEL HOSPITAL DE MOLINA\" class=\"read-more\" href=\"https:\/\/riberasalud.com\/hospital-de-molina\/comunicado-del-hospital-de-molina\/\" aria-label=\"Leer m\u00e1s sobre COMUNICADO DEL HOSPITAL DE MOLINA\">Leer m\u00e1s<\/a><\/p>\n","protected":false},"author":3,"featured_media":0,"comment_status":"closed","ping_status":"open","sticky":false,"template":"","format":"standard","meta":{"_uag_custom_page_level_css":"","_mi_skip_tracking":false,"footnotes":""},"categories":[47],"tags":[291,292,8,209,293,14,15],"class_list":["post-1819","post","type-post","status-publish","format-standard","hentry","category-noticias","tag-coronavirus","tag-covid-19","tag-hospital-de-molina","tag-murcia","tag-region-de-murcia","tag-salud","tag-sanidad"],"yoast_head":"<!-- This site is optimized with the Yoast SEO plugin v26.6 - https:\/\/yoast.com\/wordpress\/plugins\/seo\/ -->\n<title>COMUNICADO DEL HOSPITAL DE MOLINA - Hospital de Molina<\/title>\n<meta name=\"robots\" content=\"index, follow, max-snippet:-1, max-image-preview:large, max-video-preview:-1\" \/>\n<link rel=\"canonical\" href=\"https:\/\/riberasalud.com\/hospital-de-molina\/comunicado-del-hospital-de-molina\/\" \/>\n<meta property=\"og:locale\" content=\"es_ES\" \/>\n<meta property=\"og:type\" content=\"article\" \/>\n<meta property=\"og:title\" content=\"COMUNICADO DEL HOSPITAL DE MOLINA - Hospital de Molina\" \/>\n<meta property=\"og:description\" content=\"12 marzo 2020.- Ayer mi\u00e9rcoles por la tarde, el Hospital de Molina deriv\u00f3 a un paciente, ingresado por problemas respiratorios, a su hospital de referencia, por situaci\u00f3n de gravedad. Ante la sospecha de infecci\u00f3n por coronavirus, el Hospital de Molina, siguiendo el protocolo recomendado por el Ministerio de Sanidad y la Consejer\u00eda de Salud de ... Leer m\u00e1s\" \/>\n<meta property=\"og:url\" content=\"https:\/\/riberasalud.com\/hospital-de-molina\/comunicado-del-hospital-de-molina\/\" \/>\n<meta property=\"og:site_name\" content=\"Hospital de Molina\" \/>\n<meta property=\"article:published_time\" content=\"2020-03-12T11:31:19+00:00\" \/>\n<meta property=\"article:modified_time\" content=\"2023-10-25T06:34:22+00:00\" \/>\n<meta name=\"author\" content=\"hmolina\" \/>\n<meta name=\"twitter:card\" content=\"summary_large_image\" \/>\n<meta name=\"twitter:label1\" content=\"Escrito por\" \/>\n\t<meta name=\"twitter:data1\" content=\"hmolina\" \/>\n\t<meta name=\"twitter:label2\" content=\"Tiempo de lectura\" \/>\n\t<meta name=\"twitter:data2\" content=\"1 minuto\" \/>\n<script type=\"application\/ld+json\" class=\"yoast-schema-graph\">{\"@context\":\"https:\/\/schema.org\",\"@graph\":[{\"@type\":\"Article\",\"@id\":\"https:\/\/riberasalud.com\/hospital-de-molina\/comunicado-del-hospital-de-molina\/#article\",\"isPartOf\":{\"@id\":\"https:\/\/riberasalud.com\/hospital-de-molina\/comunicado-del-hospital-de-molina\/\"},\"author\":{\"name\":\"hmolina\",\"@id\":\"https:\/\/riberasalud.com\/hospital-de-molina\/#\/schema\/person\/37d58effcbf02f32328940089f254419\"},\"headline\":\"COMUNICADO DEL HOSPITAL DE MOLINA\",\"datePublished\":\"2020-03-12T11:31:19+00:00\",\"dateModified\":\"2023-10-25T06:34:22+00:00\",\"mainEntityOfPage\":{\"@id\":\"https:\/\/riberasalud.com\/hospital-de-molina\/comunicado-del-hospital-de-molina\/\"},\"wordCount\":148,\"publisher\":{\"@id\":\"https:\/\/riberasalud.com\/hospital-de-molina\/#organization\"},\"keywords\":[\"coronavirus\",\"covid-19\",\"Hospital de molina\",\"Murcia\",\"regi\u00f3n de murcia\",\"salud\",\"sanidad\"],\"articleSection\":[\"Noticias\"],\"inLanguage\":\"es\"},{\"@type\":\"WebPage\",\"@id\":\"https:\/\/riberasalud.com\/hospital-de-molina\/comunicado-del-hospital-de-molina\/\",\"url\":\"https:\/\/riberasalud.com\/hospital-de-molina\/comunicado-del-hospital-de-molina\/\",\"name\":\"COMUNICADO DEL HOSPITAL DE MOLINA - Hospital de Molina\",\"isPartOf\":{\"@id\":\"https:\/\/riberasalud.com\/hospital-de-molina\/#website\"},\"datePublished\":\"2020-03-12T11:31:19+00:00\",\"dateModified\":\"2023-10-25T06:34:22+00:00\",\"breadcrumb\":{\"@id\":\"https:\/\/riberasalud.com\/hospital-de-molina\/comunicado-del-hospital-de-molina\/#breadcrumb\"},\"inLanguage\":\"es\",\"potentialAction\":[{\"@type\":\"ReadAction\",\"target\":[\"https:\/\/riberasalud.com\/hospital-de-molina\/comunicado-del-hospital-de-molina\/\"]}]},{\"@type\":\"BreadcrumbList\",\"@id\":\"https:\/\/riberasalud.com\/hospital-de-molina\/comunicado-del-hospital-de-molina\/#breadcrumb\",\"itemListElement\":[{\"@type\":\"ListItem\",\"position\":1,\"name\":\"Portada\",\"item\":\"https:\/\/riberasalud.com\/hospital-de-molina\/\"},{\"@type\":\"ListItem\",\"position\":2,\"name\":\"COMUNICADO DEL HOSPITAL DE MOLINA\"}]},{\"@type\":\"WebSite\",\"@id\":\"https:\/\/riberasalud.com\/hospital-de-molina\/#website\",\"url\":\"https:\/\/riberasalud.com\/hospital-de-molina\/\",\"name\":\"Hospital de Molina\",\"description\":\"\",\"publisher\":{\"@id\":\"https:\/\/riberasalud.com\/hospital-de-molina\/#organization\"},\"potentialAction\":[{\"@type\":\"SearchAction\",\"target\":{\"@type\":\"EntryPoint\",\"urlTemplate\":\"https:\/\/riberasalud.com\/hospital-de-molina\/?s={search_term_string}\"},\"query-input\":{\"@type\":\"PropertyValueSpecification\",\"valueRequired\":true,\"valueName\":\"search_term_string\"}}],\"inLanguage\":\"es\"},{\"@type\":\"Organization\",\"@id\":\"https:\/\/riberasalud.com\/hospital-de-molina\/#organization\",\"name\":\"Hospital de Molina\",\"url\":\"https:\/\/riberasalud.com\/hospital-de-molina\/\",\"logo\":{\"@type\":\"ImageObject\",\"inLanguage\":\"es\",\"@id\":\"https:\/\/riberasalud.com\/hospital-de-molina\/#\/schema\/logo\/image\/\",\"url\":\"https:\/\/riberasalud.com\/hospital-de-molina\/wp-content\/uploads\/2023\/01\/cropped-Logo-Red-DeMolina-bigtz7.png\",\"contentUrl\":\"https:\/\/riberasalud.com\/hospital-de-molina\/wp-content\/uploads\/2023\/01\/cropped-Logo-Red-DeMolina-bigtz7.png\",\"width\":300,\"height\":72,\"caption\":\"Hospital de Molina\"},\"image\":{\"@id\":\"https:\/\/riberasalud.com\/hospital-de-molina\/#\/schema\/logo\/image\/\"}},{\"@type\":\"Person\",\"@id\":\"https:\/\/riberasalud.com\/hospital-de-molina\/#\/schema\/person\/37d58effcbf02f32328940089f254419\",\"name\":\"hmolina\",\"image\":{\"@type\":\"ImageObject\",\"inLanguage\":\"es\",\"@id\":\"https:\/\/riberasalud.com\/hospital-de-molina\/#\/schema\/person\/image\/\",\"url\":\"https:\/\/secure.gravatar.com\/avatar\/9db1181c394bec9505d449c90a21b5363cc35ad9a76f60f11a304b23bb0e8dd4?s=96&d=mm&r=g\",\"contentUrl\":\"https:\/\/secure.gravatar.com\/avatar\/9db1181c394bec9505d449c90a21b5363cc35ad9a76f60f11a304b23bb0e8dd4?s=96&d=mm&r=g\",\"caption\":\"hmolina\"},\"url\":\"https:\/\/riberasalud.com\/hospital-de-molina\/author\/hmolina\/\"}]}<\/script>\n<!-- \/ Yoast SEO plugin. -->","yoast_head_json":{"title":"COMUNICADO DEL HOSPITAL DE MOLINA - Hospital de Molina","robots":{"index":"index","follow":"follow","max-snippet":"max-snippet:-1","max-image-preview":"max-image-preview:large","max-video-preview":"max-video-preview:-1"},"canonical":"https:\/\/riberasalud.com\/hospital-de-molina\/comunicado-del-hospital-de-molina\/","og_locale":"es_ES","og_type":"article","og_title":"COMUNICADO DEL HOSPITAL DE MOLINA - Hospital de Molina","og_description":"12 marzo 2020.- Ayer mi\u00e9rcoles por la tarde, el Hospital de Molina deriv\u00f3 a un paciente, ingresado por problemas respiratorios, a su hospital de referencia, por situaci\u00f3n de gravedad. Ante la sospecha de infecci\u00f3n por coronavirus, el Hospital de Molina, siguiendo el protocolo recomendado por el Ministerio de Sanidad y la Consejer\u00eda de Salud de ... Leer m\u00e1s","og_url":"https:\/\/riberasalud.com\/hospital-de-molina\/comunicado-del-hospital-de-molina\/","og_site_name":"Hospital de Molina","article_published_time":"2020-03-12T11:31:19+00:00","article_modified_time":"2023-10-25T06:34:22+00:00","author":"hmolina","twitter_card":"summary_large_image","twitter_misc":{"Escrito por":"hmolina","Tiempo de lectura":"1 minuto"},"schema":{"@context":"https:\/\/schema.org","@graph":[{"@type":"Article","@id":"https:\/\/riberasalud.com\/hospital-de-molina\/comunicado-del-hospital-de-molina\/#article","isPartOf":{"@id":"https:\/\/riberasalud.com\/hospital-de-molina\/comunicado-del-hospital-de-molina\/"},"author":{"name":"hmolina","@id":"https:\/\/riberasalud.com\/hospital-de-molina\/#\/schema\/person\/37d58effcbf02f32328940089f254419"},"headline":"COMUNICADO DEL HOSPITAL DE MOLINA","datePublished":"2020-03-12T11:31:19+00:00","dateModified":"2023-10-25T06:34:22+00:00","mainEntityOfPage":{"@id":"https:\/\/riberasalud.com\/hospital-de-molina\/comunicado-del-hospital-de-molina\/"},"wordCount":148,"publisher":{"@id":"https:\/\/riberasalud.com\/hospital-de-molina\/#organization"},"keywords":["coronavirus","covid-19","Hospital de molina","Murcia","regi\u00f3n de murcia","salud","sanidad"],"articleSection":["Noticias"],"inLanguage":"es"},{"@type":"WebPage","@id":"https:\/\/riberasalud.com\/hospital-de-molina\/comunicado-del-hospital-de-molina\/","url":"https:\/\/riberasalud.com\/hospital-de-molina\/comunicado-del-hospital-de-molina\/","name":"COMUNICADO DEL HOSPITAL DE MOLINA - Hospital de Molina","isPartOf":{"@id":"https:\/\/riberasalud.com\/hospital-de-molina\/#website"},"datePublished":"2020-03-12T11:31:19+00:00","dateModified":"2023-10-25T06:34:22+00:00","breadcrumb":{"@id":"https:\/\/riberasalud.com\/hospital-de-molina\/comunicado-del-hospital-de-molina\/#breadcrumb"},"inLanguage":"es","potentialAction":[{"@type":"ReadAction","target":["https:\/\/riberasalud.com\/hospital-de-molina\/comunicado-del-hospital-de-molina\/"]}]},{"@type":"BreadcrumbList","@id":"https:\/\/riberasalud.com\/hospital-de-molina\/comunicado-del-hospital-de-molina\/#breadcrumb","itemListElement":[{"@type":"ListItem","position":1,"name":"Portada","item":"https:\/\/riberasalud.com\/hospital-de-molina\/"},{"@type":"ListItem","position":2,"name":"COMUNICADO DEL HOSPITAL DE MOLINA"}]},{"@type":"WebSite","@id":"https:\/\/riberasalud.com\/hospital-de-molina\/#website","url":"https:\/\/riberasalud.com\/hospital-de-molina\/","name":"Hospital de Molina","description":"","publisher":{"@id":"https:\/\/riberasalud.com\/hospital-de-molina\/#organization"},"potentialAction":[{"@type":"SearchAction","target":{"@type":"EntryPoint","urlTemplate":"https:\/\/riberasalud.com\/hospital-de-molina\/?s={search_term_string}"},"query-input":{"@type":"PropertyValueSpecification","valueRequired":true,"valueName":"search_term_string"}}],"inLanguage":"es"},{"@type":"Organization","@id":"https:\/\/riberasalud.com\/hospital-de-molina\/#organization","name":"Hospital de Molina","url":"https:\/\/riberasalud.com\/hospital-de-molina\/","logo":{"@type":"ImageObject","inLanguage":"es","@id":"https:\/\/riberasalud.com\/hospital-de-molina\/#\/schema\/logo\/image\/","url":"https:\/\/riberasalud.com\/hospital-de-molina\/wp-content\/uploads\/2023\/01\/cropped-Logo-Red-DeMolina-bigtz7.png","contentUrl":"https:\/\/riberasalud.com\/hospital-de-molina\/wp-content\/uploads\/2023\/01\/cropped-Logo-Red-DeMolina-bigtz7.png","width":300,"height":72,"caption":"Hospital de Molina"},"image":{"@id":"https:\/\/riberasalud.com\/hospital-de-molina\/#\/schema\/logo\/image\/"}},{"@type":"Person","@id":"https:\/\/riberasalud.com\/hospital-de-molina\/#\/schema\/person\/37d58effcbf02f32328940089f254419","name":"hmolina","image":{"@type":"ImageObject","inLanguage":"es","@id":"https:\/\/riberasalud.com\/hospital-de-molina\/#\/schema\/person\/image\/","url":"https:\/\/secure.gravatar.com\/avatar\/9db1181c394bec9505d449c90a21b5363cc35ad9a76f60f11a304b23bb0e8dd4?s=96&d=mm&r=g","contentUrl":"https:\/\/secure.gravatar.com\/avatar\/9db1181c394bec9505d449c90a21b5363cc35ad9a76f60f11a304b23bb0e8dd4?s=96&d=mm&r=g","caption":"hmolina"},"url":"https:\/\/riberasalud.com\/hospital-de-molina\/author\/hmolina\/"}]}},"uagb_featured_image_src":{"full":false,"thumbnail":false,"medium":false,"medium_large":false,"large":false,"1536x1536":false,"2048x2048":false},"uagb_author_info":{"display_name":"hmolina","author_link":"https:\/\/riberasalud.com\/hospital-de-molina\/author\/hmolina\/"},"uagb_comment_info":0,"uagb_excerpt":"12 marzo 2020.- Ayer mi\u00e9rcoles por la tarde, el Hospital de Molina deriv\u00f3 a un paciente, ingresado por problemas respiratorios, a su hospital de referencia, por situaci\u00f3n de gravedad. Ante la sospecha de infecci\u00f3n por coronavirus, el Hospital de Molina, siguiendo el protocolo recomendado por el Ministerio de Sanidad y la Consejer\u00eda de Salud de&hellip;","_links":{"self":[{"href":"https:\/\/riberasalud.com\/hospital-de-molina\/wp-json\/wp\/v2\/posts\/1819","targetHints":{"allow":["GET"]}}],"collection":[{"href":"https:\/\/riberasalud.com\/hospital-de-molina\/wp-json\/wp\/v2\/posts"}],"about":[{"href":"https:\/\/riberasalud.com\/hospital-de-molina\/wp-json\/wp\/v2\/types\/post"}],"author":[{"embeddable":true,"href":"https:\/\/riberasalud.com\/hospital-de-molina\/wp-json\/wp\/v2\/users\/3"}],"replies":[{"embeddable":true,"href":"https:\/\/riberasalud.com\/hospital-de-molina\/wp-json\/wp\/v2\/comments?post=1819"}],"version-history":[{"count":1,"href":"https:\/\/riberasalud.com\/hospital-de-molina\/wp-json\/wp\/v2\/posts\/1819\/revisions"}],"predecessor-version":[{"id":8137,"href":"https:\/\/riberasalud.com\/hospital-de-molina\/wp-json\/wp\/v2\/posts\/1819\/revisions\/8137"}],"wp:attachment":[{"href":"https:\/\/riberasalud.com\/hospital-de-molina\/wp-json\/wp\/v2\/media?parent=1819"}],"wp:term":[{"taxonomy":"category","embeddable":true,"href":"https:\/\/riberasalud.com\/hospital-de-molina\/wp-json\/wp\/v2\/categories?post=1819"},{"taxonomy":"post_tag","embeddable":true,"href":"https:\/\/riberasalud.com\/hospital-de-molina\/wp-json\/wp\/v2\/tags?post=1819"}],"curies":[{"name":"wp","href":"https:\/\/api.w.org\/{rel}","templated":true}]}}