{"id":614,"date":"2026-04-27T16:42:52","date_gmt":"2026-04-27T14:42:52","guid":{"rendered":"https:\/\/riberasalud.com\/deporteysalud\/?p=614"},"modified":"2026-04-27T16:42:53","modified_gmt":"2026-04-27T14:42:53","slug":"la-i-caminata-por-la-salud-organizada-por-la-asociacion-objetivo-diagnostico-y-el-hospital-universitario-del-vinalopo-reune-a-mas-de-450-personas","status":"publish","type":"post","link":"https:\/\/riberasalud.com\/deporteysalud\/la-i-caminata-por-la-salud-organizada-por-la-asociacion-objetivo-diagnostico-y-el-hospital-universitario-del-vinalopo-reune-a-mas-de-450-personas\/","title":{"rendered":"La I Caminata por la Salud, organizada por la Asociaci\u00f3n Objetivo Diagn\u00f3stico y el Hospital Universitario del Vinalop\u00f3 re\u00fane a m\u00e1s de 450 personas"},"content":{"rendered":"\n<ul class=\"wp-block-list\">\n<li>Los fondos recaudados durante la jornada se destinar\u00e1n \u00edntegramente a programas de terapia psicol\u00f3gica para pacientes y familiares, con el objetivo de mejorar su calidad de vida<\/li>\n<\/ul>\n\n\n\n<p>El <a href=\"http:\/\/www.vinaloposalud.com\/\">Hospital Universitario del Vinalop\u00f3<\/a> ha acogido hoy la llegada de la I Caminata por la Salud, una iniciativa solidaria impulsada por la <a href=\"https:\/\/objetivodiagnostico.es\/\">Asociaci\u00f3n Objetivo Diagn\u00f3stico<\/a> que ha reunido a m\u00e1s de 450 participantes, consolid\u00e1ndose como un \u00e9xito de convocatoria en su primera edici\u00f3n.<\/p>\n\n\n\n<p>La caminata ha partido desde el Hospital General Universitario de Elche y ha finalizado en el Hospital Universitario del Vinalop\u00f3, conectando as\u00ed los dos centros hospitalarios de referencia de la ciudad. Este recorrido ha simbolizado el camino que recorren miles de pacientes durante sus procesos diagn\u00f3sticos y asistenciales, poniendo en valor la importancia del acompa\u00f1amiento emocional.<\/p>\n\n\n\n<p>La jornada congreg\u00f3 a profesionales sanitarios, pacientes, familiares y ciudadan\u00eda en general, quienes caminaron juntos en favor del bienestar f\u00edsico y emocional, en un ambiente de compromiso, cercan\u00eda y solidaridad.<\/p>\n\n\n\n<p>A su llegada al Hospital Universitario del Vinalop\u00f3, los asistentes han podido disfrutar de diversos puestos informativos y actividades centradas en la promoci\u00f3n de la salud. Entre ellos, un espacio dedicado a los h\u00e1bitos saludables y a los consejos cardiovasculares durante la pr\u00e1ctica deportiva, impulsado por el propio hospital. Asimismo, el CEU ha participado con dos puestos en los que se han ofrecido servicios de medici\u00f3n de glucemia y control de la tensi\u00f3n arterial, fomentando la prevenci\u00f3n y el autocuidado entre los participantes.<\/p>\n\n\n\n<p>La presidenta y fundadora de la Asociaci\u00f3n Objetivo Diagn\u00f3stico, Carmen S\u00e1ez, ha valorado muy positivamente la acogida del evento: \u201cHoy no solo hemos caminado, hemos compartido historias, emociones y esperanza. Cada paso ha sido un gesto de apoyo a quienes atraviesan momentos dif\u00edciles, record\u00e1ndoles que no est\u00e1n solos. Ver a tantas personas unidas por una misma causa nos emociona profundamente y nos da fuerza para seguir acompa\u00f1ando, escuchando y cuidando a quienes m\u00e1s lo necesitan\u201d.<\/p>\n\n\n\n<p>Paqui Puerta, adjunta a la Direcci\u00f3n de Enfermer\u00eda del Departamento de Salud del Vinalop\u00f3, ha destacado la importancia de este tipo de iniciativas: \u201cEsta caminata pone el foco en algo fundamental: el acompa\u00f1amiento emocional de pacientes y familiares durante todo el proceso asistencial. No solo hablamos de salud f\u00edsica, sino tambi\u00e9n de bienestar psicol\u00f3gico. Iniciativas como esta visibilizan esa necesidad y contribuyen directamente a mejorar la calidad de vida de las personas, generando adem\u00e1s una red de apoyo basada en la cercan\u00eda, la empat\u00eda y la solidaridad\u201d.<\/p>\n\n\n\n<p>Los fondos recaudados durante la jornada se destinar\u00e1n \u00edntegramente a programas de terapia psicol\u00f3gica para pacientes y familiares, con el objetivo de mejorar su calidad de vida durante procesos complejos. Con esta primera edici\u00f3n, la Caminata por la Salud se posiciona como una iniciativa con vocaci\u00f3n de continuidad, destinada a convertir las calles de Elche en un espacio de encuentro, concienciaci\u00f3n y apoyo colectivo en torno a la salud integral.<\/p>\n","protected":false},"excerpt":{"rendered":"<p>El Hospital Universitario del Vinalop\u00f3 ha acogido hoy la llegada de la I Caminata por la Salud, una iniciativa solidaria impulsada por la Asociaci\u00f3n Objetivo Diagn\u00f3stico que ha reunido a m\u00e1s de 450 participantes, consolid\u00e1ndose como un \u00e9xito de convocatoria en su primera edici\u00f3n. La caminata ha partido desde el Hospital General Universitario de Elche &#8230; <a title=\"La I Caminata por la Salud, organizada por la Asociaci\u00f3n Objetivo Diagn\u00f3stico y el Hospital Universitario del Vinalop\u00f3 re\u00fane a m\u00e1s de 450 personas\" class=\"read-more\" href=\"https:\/\/riberasalud.com\/deporteysalud\/la-i-caminata-por-la-salud-organizada-por-la-asociacion-objetivo-diagnostico-y-el-hospital-universitario-del-vinalopo-reune-a-mas-de-450-personas\/\" aria-label=\"Leer m\u00e1s sobre La I Caminata por la Salud, organizada por la Asociaci\u00f3n Objetivo Diagn\u00f3stico y el Hospital Universitario del Vinalop\u00f3 re\u00fane a m\u00e1s de 450 personas\">Leer m\u00e1s<\/a><\/p>\n","protected":false},"author":4,"featured_media":616,"comment_status":"open","ping_status":"open","sticky":false,"template":"","format":"standard","meta":{"_monsterinsights_skip_tracking":false,"_monsterinsights_sitenote_active":false,"_monsterinsights_sitenote_note":"","_monsterinsights_sitenote_category":0,"footnotes":""},"categories":[87,80],"tags":[160,157,159,11,161],"class_list":["post-614","post","type-post","status-publish","format-standard","has-post-thumbnail","hentry","category-colaboraciones","category-promocion-de-la-salud","tag-asociacion-objetivo-diagnostico","tag-caminata","tag-caminata-por-la-salud","tag-hospital-universitario-del-vinalopo","tag-recaudacion"],"yoast_head":"<!-- This site is optimized with the Yoast SEO plugin v26.6 - https:\/\/yoast.com\/wordpress\/plugins\/seo\/ -->\n<title>La I Caminata por la Salud, organizada por la Asociaci\u00f3n Objetivo Diagn\u00f3stico y el Hospital Universitario del Vinalop\u00f3 re\u00fane a m\u00e1s de 450 personas - Ribera Activa<\/title>\n<meta name=\"description\" content=\"Los fondos recaudados se destinar\u00e1n \u00edntegramente a programas de terapia psicol\u00f3gica para pacientes y familiares.\" \/>\n<meta name=\"robots\" content=\"index, follow, max-snippet:-1, max-image-preview:large, max-video-preview:-1\" \/>\n<link rel=\"canonical\" href=\"https:\/\/riberasalud.com\/deporteysalud\/la-i-caminata-por-la-salud-organizada-por-la-asociacion-objetivo-diagnostico-y-el-hospital-universitario-del-vinalopo-reune-a-mas-de-450-personas\/\" \/>\n<meta property=\"og:locale\" content=\"es_ES\" \/>\n<meta property=\"og:type\" content=\"article\" \/>\n<meta property=\"og:title\" content=\"La I Caminata por la Salud, organizada por la Asociaci\u00f3n Objetivo Diagn\u00f3stico y el Hospital Universitario del Vinalop\u00f3 re\u00fane a m\u00e1s de 450 personas - Ribera Activa\" \/>\n<meta property=\"og:description\" content=\"Los fondos recaudados se destinar\u00e1n \u00edntegramente a programas de terapia psicol\u00f3gica para pacientes y familiares.\" \/>\n<meta property=\"og:url\" content=\"https:\/\/riberasalud.com\/deporteysalud\/la-i-caminata-por-la-salud-organizada-por-la-asociacion-objetivo-diagnostico-y-el-hospital-universitario-del-vinalopo-reune-a-mas-de-450-personas\/\" \/>\n<meta property=\"og:site_name\" content=\"Ribera Activa\" \/>\n<meta property=\"article:published_time\" content=\"2026-04-27T14:42:52+00:00\" \/>\n<meta property=\"article:modified_time\" content=\"2026-04-27T14:42:53+00:00\" \/>\n<meta property=\"og:image\" content=\"https:\/\/riberasalud.com\/deporteysalud\/wp-content\/uploads\/2026\/04\/Objetivo-Diagnostico-y-el-Hospital-Universitario-del-Vinalopo.jpg\" \/>\n\t<meta property=\"og:image:width\" content=\"800\" \/>\n\t<meta property=\"og:image:height\" content=\"533\" \/>\n\t<meta property=\"og:image:type\" content=\"image\/jpeg\" \/>\n<meta name=\"author\" content=\"estefania\" \/>\n<meta name=\"twitter:card\" content=\"summary_large_image\" \/>\n<meta name=\"twitter:label1\" content=\"Escrito por\" \/>\n\t<meta name=\"twitter:data1\" content=\"estefania\" \/>\n\t<meta name=\"twitter:label2\" content=\"Tiempo de lectura\" \/>\n\t<meta name=\"twitter:data2\" content=\"3 minutos\" \/>\n<script type=\"application\/ld+json\" class=\"yoast-schema-graph\">{\"@context\":\"https:\/\/schema.org\",\"@graph\":[{\"@type\":\"Article\",\"@id\":\"https:\/\/riberasalud.com\/deporteysalud\/la-i-caminata-por-la-salud-organizada-por-la-asociacion-objetivo-diagnostico-y-el-hospital-universitario-del-vinalopo-reune-a-mas-de-450-personas\/#article\",\"isPartOf\":{\"@id\":\"https:\/\/riberasalud.com\/deporteysalud\/la-i-caminata-por-la-salud-organizada-por-la-asociacion-objetivo-diagnostico-y-el-hospital-universitario-del-vinalopo-reune-a-mas-de-450-personas\/\"},\"author\":{\"name\":\"estefania\",\"@id\":\"https:\/\/riberasalud.com\/deporteysalud\/#\/schema\/person\/22f19f017b60c6c9c89ab6c9cd3a7c2b\"},\"headline\":\"La I Caminata por la Salud, organizada por la Asociaci\u00f3n Objetivo Diagn\u00f3stico y el Hospital Universitario del Vinalop\u00f3 re\u00fane a m\u00e1s de 450 personas\",\"datePublished\":\"2026-04-27T14:42:52+00:00\",\"dateModified\":\"2026-04-27T14:42:53+00:00\",\"mainEntityOfPage\":{\"@id\":\"https:\/\/riberasalud.com\/deporteysalud\/la-i-caminata-por-la-salud-organizada-por-la-asociacion-objetivo-diagnostico-y-el-hospital-universitario-del-vinalopo-reune-a-mas-de-450-personas\/\"},\"wordCount\":538,\"commentCount\":0,\"publisher\":{\"@id\":\"https:\/\/riberasalud.com\/deporteysalud\/#organization\"},\"image\":{\"@id\":\"https:\/\/riberasalud.com\/deporteysalud\/la-i-caminata-por-la-salud-organizada-por-la-asociacion-objetivo-diagnostico-y-el-hospital-universitario-del-vinalopo-reune-a-mas-de-450-personas\/#primaryimage\"},\"thumbnailUrl\":\"https:\/\/riberasalud.com\/deporteysalud\/wp-content\/uploads\/2026\/04\/Objetivo-Diagnostico-y-el-Hospital-Universitario-del-Vinalopo.jpg\",\"keywords\":[\"Asociaci\u00f3n Objetivo Diagn\u00f3stico\",\"caminata\",\"caminata por la salud\",\"Hospital Universitario del Vinalop\u00f3\",\"recaudaci\u00f3n\"],\"articleSection\":[\"Colaboraciones\",\"Promoci\u00f3n de la salud\"],\"inLanguage\":\"es\",\"potentialAction\":[{\"@type\":\"CommentAction\",\"name\":\"Comment\",\"target\":[\"https:\/\/riberasalud.com\/deporteysalud\/la-i-caminata-por-la-salud-organizada-por-la-asociacion-objetivo-diagnostico-y-el-hospital-universitario-del-vinalopo-reune-a-mas-de-450-personas\/#respond\"]}]},{\"@type\":\"WebPage\",\"@id\":\"https:\/\/riberasalud.com\/deporteysalud\/la-i-caminata-por-la-salud-organizada-por-la-asociacion-objetivo-diagnostico-y-el-hospital-universitario-del-vinalopo-reune-a-mas-de-450-personas\/\",\"url\":\"https:\/\/riberasalud.com\/deporteysalud\/la-i-caminata-por-la-salud-organizada-por-la-asociacion-objetivo-diagnostico-y-el-hospital-universitario-del-vinalopo-reune-a-mas-de-450-personas\/\",\"name\":\"La I Caminata por la Salud, organizada por la Asociaci\u00f3n Objetivo Diagn\u00f3stico y el Hospital Universitario del Vinalop\u00f3 re\u00fane a m\u00e1s de 450 personas - Ribera Activa\",\"isPartOf\":{\"@id\":\"https:\/\/riberasalud.com\/deporteysalud\/#website\"},\"primaryImageOfPage\":{\"@id\":\"https:\/\/riberasalud.com\/deporteysalud\/la-i-caminata-por-la-salud-organizada-por-la-asociacion-objetivo-diagnostico-y-el-hospital-universitario-del-vinalopo-reune-a-mas-de-450-personas\/#primaryimage\"},\"image\":{\"@id\":\"https:\/\/riberasalud.com\/deporteysalud\/la-i-caminata-por-la-salud-organizada-por-la-asociacion-objetivo-diagnostico-y-el-hospital-universitario-del-vinalopo-reune-a-mas-de-450-personas\/#primaryimage\"},\"thumbnailUrl\":\"https:\/\/riberasalud.com\/deporteysalud\/wp-content\/uploads\/2026\/04\/Objetivo-Diagnostico-y-el-Hospital-Universitario-del-Vinalopo.jpg\",\"datePublished\":\"2026-04-27T14:42:52+00:00\",\"dateModified\":\"2026-04-27T14:42:53+00:00\",\"description\":\"Los fondos recaudados se destinar\u00e1n \u00edntegramente a programas de terapia psicol\u00f3gica para pacientes y familiares.\",\"breadcrumb\":{\"@id\":\"https:\/\/riberasalud.com\/deporteysalud\/la-i-caminata-por-la-salud-organizada-por-la-asociacion-objetivo-diagnostico-y-el-hospital-universitario-del-vinalopo-reune-a-mas-de-450-personas\/#breadcrumb\"},\"inLanguage\":\"es\",\"potentialAction\":[{\"@type\":\"ReadAction\",\"target\":[\"https:\/\/riberasalud.com\/deporteysalud\/la-i-caminata-por-la-salud-organizada-por-la-asociacion-objetivo-diagnostico-y-el-hospital-universitario-del-vinalopo-reune-a-mas-de-450-personas\/\"]}]},{\"@type\":\"ImageObject\",\"inLanguage\":\"es\",\"@id\":\"https:\/\/riberasalud.com\/deporteysalud\/la-i-caminata-por-la-salud-organizada-por-la-asociacion-objetivo-diagnostico-y-el-hospital-universitario-del-vinalopo-reune-a-mas-de-450-personas\/#primaryimage\",\"url\":\"https:\/\/riberasalud.com\/deporteysalud\/wp-content\/uploads\/2026\/04\/Objetivo-Diagnostico-y-el-Hospital-Universitario-del-Vinalopo.jpg\",\"contentUrl\":\"https:\/\/riberasalud.com\/deporteysalud\/wp-content\/uploads\/2026\/04\/Objetivo-Diagnostico-y-el-Hospital-Universitario-del-Vinalopo.jpg\",\"width\":800,\"height\":533,\"caption\":\"Objetivo Diagn\u00f3stico y el Hospital Universitario del Vinalop\u00f3\"},{\"@type\":\"BreadcrumbList\",\"@id\":\"https:\/\/riberasalud.com\/deporteysalud\/la-i-caminata-por-la-salud-organizada-por-la-asociacion-objetivo-diagnostico-y-el-hospital-universitario-del-vinalopo-reune-a-mas-de-450-personas\/#breadcrumb\",\"itemListElement\":[{\"@type\":\"ListItem\",\"position\":1,\"name\":\"Portada\",\"item\":\"https:\/\/riberasalud.com\/deporteysalud\/\"},{\"@type\":\"ListItem\",\"position\":2,\"name\":\"La I Caminata por la Salud, organizada por la Asociaci\u00f3n Objetivo Diagn\u00f3stico y el Hospital Universitario del Vinalop\u00f3 re\u00fane a m\u00e1s de 450 personas\"}]},{\"@type\":\"WebSite\",\"@id\":\"https:\/\/riberasalud.com\/deporteysalud\/#website\",\"url\":\"https:\/\/riberasalud.com\/deporteysalud\/\",\"name\":\"Ribera Activa\",\"description\":\"El programa del grupo sanitario Ribera que promueve el ejercicio f\u00edsico como herramienta terap\u00e9utica\",\"publisher\":{\"@id\":\"https:\/\/riberasalud.com\/deporteysalud\/#organization\"},\"potentialAction\":[{\"@type\":\"SearchAction\",\"target\":{\"@type\":\"EntryPoint\",\"urlTemplate\":\"https:\/\/riberasalud.com\/deporteysalud\/?s={search_term_string}\"},\"query-input\":{\"@type\":\"PropertyValueSpecification\",\"valueRequired\":true,\"valueName\":\"search_term_string\"}}],\"inLanguage\":\"es\"},{\"@type\":\"Organization\",\"@id\":\"https:\/\/riberasalud.com\/deporteysalud\/#organization\",\"name\":\"Ribera Activa\",\"url\":\"https:\/\/riberasalud.com\/deporteysalud\/\",\"logo\":{\"@type\":\"ImageObject\",\"inLanguage\":\"es\",\"@id\":\"https:\/\/riberasalud.com\/deporteysalud\/#\/schema\/logo\/image\/\",\"url\":\"https:\/\/riberasalud.com\/deporteysalud\/wp-content\/uploads\/2024\/04\/cropped-cropped-Logotipo-Red-qgbhgk-2.png\",\"contentUrl\":\"https:\/\/riberasalud.com\/deporteysalud\/wp-content\/uploads\/2024\/04\/cropped-cropped-Logotipo-Red-qgbhgk-2.png\",\"width\":1000,\"height\":395,\"caption\":\"Ribera Activa\"},\"image\":{\"@id\":\"https:\/\/riberasalud.com\/deporteysalud\/#\/schema\/logo\/image\/\"}},{\"@type\":\"Person\",\"@id\":\"https:\/\/riberasalud.com\/deporteysalud\/#\/schema\/person\/22f19f017b60c6c9c89ab6c9cd3a7c2b\",\"name\":\"estefania\",\"image\":{\"@type\":\"ImageObject\",\"inLanguage\":\"es\",\"@id\":\"https:\/\/riberasalud.com\/deporteysalud\/#\/schema\/person\/image\/\",\"url\":\"https:\/\/secure.gravatar.com\/avatar\/a85fae620a4b55e357435afcf1564a9b71ea2bace4d4b822ae94121112160aa4?s=96&d=mm&r=g\",\"contentUrl\":\"https:\/\/secure.gravatar.com\/avatar\/a85fae620a4b55e357435afcf1564a9b71ea2bace4d4b822ae94121112160aa4?s=96&d=mm&r=g\",\"caption\":\"estefania\"},\"url\":\"https:\/\/riberasalud.com\/deporteysalud\/author\/estefania\/\"}]}<\/script>\n<!-- \/ Yoast SEO plugin. -->","yoast_head_json":{"title":"La I Caminata por la Salud, organizada por la Asociaci\u00f3n Objetivo Diagn\u00f3stico y el Hospital Universitario del Vinalop\u00f3 re\u00fane a m\u00e1s de 450 personas - Ribera Activa","description":"Los fondos recaudados se destinar\u00e1n \u00edntegramente a programas de terapia psicol\u00f3gica para pacientes y familiares.","robots":{"index":"index","follow":"follow","max-snippet":"max-snippet:-1","max-image-preview":"max-image-preview:large","max-video-preview":"max-video-preview:-1"},"canonical":"https:\/\/riberasalud.com\/deporteysalud\/la-i-caminata-por-la-salud-organizada-por-la-asociacion-objetivo-diagnostico-y-el-hospital-universitario-del-vinalopo-reune-a-mas-de-450-personas\/","og_locale":"es_ES","og_type":"article","og_title":"La I Caminata por la Salud, organizada por la Asociaci\u00f3n Objetivo Diagn\u00f3stico y el Hospital Universitario del Vinalop\u00f3 re\u00fane a m\u00e1s de 450 personas - Ribera Activa","og_description":"Los fondos recaudados se destinar\u00e1n \u00edntegramente a programas de terapia psicol\u00f3gica para pacientes y familiares.","og_url":"https:\/\/riberasalud.com\/deporteysalud\/la-i-caminata-por-la-salud-organizada-por-la-asociacion-objetivo-diagnostico-y-el-hospital-universitario-del-vinalopo-reune-a-mas-de-450-personas\/","og_site_name":"Ribera Activa","article_published_time":"2026-04-27T14:42:52+00:00","article_modified_time":"2026-04-27T14:42:53+00:00","og_image":[{"width":800,"height":533,"url":"https:\/\/riberasalud.com\/deporteysalud\/wp-content\/uploads\/2026\/04\/Objetivo-Diagnostico-y-el-Hospital-Universitario-del-Vinalopo.jpg","type":"image\/jpeg"}],"author":"estefania","twitter_card":"summary_large_image","twitter_misc":{"Escrito por":"estefania","Tiempo de lectura":"3 minutos"},"schema":{"@context":"https:\/\/schema.org","@graph":[{"@type":"Article","@id":"https:\/\/riberasalud.com\/deporteysalud\/la-i-caminata-por-la-salud-organizada-por-la-asociacion-objetivo-diagnostico-y-el-hospital-universitario-del-vinalopo-reune-a-mas-de-450-personas\/#article","isPartOf":{"@id":"https:\/\/riberasalud.com\/deporteysalud\/la-i-caminata-por-la-salud-organizada-por-la-asociacion-objetivo-diagnostico-y-el-hospital-universitario-del-vinalopo-reune-a-mas-de-450-personas\/"},"author":{"name":"estefania","@id":"https:\/\/riberasalud.com\/deporteysalud\/#\/schema\/person\/22f19f017b60c6c9c89ab6c9cd3a7c2b"},"headline":"La I Caminata por la Salud, organizada por la Asociaci\u00f3n Objetivo Diagn\u00f3stico y el Hospital Universitario del Vinalop\u00f3 re\u00fane a m\u00e1s de 450 personas","datePublished":"2026-04-27T14:42:52+00:00","dateModified":"2026-04-27T14:42:53+00:00","mainEntityOfPage":{"@id":"https:\/\/riberasalud.com\/deporteysalud\/la-i-caminata-por-la-salud-organizada-por-la-asociacion-objetivo-diagnostico-y-el-hospital-universitario-del-vinalopo-reune-a-mas-de-450-personas\/"},"wordCount":538,"commentCount":0,"publisher":{"@id":"https:\/\/riberasalud.com\/deporteysalud\/#organization"},"image":{"@id":"https:\/\/riberasalud.com\/deporteysalud\/la-i-caminata-por-la-salud-organizada-por-la-asociacion-objetivo-diagnostico-y-el-hospital-universitario-del-vinalopo-reune-a-mas-de-450-personas\/#primaryimage"},"thumbnailUrl":"https:\/\/riberasalud.com\/deporteysalud\/wp-content\/uploads\/2026\/04\/Objetivo-Diagnostico-y-el-Hospital-Universitario-del-Vinalopo.jpg","keywords":["Asociaci\u00f3n Objetivo Diagn\u00f3stico","caminata","caminata por la salud","Hospital Universitario del Vinalop\u00f3","recaudaci\u00f3n"],"articleSection":["Colaboraciones","Promoci\u00f3n de la salud"],"inLanguage":"es","potentialAction":[{"@type":"CommentAction","name":"Comment","target":["https:\/\/riberasalud.com\/deporteysalud\/la-i-caminata-por-la-salud-organizada-por-la-asociacion-objetivo-diagnostico-y-el-hospital-universitario-del-vinalopo-reune-a-mas-de-450-personas\/#respond"]}]},{"@type":"WebPage","@id":"https:\/\/riberasalud.com\/deporteysalud\/la-i-caminata-por-la-salud-organizada-por-la-asociacion-objetivo-diagnostico-y-el-hospital-universitario-del-vinalopo-reune-a-mas-de-450-personas\/","url":"https:\/\/riberasalud.com\/deporteysalud\/la-i-caminata-por-la-salud-organizada-por-la-asociacion-objetivo-diagnostico-y-el-hospital-universitario-del-vinalopo-reune-a-mas-de-450-personas\/","name":"La I Caminata por la Salud, organizada por la Asociaci\u00f3n Objetivo Diagn\u00f3stico y el Hospital Universitario del Vinalop\u00f3 re\u00fane a m\u00e1s de 450 personas - Ribera Activa","isPartOf":{"@id":"https:\/\/riberasalud.com\/deporteysalud\/#website"},"primaryImageOfPage":{"@id":"https:\/\/riberasalud.com\/deporteysalud\/la-i-caminata-por-la-salud-organizada-por-la-asociacion-objetivo-diagnostico-y-el-hospital-universitario-del-vinalopo-reune-a-mas-de-450-personas\/#primaryimage"},"image":{"@id":"https:\/\/riberasalud.com\/deporteysalud\/la-i-caminata-por-la-salud-organizada-por-la-asociacion-objetivo-diagnostico-y-el-hospital-universitario-del-vinalopo-reune-a-mas-de-450-personas\/#primaryimage"},"thumbnailUrl":"https:\/\/riberasalud.com\/deporteysalud\/wp-content\/uploads\/2026\/04\/Objetivo-Diagnostico-y-el-Hospital-Universitario-del-Vinalopo.jpg","datePublished":"2026-04-27T14:42:52+00:00","dateModified":"2026-04-27T14:42:53+00:00","description":"Los fondos recaudados se destinar\u00e1n \u00edntegramente a programas de terapia psicol\u00f3gica para pacientes y familiares.","breadcrumb":{"@id":"https:\/\/riberasalud.com\/deporteysalud\/la-i-caminata-por-la-salud-organizada-por-la-asociacion-objetivo-diagnostico-y-el-hospital-universitario-del-vinalopo-reune-a-mas-de-450-personas\/#breadcrumb"},"inLanguage":"es","potentialAction":[{"@type":"ReadAction","target":["https:\/\/riberasalud.com\/deporteysalud\/la-i-caminata-por-la-salud-organizada-por-la-asociacion-objetivo-diagnostico-y-el-hospital-universitario-del-vinalopo-reune-a-mas-de-450-personas\/"]}]},{"@type":"ImageObject","inLanguage":"es","@id":"https:\/\/riberasalud.com\/deporteysalud\/la-i-caminata-por-la-salud-organizada-por-la-asociacion-objetivo-diagnostico-y-el-hospital-universitario-del-vinalopo-reune-a-mas-de-450-personas\/#primaryimage","url":"https:\/\/riberasalud.com\/deporteysalud\/wp-content\/uploads\/2026\/04\/Objetivo-Diagnostico-y-el-Hospital-Universitario-del-Vinalopo.jpg","contentUrl":"https:\/\/riberasalud.com\/deporteysalud\/wp-content\/uploads\/2026\/04\/Objetivo-Diagnostico-y-el-Hospital-Universitario-del-Vinalopo.jpg","width":800,"height":533,"caption":"Objetivo Diagn\u00f3stico y el Hospital Universitario del Vinalop\u00f3"},{"@type":"BreadcrumbList","@id":"https:\/\/riberasalud.com\/deporteysalud\/la-i-caminata-por-la-salud-organizada-por-la-asociacion-objetivo-diagnostico-y-el-hospital-universitario-del-vinalopo-reune-a-mas-de-450-personas\/#breadcrumb","itemListElement":[{"@type":"ListItem","position":1,"name":"Portada","item":"https:\/\/riberasalud.com\/deporteysalud\/"},{"@type":"ListItem","position":2,"name":"La I Caminata por la Salud, organizada por la Asociaci\u00f3n Objetivo Diagn\u00f3stico y el Hospital Universitario del Vinalop\u00f3 re\u00fane a m\u00e1s de 450 personas"}]},{"@type":"WebSite","@id":"https:\/\/riberasalud.com\/deporteysalud\/#website","url":"https:\/\/riberasalud.com\/deporteysalud\/","name":"Ribera Activa","description":"El programa del grupo sanitario Ribera que promueve el ejercicio f\u00edsico como herramienta terap\u00e9utica","publisher":{"@id":"https:\/\/riberasalud.com\/deporteysalud\/#organization"},"potentialAction":[{"@type":"SearchAction","target":{"@type":"EntryPoint","urlTemplate":"https:\/\/riberasalud.com\/deporteysalud\/?s={search_term_string}"},"query-input":{"@type":"PropertyValueSpecification","valueRequired":true,"valueName":"search_term_string"}}],"inLanguage":"es"},{"@type":"Organization","@id":"https:\/\/riberasalud.com\/deporteysalud\/#organization","name":"Ribera Activa","url":"https:\/\/riberasalud.com\/deporteysalud\/","logo":{"@type":"ImageObject","inLanguage":"es","@id":"https:\/\/riberasalud.com\/deporteysalud\/#\/schema\/logo\/image\/","url":"https:\/\/riberasalud.com\/deporteysalud\/wp-content\/uploads\/2024\/04\/cropped-cropped-Logotipo-Red-qgbhgk-2.png","contentUrl":"https:\/\/riberasalud.com\/deporteysalud\/wp-content\/uploads\/2024\/04\/cropped-cropped-Logotipo-Red-qgbhgk-2.png","width":1000,"height":395,"caption":"Ribera Activa"},"image":{"@id":"https:\/\/riberasalud.com\/deporteysalud\/#\/schema\/logo\/image\/"}},{"@type":"Person","@id":"https:\/\/riberasalud.com\/deporteysalud\/#\/schema\/person\/22f19f017b60c6c9c89ab6c9cd3a7c2b","name":"estefania","image":{"@type":"ImageObject","inLanguage":"es","@id":"https:\/\/riberasalud.com\/deporteysalud\/#\/schema\/person\/image\/","url":"https:\/\/secure.gravatar.com\/avatar\/a85fae620a4b55e357435afcf1564a9b71ea2bace4d4b822ae94121112160aa4?s=96&d=mm&r=g","contentUrl":"https:\/\/secure.gravatar.com\/avatar\/a85fae620a4b55e357435afcf1564a9b71ea2bace4d4b822ae94121112160aa4?s=96&d=mm&r=g","caption":"estefania"},"url":"https:\/\/riberasalud.com\/deporteysalud\/author\/estefania\/"}]}},"_links":{"self":[{"href":"https:\/\/riberasalud.com\/deporteysalud\/wp-json\/wp\/v2\/posts\/614","targetHints":{"allow":["GET"]}}],"collection":[{"href":"https:\/\/riberasalud.com\/deporteysalud\/wp-json\/wp\/v2\/posts"}],"about":[{"href":"https:\/\/riberasalud.com\/deporteysalud\/wp-json\/wp\/v2\/types\/post"}],"author":[{"embeddable":true,"href":"https:\/\/riberasalud.com\/deporteysalud\/wp-json\/wp\/v2\/users\/4"}],"replies":[{"embeddable":true,"href":"https:\/\/riberasalud.com\/deporteysalud\/wp-json\/wp\/v2\/comments?post=614"}],"version-history":[{"count":2,"href":"https:\/\/riberasalud.com\/deporteysalud\/wp-json\/wp\/v2\/posts\/614\/revisions"}],"predecessor-version":[{"id":617,"href":"https:\/\/riberasalud.com\/deporteysalud\/wp-json\/wp\/v2\/posts\/614\/revisions\/617"}],"wp:featuredmedia":[{"embeddable":true,"href":"https:\/\/riberasalud.com\/deporteysalud\/wp-json\/wp\/v2\/media\/616"}],"wp:attachment":[{"href":"https:\/\/riberasalud.com\/deporteysalud\/wp-json\/wp\/v2\/media?parent=614"}],"wp:term":[{"taxonomy":"category","embeddable":true,"href":"https:\/\/riberasalud.com\/deporteysalud\/wp-json\/wp\/v2\/categories?post=614"},{"taxonomy":"post_tag","embeddable":true,"href":"https:\/\/riberasalud.com\/deporteysalud\/wp-json\/wp\/v2\/tags?post=614"}],"curies":[{"name":"wp","href":"https:\/\/api.w.org\/{rel}","templated":true}]}}