{"id":4637,"date":"2022-05-02T09:29:05","date_gmt":"2022-05-02T09:29:05","guid":{"rendered":"http:\/\/cepovisa.com\/?p=4614"},"modified":"2022-07-18T09:24:12","modified_gmt":"2022-07-18T09:24:12","slug":"discamino-hace-escala-cepovisa-jueves-5-de-mayo","status":"publish","type":"post","link":"https:\/\/riberasalud.com\/cepovisa\/2022\/05\/02\/discamino-hace-escala-cepovisa-jueves-5-de-mayo\/","title":{"rendered":"DisCamino hace escala en Cepovisa los pr\u00f3ximos 9 y 12 de mayo","gt_translate_keys":[{"key":"rendered","format":"text"}]},"content":{"rendered":"<p>Cepovisa acoger\u00e1 los pr\u00f3ximos 9 y 12 de mayo un doble encuentro con DisCamino. Los miembros de la asociaci\u00f3n fundada por Javier Pitillas compartir\u00e1n con los estudiantes de Enfermer\u00eda, en esta primera cita, sus historias de superaci\u00f3n y el inmenso trabajo que todos sus integrantes llevan a cabo y que se ha visto reconocido con distinciones tan relevantes como la Medalla de Orden de M\u00e9rito Civil de la Casa Real, Vigu\u00e9s Distinguido del Ayuntamiento de Vigo o la Medalla Castelao de la Xunta de Galicia.<\/p>\n<p>DisCamino naci\u00f3 en 2009 para ayudar a personas con discapacidad f\u00edsica y ps\u00edquica a realizar el Camino de Santiago en t\u00e1ndems adaptados, una iniciativa del sordociego Gerardo Fern\u00e1ndez y de Javier Pitillas, entrenador de atletas invidentes y polic\u00eda local de Vigo.&nbsp; En la actualidad, centran sus actividades en el entrenamiento de ciclismo y senderismo adaptados, charlas en colegios e institutos, rutas de media y larga duraci\u00f3n y pruebas deportivas puntuales.<\/p>\n<p>Ribera Povisa acompa\u00f1a desde 2015 a los miembros de DisCamino en todas sus actividades, de las que hace part\u00edcipes ahora a los alumnos y profesores de Cepovisa con estos encuentros que aportar\u00e1n, seguro, una gran fuente de motivaci\u00f3n.<\/p>\n<p><strong>D\u00f3nde<\/strong>: Cepovisa.<\/p>\n<p><strong>Cu\u00e1ndo (cambio de fecha)<\/strong>:<\/p>\n<ul>\n<li>Lunes 9 de mayo a las 15 horas: 1\u00ba de Enfermer\u00eda.<\/li>\n<li>Jueves 12 de mayo a las 19 horas: Estudiantes de Enfermer\u00eda.<\/li>\n<li>Estudiantes de 3\u00ba y 4\u00ba curso, en formato on-line.<\/li>\n<\/ul>\n","protected":false,"gt_translate_keys":[{"key":"rendered","format":"html"}]},"excerpt":{"rendered":"<p>Cepovisa acoger\u00e1 los pr\u00f3ximos 9 y 12 de mayo un doble encuentro con DisCamino. Los miembros de la asociaci\u00f3n fundada por Javier Pitillas compartir\u00e1n con los estudiantes de Enfermer\u00eda, en esta primera cita, sus historias de superaci\u00f3n y el inmenso trabajo que todos sus integrantes llevan a cabo y que se ha visto reconocido con &#8230; <a title=\"DisCamino hace escala en Cepovisa los pr\u00f3ximos 9 y 12 de mayo\" class=\"read-more\" href=\"https:\/\/riberasalud.com\/cepovisa\/2022\/05\/02\/discamino-hace-escala-cepovisa-jueves-5-de-mayo\/\" aria-label=\"Leer m\u00e1s sobre DisCamino hace escala en Cepovisa los pr\u00f3ximos 9 y 12 de mayo\">Leer m\u00e1s<\/a><\/p>\n","protected":false,"gt_translate_keys":[{"key":"rendered","format":"html"}]},"author":1,"featured_media":4922,"comment_status":"closed","ping_status":"open","sticky":false,"template":"","format":"standard","meta":{"_mi_skip_tracking":false,"footnotes":""},"categories":[27],"tags":[63,19,22,64],"class_list":["post-4637","post","type-post","status-publish","format-standard","has-post-thumbnail","hentry","category-grado-de-enfermeria","tag-discamino","tag-enfermeria","tag-solidaridad","tag-voluntariado"],"yoast_head":"<!-- This site is optimized with the Yoast SEO plugin v26.6 - https:\/\/yoast.com\/wordpress\/plugins\/seo\/ -->\n<title>DisCamino hace escala en Cepovisa los pr\u00f3ximos 9 y 12 de mayo - Cepovisa<\/title>\n<meta name=\"description\" content=\"Cepovisa acoger\u00e1 este jueves 5 de mayo un doble encuentro con DisCamino. Los miembros de la asociaci\u00f3n fundada por Javier Pitillas compartir\u00e1n con los alumnos de FP, en esta primera cita, sus historias de superaci\u00f3n.\u00a0\" \/>\n<meta name=\"robots\" content=\"index, follow, max-snippet:-1, max-image-preview:large, max-video-preview:-1\" \/>\n<link rel=\"canonical\" href=\"https:\/\/riberasalud.com\/cepovisa\/2022\/05\/02\/discamino-hace-escala-cepovisa-jueves-5-de-mayo\/\" \/>\n<meta property=\"og:locale\" content=\"es_ES\" \/>\n<meta property=\"og:type\" content=\"article\" \/>\n<meta property=\"og:title\" content=\"DisCamino hace escala en Cepovisa los pr\u00f3ximos 9 y 12 de mayo - Cepovisa\" \/>\n<meta property=\"og:description\" content=\"Cepovisa acoger\u00e1 este jueves 5 de mayo un doble encuentro con DisCamino. Los miembros de la asociaci\u00f3n fundada por Javier Pitillas compartir\u00e1n con los alumnos de FP, en esta primera cita, sus historias de superaci\u00f3n.\u00a0\" \/>\n<meta property=\"og:url\" content=\"https:\/\/riberasalud.com\/cepovisa\/2022\/05\/02\/discamino-hace-escala-cepovisa-jueves-5-de-mayo\/\" \/>\n<meta property=\"og:site_name\" content=\"Cepovisa\" \/>\n<meta property=\"article:published_time\" content=\"2022-05-02T09:29:05+00:00\" \/>\n<meta property=\"article:modified_time\" content=\"2022-07-18T09:24:12+00:00\" \/>\n<meta property=\"og:image\" content=\"https:\/\/riberasalud.com\/cepovisa\/wp-content\/uploads\/2022\/05\/w7.png\" \/>\n\t<meta property=\"og:image:width\" content=\"1024\" \/>\n\t<meta property=\"og:image:height\" content=\"768\" \/>\n\t<meta property=\"og:image:type\" content=\"image\/png\" \/>\n<meta name=\"author\" content=\"jorge@quois.com\" \/>\n<meta name=\"twitter:card\" content=\"summary_large_image\" \/>\n<meta name=\"twitter:label1\" content=\"Escrito por\" \/>\n\t<meta name=\"twitter:data1\" content=\"jorge@quois.com\" \/>\n\t<meta name=\"twitter:label2\" content=\"Tiempo de lectura\" \/>\n\t<meta name=\"twitter:data2\" content=\"1 minuto\" \/>\n<script type=\"application\/ld+json\" class=\"yoast-schema-graph\">{\"@context\":\"https:\/\/schema.org\",\"@graph\":[{\"@type\":\"Article\",\"@id\":\"https:\/\/riberasalud.com\/cepovisa\/2022\/05\/02\/discamino-hace-escala-cepovisa-jueves-5-de-mayo\/#article\",\"isPartOf\":{\"@id\":\"https:\/\/riberasalud.com\/cepovisa\/2022\/05\/02\/discamino-hace-escala-cepovisa-jueves-5-de-mayo\/\"},\"author\":{\"name\":\"jorge@quois.com\",\"@id\":\"https:\/\/riberasalud.com\/cepovisa\/#\/schema\/person\/4023720979c28eca7110e8246b933e0e\"},\"headline\":\"DisCamino hace escala en Cepovisa los pr\u00f3ximos 9 y 12 de mayo\",\"datePublished\":\"2022-05-02T09:29:05+00:00\",\"dateModified\":\"2022-07-18T09:24:12+00:00\",\"mainEntityOfPage\":{\"@id\":\"https:\/\/riberasalud.com\/cepovisa\/2022\/05\/02\/discamino-hace-escala-cepovisa-jueves-5-de-mayo\/\"},\"wordCount\":252,\"publisher\":{\"@id\":\"https:\/\/riberasalud.com\/cepovisa\/#organization\"},\"image\":{\"@id\":\"https:\/\/riberasalud.com\/cepovisa\/2022\/05\/02\/discamino-hace-escala-cepovisa-jueves-5-de-mayo\/#primaryimage\"},\"thumbnailUrl\":\"https:\/\/riberasalud.com\/cepovisa\/wp-content\/uploads\/2022\/05\/w7.png\",\"keywords\":[\"DisCamino\",\"enfermer\u00eda\",\"solidaridad\",\"Voluntariado\"],\"articleSection\":[\"GRADO DE ENFERMER\u00cdA\"],\"inLanguage\":\"es\"},{\"@type\":\"WebPage\",\"@id\":\"https:\/\/riberasalud.com\/cepovisa\/2022\/05\/02\/discamino-hace-escala-cepovisa-jueves-5-de-mayo\/\",\"url\":\"https:\/\/riberasalud.com\/cepovisa\/2022\/05\/02\/discamino-hace-escala-cepovisa-jueves-5-de-mayo\/\",\"name\":\"DisCamino hace escala en Cepovisa los pr\u00f3ximos 9 y 12 de mayo - Cepovisa\",\"isPartOf\":{\"@id\":\"https:\/\/riberasalud.com\/cepovisa\/#website\"},\"primaryImageOfPage\":{\"@id\":\"https:\/\/riberasalud.com\/cepovisa\/2022\/05\/02\/discamino-hace-escala-cepovisa-jueves-5-de-mayo\/#primaryimage\"},\"image\":{\"@id\":\"https:\/\/riberasalud.com\/cepovisa\/2022\/05\/02\/discamino-hace-escala-cepovisa-jueves-5-de-mayo\/#primaryimage\"},\"thumbnailUrl\":\"https:\/\/riberasalud.com\/cepovisa\/wp-content\/uploads\/2022\/05\/w7.png\",\"datePublished\":\"2022-05-02T09:29:05+00:00\",\"dateModified\":\"2022-07-18T09:24:12+00:00\",\"description\":\"Cepovisa acoger\u00e1 este jueves 5 de mayo un doble encuentro con DisCamino. Los miembros de la asociaci\u00f3n fundada por Javier Pitillas compartir\u00e1n con los alumnos de FP, en esta primera cita, sus historias de superaci\u00f3n.\u00a0\",\"breadcrumb\":{\"@id\":\"https:\/\/riberasalud.com\/cepovisa\/2022\/05\/02\/discamino-hace-escala-cepovisa-jueves-5-de-mayo\/#breadcrumb\"},\"inLanguage\":\"es\",\"potentialAction\":[{\"@type\":\"ReadAction\",\"target\":[\"https:\/\/riberasalud.com\/cepovisa\/2022\/05\/02\/discamino-hace-escala-cepovisa-jueves-5-de-mayo\/\"]}]},{\"@type\":\"ImageObject\",\"inLanguage\":\"es\",\"@id\":\"https:\/\/riberasalud.com\/cepovisa\/2022\/05\/02\/discamino-hace-escala-cepovisa-jueves-5-de-mayo\/#primaryimage\",\"url\":\"https:\/\/riberasalud.com\/cepovisa\/wp-content\/uploads\/2022\/05\/w7.png\",\"contentUrl\":\"https:\/\/riberasalud.com\/cepovisa\/wp-content\/uploads\/2022\/05\/w7.png\",\"width\":1024,\"height\":768},{\"@type\":\"BreadcrumbList\",\"@id\":\"https:\/\/riberasalud.com\/cepovisa\/2022\/05\/02\/discamino-hace-escala-cepovisa-jueves-5-de-mayo\/#breadcrumb\",\"itemListElement\":[{\"@type\":\"ListItem\",\"position\":1,\"name\":\"Portada\",\"item\":\"https:\/\/riberasalud.com\/cepovisa\/\"},{\"@type\":\"ListItem\",\"position\":2,\"name\":\"DisCamino hace escala en Cepovisa los pr\u00f3ximos 9 y 12 de mayo\"}]},{\"@type\":\"WebSite\",\"@id\":\"https:\/\/riberasalud.com\/cepovisa\/#website\",\"url\":\"https:\/\/riberasalud.com\/cepovisa\/\",\"name\":\"Cepovisa\",\"description\":\"\",\"publisher\":{\"@id\":\"https:\/\/riberasalud.com\/cepovisa\/#organization\"},\"potentialAction\":[{\"@type\":\"SearchAction\",\"target\":{\"@type\":\"EntryPoint\",\"urlTemplate\":\"https:\/\/riberasalud.com\/cepovisa\/?s={search_term_string}\"},\"query-input\":{\"@type\":\"PropertyValueSpecification\",\"valueRequired\":true,\"valueName\":\"search_term_string\"}}],\"inLanguage\":\"es\"},{\"@type\":\"Organization\",\"@id\":\"https:\/\/riberasalud.com\/cepovisa\/#organization\",\"name\":\"Cepovisa\",\"url\":\"https:\/\/riberasalud.com\/cepovisa\/\",\"logo\":{\"@type\":\"ImageObject\",\"inLanguage\":\"es\",\"@id\":\"https:\/\/riberasalud.com\/cepovisa\/#\/schema\/logo\/image\/\",\"url\":\"https:\/\/riberasalud.com\/cepovisa\/wp-content\/uploads\/2024\/08\/cropped-FORMACIONPROFESIONAL-cepivsa-logo.png\",\"contentUrl\":\"https:\/\/riberasalud.com\/cepovisa\/wp-content\/uploads\/2024\/08\/cropped-FORMACIONPROFESIONAL-cepivsa-logo.png\",\"width\":847,\"height\":94,\"caption\":\"Cepovisa\"},\"image\":{\"@id\":\"https:\/\/riberasalud.com\/cepovisa\/#\/schema\/logo\/image\/\"}},{\"@type\":\"Person\",\"@id\":\"https:\/\/riberasalud.com\/cepovisa\/#\/schema\/person\/4023720979c28eca7110e8246b933e0e\",\"name\":\"jorge@quois.com\",\"image\":{\"@type\":\"ImageObject\",\"inLanguage\":\"es\",\"@id\":\"https:\/\/riberasalud.com\/cepovisa\/#\/schema\/person\/image\/\",\"url\":\"https:\/\/secure.gravatar.com\/avatar\/bca8cccf11ce6757dcdec6ce293d120c16d33c83aeb423357cce3f49f3abae94?s=96&d=mm&r=g\",\"contentUrl\":\"https:\/\/secure.gravatar.com\/avatar\/bca8cccf11ce6757dcdec6ce293d120c16d33c83aeb423357cce3f49f3abae94?s=96&d=mm&r=g\",\"caption\":\"jorge@quois.com\"},\"sameAs\":[\"https:\/\/riberasalud.com\/cepovisa\"],\"url\":\"https:\/\/riberasalud.com\/cepovisa\/author\/jorgequois-com\/\"}]}<\/script>\n<!-- \/ Yoast SEO plugin. -->","yoast_head_json":{"title":"DisCamino hace escala en Cepovisa los pr\u00f3ximos 9 y 12 de mayo - Cepovisa","description":"Cepovisa acoger\u00e1 este jueves 5 de mayo un doble encuentro con DisCamino. Los miembros de la asociaci\u00f3n fundada por Javier Pitillas compartir\u00e1n con los alumnos de FP, en esta primera cita, sus historias de superaci\u00f3n.\u00a0","robots":{"index":"index","follow":"follow","max-snippet":"max-snippet:-1","max-image-preview":"max-image-preview:large","max-video-preview":"max-video-preview:-1"},"canonical":"https:\/\/riberasalud.com\/cepovisa\/2022\/05\/02\/discamino-hace-escala-cepovisa-jueves-5-de-mayo\/","og_locale":"es_ES","og_type":"article","og_title":"DisCamino hace escala en Cepovisa los pr\u00f3ximos 9 y 12 de mayo - Cepovisa","og_description":"Cepovisa acoger\u00e1 este jueves 5 de mayo un doble encuentro con DisCamino. Los miembros de la asociaci\u00f3n fundada por Javier Pitillas compartir\u00e1n con los alumnos de FP, en esta primera cita, sus historias de superaci\u00f3n.\u00a0","og_url":"https:\/\/riberasalud.com\/cepovisa\/2022\/05\/02\/discamino-hace-escala-cepovisa-jueves-5-de-mayo\/","og_site_name":"Cepovisa","article_published_time":"2022-05-02T09:29:05+00:00","article_modified_time":"2022-07-18T09:24:12+00:00","og_image":[{"width":1024,"height":768,"url":"https:\/\/riberasalud.com\/cepovisa\/wp-content\/uploads\/2022\/05\/w7.png","type":"image\/png"}],"author":"jorge@quois.com","twitter_card":"summary_large_image","twitter_misc":{"Escrito por":"jorge@quois.com","Tiempo de lectura":"1 minuto"},"schema":{"@context":"https:\/\/schema.org","@graph":[{"@type":"Article","@id":"https:\/\/riberasalud.com\/cepovisa\/2022\/05\/02\/discamino-hace-escala-cepovisa-jueves-5-de-mayo\/#article","isPartOf":{"@id":"https:\/\/riberasalud.com\/cepovisa\/2022\/05\/02\/discamino-hace-escala-cepovisa-jueves-5-de-mayo\/"},"author":{"name":"jorge@quois.com","@id":"https:\/\/riberasalud.com\/cepovisa\/#\/schema\/person\/4023720979c28eca7110e8246b933e0e"},"headline":"DisCamino hace escala en Cepovisa los pr\u00f3ximos 9 y 12 de mayo","datePublished":"2022-05-02T09:29:05+00:00","dateModified":"2022-07-18T09:24:12+00:00","mainEntityOfPage":{"@id":"https:\/\/riberasalud.com\/cepovisa\/2022\/05\/02\/discamino-hace-escala-cepovisa-jueves-5-de-mayo\/"},"wordCount":252,"publisher":{"@id":"https:\/\/riberasalud.com\/cepovisa\/#organization"},"image":{"@id":"https:\/\/riberasalud.com\/cepovisa\/2022\/05\/02\/discamino-hace-escala-cepovisa-jueves-5-de-mayo\/#primaryimage"},"thumbnailUrl":"https:\/\/riberasalud.com\/cepovisa\/wp-content\/uploads\/2022\/05\/w7.png","keywords":["DisCamino","enfermer\u00eda","solidaridad","Voluntariado"],"articleSection":["GRADO DE ENFERMER\u00cdA"],"inLanguage":"es"},{"@type":"WebPage","@id":"https:\/\/riberasalud.com\/cepovisa\/2022\/05\/02\/discamino-hace-escala-cepovisa-jueves-5-de-mayo\/","url":"https:\/\/riberasalud.com\/cepovisa\/2022\/05\/02\/discamino-hace-escala-cepovisa-jueves-5-de-mayo\/","name":"DisCamino hace escala en Cepovisa los pr\u00f3ximos 9 y 12 de mayo - Cepovisa","isPartOf":{"@id":"https:\/\/riberasalud.com\/cepovisa\/#website"},"primaryImageOfPage":{"@id":"https:\/\/riberasalud.com\/cepovisa\/2022\/05\/02\/discamino-hace-escala-cepovisa-jueves-5-de-mayo\/#primaryimage"},"image":{"@id":"https:\/\/riberasalud.com\/cepovisa\/2022\/05\/02\/discamino-hace-escala-cepovisa-jueves-5-de-mayo\/#primaryimage"},"thumbnailUrl":"https:\/\/riberasalud.com\/cepovisa\/wp-content\/uploads\/2022\/05\/w7.png","datePublished":"2022-05-02T09:29:05+00:00","dateModified":"2022-07-18T09:24:12+00:00","description":"Cepovisa acoger\u00e1 este jueves 5 de mayo un doble encuentro con DisCamino. Los miembros de la asociaci\u00f3n fundada por Javier Pitillas compartir\u00e1n con los alumnos de FP, en esta primera cita, sus historias de superaci\u00f3n.\u00a0","breadcrumb":{"@id":"https:\/\/riberasalud.com\/cepovisa\/2022\/05\/02\/discamino-hace-escala-cepovisa-jueves-5-de-mayo\/#breadcrumb"},"inLanguage":"es","potentialAction":[{"@type":"ReadAction","target":["https:\/\/riberasalud.com\/cepovisa\/2022\/05\/02\/discamino-hace-escala-cepovisa-jueves-5-de-mayo\/"]}]},{"@type":"ImageObject","inLanguage":"es","@id":"https:\/\/riberasalud.com\/cepovisa\/2022\/05\/02\/discamino-hace-escala-cepovisa-jueves-5-de-mayo\/#primaryimage","url":"https:\/\/riberasalud.com\/cepovisa\/wp-content\/uploads\/2022\/05\/w7.png","contentUrl":"https:\/\/riberasalud.com\/cepovisa\/wp-content\/uploads\/2022\/05\/w7.png","width":1024,"height":768},{"@type":"BreadcrumbList","@id":"https:\/\/riberasalud.com\/cepovisa\/2022\/05\/02\/discamino-hace-escala-cepovisa-jueves-5-de-mayo\/#breadcrumb","itemListElement":[{"@type":"ListItem","position":1,"name":"Portada","item":"https:\/\/riberasalud.com\/cepovisa\/"},{"@type":"ListItem","position":2,"name":"DisCamino hace escala en Cepovisa los pr\u00f3ximos 9 y 12 de mayo"}]},{"@type":"WebSite","@id":"https:\/\/riberasalud.com\/cepovisa\/#website","url":"https:\/\/riberasalud.com\/cepovisa\/","name":"Cepovisa","description":"","publisher":{"@id":"https:\/\/riberasalud.com\/cepovisa\/#organization"},"potentialAction":[{"@type":"SearchAction","target":{"@type":"EntryPoint","urlTemplate":"https:\/\/riberasalud.com\/cepovisa\/?s={search_term_string}"},"query-input":{"@type":"PropertyValueSpecification","valueRequired":true,"valueName":"search_term_string"}}],"inLanguage":"es"},{"@type":"Organization","@id":"https:\/\/riberasalud.com\/cepovisa\/#organization","name":"Cepovisa","url":"https:\/\/riberasalud.com\/cepovisa\/","logo":{"@type":"ImageObject","inLanguage":"es","@id":"https:\/\/riberasalud.com\/cepovisa\/#\/schema\/logo\/image\/","url":"https:\/\/riberasalud.com\/cepovisa\/wp-content\/uploads\/2024\/08\/cropped-FORMACIONPROFESIONAL-cepivsa-logo.png","contentUrl":"https:\/\/riberasalud.com\/cepovisa\/wp-content\/uploads\/2024\/08\/cropped-FORMACIONPROFESIONAL-cepivsa-logo.png","width":847,"height":94,"caption":"Cepovisa"},"image":{"@id":"https:\/\/riberasalud.com\/cepovisa\/#\/schema\/logo\/image\/"}},{"@type":"Person","@id":"https:\/\/riberasalud.com\/cepovisa\/#\/schema\/person\/4023720979c28eca7110e8246b933e0e","name":"jorge@quois.com","image":{"@type":"ImageObject","inLanguage":"es","@id":"https:\/\/riberasalud.com\/cepovisa\/#\/schema\/person\/image\/","url":"https:\/\/secure.gravatar.com\/avatar\/bca8cccf11ce6757dcdec6ce293d120c16d33c83aeb423357cce3f49f3abae94?s=96&d=mm&r=g","contentUrl":"https:\/\/secure.gravatar.com\/avatar\/bca8cccf11ce6757dcdec6ce293d120c16d33c83aeb423357cce3f49f3abae94?s=96&d=mm&r=g","caption":"jorge@quois.com"},"sameAs":["https:\/\/riberasalud.com\/cepovisa"],"url":"https:\/\/riberasalud.com\/cepovisa\/author\/jorgequois-com\/"}]}},"gt_translate_keys":[{"key":"link","format":"url"}],"_links":{"self":[{"href":"https:\/\/riberasalud.com\/cepovisa\/wp-json\/wp\/v2\/posts\/4637","targetHints":{"allow":["GET"]}}],"collection":[{"href":"https:\/\/riberasalud.com\/cepovisa\/wp-json\/wp\/v2\/posts"}],"about":[{"href":"https:\/\/riberasalud.com\/cepovisa\/wp-json\/wp\/v2\/types\/post"}],"author":[{"embeddable":true,"href":"https:\/\/riberasalud.com\/cepovisa\/wp-json\/wp\/v2\/users\/1"}],"replies":[{"embeddable":true,"href":"https:\/\/riberasalud.com\/cepovisa\/wp-json\/wp\/v2\/comments?post=4637"}],"version-history":[{"count":1,"href":"https:\/\/riberasalud.com\/cepovisa\/wp-json\/wp\/v2\/posts\/4637\/revisions"}],"predecessor-version":[{"id":4926,"href":"https:\/\/riberasalud.com\/cepovisa\/wp-json\/wp\/v2\/posts\/4637\/revisions\/4926"}],"wp:featuredmedia":[{"embeddable":true,"href":"https:\/\/riberasalud.com\/cepovisa\/wp-json\/wp\/v2\/media\/4922"}],"wp:attachment":[{"href":"https:\/\/riberasalud.com\/cepovisa\/wp-json\/wp\/v2\/media?parent=4637"}],"wp:term":[{"taxonomy":"category","embeddable":true,"href":"https:\/\/riberasalud.com\/cepovisa\/wp-json\/wp\/v2\/categories?post=4637"},{"taxonomy":"post_tag","embeddable":true,"href":"https:\/\/riberasalud.com\/cepovisa\/wp-json\/wp\/v2\/tags?post=4637"}],"curies":[{"name":"wp","href":"https:\/\/api.w.org\/{rel}","templated":true}]}}