{"id":4587,"date":"2022-03-23T15:33:02","date_gmt":"2022-03-23T15:33:02","guid":{"rendered":"http:\/\/cepovisa.com\/?p=4575"},"modified":"2022-07-12T07:36:56","modified_gmt":"2022-07-12T07:36:56","slug":"alumnos-rayos-anatomia-patologica-radioterapia-practicas","status":"publish","type":"post","link":"https:\/\/riberasalud.com\/cepovisa\/2022\/03\/23\/alumnos-rayos-anatomia-patologica-radioterapia-practicas\/","title":{"rendered":"Alumnos de Rayos, Anatom\u00eda Patol\u00f3gica y Radioterapia inician sus pr\u00e1cticas en Ribera Povisa","gt_translate_keys":[{"key":"rendered","format":"text"}]},"content":{"rendered":"<p><\/p>\n<p>M\u00e1s de medio centenar de estudiantes de Anatom\u00eda Patol\u00f3gica y Citodiagn\u00f3stico, Imagen para el Diagn\u00f3stico y Medicina Nuclear y Radioterapia y Dosimetr\u00eda de Cepovisa comienzan hoy sus pr\u00e1cticas en el hospital Ribera Povisa.<\/p>\n<p>Los alumnos -58 en total- encaran as\u00ed la recta final de su formaci\u00f3n. Una experiencia que comenzaba este mi\u00e9rcoles 23 de marzo con un emocionante acto presidido por la directora de Enfermer\u00eda, Cristina Serra, y el director de Cepovisa, Alfonso Garc\u00eda. Ambos animaron a los futuros t\u00e9cnicos a vivir la experiencia \u201cal 100%\u201d. A esta bienvenida se sumaron Vicente Su\u00e1rez (jefe de estudios de Cepovisa), Mar\u00eda Centeno (coordinadora de Radiodiagn\u00f3stico), Lorena Pereira y Mar\u00eda Jos\u00e9 Barbosa (ambas docentes y t\u00e9cnicas) , Pablo Bouza (supervisor de la UCI y enlace entre la escuela y el hospital) y Susana Ruiz (responsable de Recursos Humanos).<\/p>\n\n\n<figure class=\"wp-block-image size-large\"><img decoding=\"async\" src=\"https:\/\/cepovisa.com\/wp-content\/uploads\/2022\/03\/DSC06958-min-1024x577.jpg\" alt=\"\" class=\"wp-image-4577\"\/><\/figure>\n\n\n\n<p>Acto de bienvenida a los alumnos en el hospital Ribera Povisa.<\/p>\n\n\n\n<p>Esta primera toma de contacto con el mundo laboral les permitir\u00e1 culminar su formaci\u00f3n, adquirir competencias t\u00e9cnicas y conocer tambi\u00e9n de primera mano qu\u00e9 es la cultura de empresa, la gesti\u00f3n del tiempo, el valor del compromiso o la calidad del servicio. Una experiencia en la que estar\u00e1n supervisados por un equipo de profesionales.<\/p>\n\n\n\n<p>Tras el acto de bienvenida recibieron ya las primeras instrucciones sobre cu\u00e1les ser\u00e1n las tareas que desempe\u00f1ar\u00e1n en los diferentes puestos, tanto del hospital como de las policl\u00ednicas de las calles Barcelona y Gran V\u00eda.<\/p>\n\n\n\n<p>Entre sus tareas, los estudiantes de Imagen para el Diagn\u00f3stico se encargar\u00e1n de obtener registros gr\u00e1ficos, morfol\u00f3gicos o funcionales del cuerpo humano, con fines diagn\u00f3sticos o terap\u00e9uticos a partir de la prescripci\u00f3n facultativa, utilizando equipamientos de diagn\u00f3stico por imagen y de medicina nuclear. Tambi\u00e9n se encargar\u00e1n de asistir al paciente durante su estancia en la unidad, aplicando los protocolos de radioprotecci\u00f3n y de garant\u00eda de calidad, as\u00ed como los establecidos en la unidad asistencial.<\/p>\n\n\n\n<figure class=\"wp-block-image size-large\"><img decoding=\"async\" src=\"https:\/\/cepovisa.com\/wp-content\/uploads\/2022\/03\/DSC06961-min-1024x577.jpg\" alt=\"\" class=\"wp-image-4584\"\/><figcaption>Los alumnos iniciaron este jueves sus pr\u00e1cticas en Ribera Povisa.<\/figcaption><\/figure>\n\n\n\n<p>Durante los pr\u00f3ximos tres meses, los alumnos de Anatom\u00eda Patol\u00f3gica aprender\u00e1n a procesar muestras histol\u00f3gicas y citol\u00f3gicas, seleccionar y hacer la aproximaci\u00f3n diagn\u00f3stica de citolog\u00edas ginecol\u00f3gicas y generales; colaborar en la realizaci\u00f3n de necropsias cl\u00ednicas y forenses, de manera que sirvan como soporte al diagn\u00f3stico cl\u00ednico o m\u00e9dico-legal, organizando y programando el trabajo y cumpliendo criterios de calidad del servicio y de optimizaci\u00f3n de recursos, bajo la supervisi\u00f3n facultativa correspondiente.<\/p>\n\n\n\n<p>Y los adscritos a Radioterapia y Dosimetr\u00eda aplicar\u00e1n tratamientos con radiaciones ionizantes bajo prescripci\u00f3n m\u00e9dica y utilizar\u00e1n equipamientos provistos de fuentes encapsuladas o productores de radiaciones aplicando las normas de radioprotecci\u00f3n generales y espec\u00edficas, asistiendo al paciente durante su estancia en la unidad. Tambi\u00e9n llevar\u00e1n a cabo procedimientos de protecci\u00f3n radiol\u00f3gica hospitalaria.<\/p>\n\n\n\n<p>Las pr\u00e1cticas se enmarcan en los convenios que pauta la Xunta de Galicia para estos ciclos formativos y que llevan a los alumnos de FP de Cepovisa (69 en total) al hospital Ribera Povisa y a otros centros como el \u00c1lvaro Cunqueiro, el Quironsalud Miguel Dom\u00ednguez, Vithas F\u00e1tima, el Meixoeiro y los hospitales de Ourense y Santiago.<\/p>\n\n\n\n<figure class=\"wp-block-image size-large\"><img decoding=\"async\" src=\"https:\/\/cepovisa.com\/wp-content\/uploads\/2022\/03\/DSC06968-min-1024x577.jpg\" alt=\"\" class=\"wp-image-4585\"\/><figcaption>En la imagen (de izquierda a derecha), Cristina Serra (directora de Enfermer\u00eda), Mar\u00eda Centeno (coordinadora de Radiodiagn\u00f3stico), Lorena Pereira (profesora y t\u00e9cnica), Alfonso Garc\u00eda (director de Cepovisa), Mar\u00eda Jos\u00e9 Barbosa (profesora y t\u00e9cnica), Vicente Su\u00e1rez (jefe de estudios) y Pablo Bouza (supervisor de UCI) recibieron a los alumnos.<\/figcaption><\/figure>\n","protected":false,"gt_translate_keys":[{"key":"rendered","format":"html"}]},"excerpt":{"rendered":"<p>M\u00e1s de medio centenar de estudiantes de Anatom\u00eda Patol\u00f3gica y Citodiagn\u00f3stico, Imagen para el Diagn\u00f3stico y Medicina Nuclear y Radioterapia y Dosimetr\u00eda de Cepovisa comienzan hoy sus pr\u00e1cticas en el hospital Ribera Povisa. Los alumnos -58 en total- encaran as\u00ed la recta final de su formaci\u00f3n. Una experiencia que comenzaba este mi\u00e9rcoles 23 de marzo &#8230; <a title=\"Alumnos de Rayos, Anatom\u00eda Patol\u00f3gica y Radioterapia inician sus pr\u00e1cticas en Ribera Povisa\" class=\"read-more\" href=\"https:\/\/riberasalud.com\/cepovisa\/2022\/03\/23\/alumnos-rayos-anatomia-patologica-radioterapia-practicas\/\" aria-label=\"Leer m\u00e1s sobre Alumnos de Rayos, Anatom\u00eda Patol\u00f3gica y Radioterapia inician sus pr\u00e1cticas en Ribera Povisa\">Leer m\u00e1s<\/a><\/p>\n","protected":false,"gt_translate_keys":[{"key":"rendered","format":"html"}]},"author":1,"featured_media":4611,"comment_status":"closed","ping_status":"open","sticky":false,"template":"","format":"standard","meta":{"_mi_skip_tracking":false,"footnotes":""},"categories":[43],"tags":[8,12,16],"class_list":["post-4587","post","type-post","status-publish","format-standard","has-post-thumbnail","hentry","category-ciclos-de-fp","tag-anatomia-patologica","tag-fp","tag-radiologia"],"yoast_head":"<!-- This site is optimized with the Yoast SEO plugin v26.6 - https:\/\/yoast.com\/wordpress\/plugins\/seo\/ -->\n<title>Alumnos de Rayos, Anatom\u00eda Patol\u00f3gica y Radioterapia inician sus pr\u00e1cticas en Ribera Povisa - Cepovisa<\/title>\n<meta name=\"description\" content=\"M\u00e1s de medio centenar de estudiantes de Anatom\u00eda Patol\u00f3gica y Citodiagn\u00f3stico, Imagen para el Diagn\u00f3stico y Medicina Nuclear y Radioterapia y Dosimetr\u00eda de Cepovisa comienzan hoy sus pr\u00e1cticas en el hospital Ribera Povisa.\" \/>\n<meta name=\"robots\" content=\"index, follow, max-snippet:-1, max-image-preview:large, max-video-preview:-1\" \/>\n<link rel=\"canonical\" href=\"https:\/\/riberasalud.com\/cepovisa\/2022\/03\/23\/alumnos-rayos-anatomia-patologica-radioterapia-practicas\/\" \/>\n<meta property=\"og:locale\" content=\"es_ES\" \/>\n<meta property=\"og:type\" content=\"article\" \/>\n<meta property=\"og:title\" content=\"Alumnos de Rayos, Anatom\u00eda Patol\u00f3gica y Radioterapia inician sus pr\u00e1cticas en Ribera Povisa - Cepovisa\" \/>\n<meta property=\"og:description\" content=\"M\u00e1s de medio centenar de estudiantes de Anatom\u00eda Patol\u00f3gica y Citodiagn\u00f3stico, Imagen para el Diagn\u00f3stico y Medicina Nuclear y Radioterapia y Dosimetr\u00eda de Cepovisa comienzan hoy sus pr\u00e1cticas en el hospital Ribera Povisa.\" \/>\n<meta property=\"og:url\" content=\"https:\/\/riberasalud.com\/cepovisa\/2022\/03\/23\/alumnos-rayos-anatomia-patologica-radioterapia-practicas\/\" \/>\n<meta property=\"og:site_name\" content=\"Cepovisa\" \/>\n<meta property=\"article:published_time\" content=\"2022-03-23T15:33:02+00:00\" \/>\n<meta property=\"article:modified_time\" content=\"2022-07-12T07:36:56+00:00\" \/>\n<meta property=\"og:image\" content=\"https:\/\/riberasalud.com\/cepovisa\/wp-content\/uploads\/2022\/03\/DSC06971-min-1-scaled-1.jpg\" \/>\n\t<meta property=\"og:image:width\" content=\"2560\" \/>\n\t<meta property=\"og:image:height\" content=\"1441\" \/>\n\t<meta property=\"og:image:type\" content=\"image\/jpeg\" \/>\n<meta name=\"author\" content=\"jorge@quois.com\" \/>\n<meta name=\"twitter:card\" content=\"summary_large_image\" \/>\n<meta name=\"twitter:label1\" content=\"Escrito por\" \/>\n\t<meta name=\"twitter:data1\" content=\"jorge@quois.com\" \/>\n\t<meta name=\"twitter:label2\" content=\"Tiempo de lectura\" \/>\n\t<meta name=\"twitter:data2\" content=\"3 minutos\" \/>\n<script type=\"application\/ld+json\" class=\"yoast-schema-graph\">{\"@context\":\"https:\/\/schema.org\",\"@graph\":[{\"@type\":\"Article\",\"@id\":\"https:\/\/riberasalud.com\/cepovisa\/2022\/03\/23\/alumnos-rayos-anatomia-patologica-radioterapia-practicas\/#article\",\"isPartOf\":{\"@id\":\"https:\/\/riberasalud.com\/cepovisa\/2022\/03\/23\/alumnos-rayos-anatomia-patologica-radioterapia-practicas\/\"},\"author\":{\"name\":\"jorge@quois.com\",\"@id\":\"https:\/\/riberasalud.com\/cepovisa\/#\/schema\/person\/4023720979c28eca7110e8246b933e0e\"},\"headline\":\"Alumnos de Rayos, Anatom\u00eda Patol\u00f3gica y Radioterapia inician sus pr\u00e1cticas en Ribera Povisa\",\"datePublished\":\"2022-03-23T15:33:02+00:00\",\"dateModified\":\"2022-07-12T07:36:56+00:00\",\"mainEntityOfPage\":{\"@id\":\"https:\/\/riberasalud.com\/cepovisa\/2022\/03\/23\/alumnos-rayos-anatomia-patologica-radioterapia-practicas\/\"},\"wordCount\":638,\"publisher\":{\"@id\":\"https:\/\/riberasalud.com\/cepovisa\/#organization\"},\"image\":{\"@id\":\"https:\/\/riberasalud.com\/cepovisa\/2022\/03\/23\/alumnos-rayos-anatomia-patologica-radioterapia-practicas\/#primaryimage\"},\"thumbnailUrl\":\"https:\/\/riberasalud.com\/cepovisa\/wp-content\/uploads\/2022\/03\/DSC06971-min-1-scaled-1.jpg\",\"keywords\":[\"Anatom\u00eda Patol\u00f3gica\",\"FP\",\"Radiolog\u00eda\"],\"articleSection\":[\"CICLOS DE FP\"],\"inLanguage\":\"es\"},{\"@type\":\"WebPage\",\"@id\":\"https:\/\/riberasalud.com\/cepovisa\/2022\/03\/23\/alumnos-rayos-anatomia-patologica-radioterapia-practicas\/\",\"url\":\"https:\/\/riberasalud.com\/cepovisa\/2022\/03\/23\/alumnos-rayos-anatomia-patologica-radioterapia-practicas\/\",\"name\":\"Alumnos de Rayos, Anatom\u00eda Patol\u00f3gica y Radioterapia inician sus pr\u00e1cticas en Ribera Povisa - Cepovisa\",\"isPartOf\":{\"@id\":\"https:\/\/riberasalud.com\/cepovisa\/#website\"},\"primaryImageOfPage\":{\"@id\":\"https:\/\/riberasalud.com\/cepovisa\/2022\/03\/23\/alumnos-rayos-anatomia-patologica-radioterapia-practicas\/#primaryimage\"},\"image\":{\"@id\":\"https:\/\/riberasalud.com\/cepovisa\/2022\/03\/23\/alumnos-rayos-anatomia-patologica-radioterapia-practicas\/#primaryimage\"},\"thumbnailUrl\":\"https:\/\/riberasalud.com\/cepovisa\/wp-content\/uploads\/2022\/03\/DSC06971-min-1-scaled-1.jpg\",\"datePublished\":\"2022-03-23T15:33:02+00:00\",\"dateModified\":\"2022-07-12T07:36:56+00:00\",\"description\":\"M\u00e1s de medio centenar de estudiantes de Anatom\u00eda Patol\u00f3gica y Citodiagn\u00f3stico, Imagen para el Diagn\u00f3stico y Medicina Nuclear y Radioterapia y Dosimetr\u00eda de Cepovisa comienzan hoy sus pr\u00e1cticas en el hospital Ribera Povisa.\",\"breadcrumb\":{\"@id\":\"https:\/\/riberasalud.com\/cepovisa\/2022\/03\/23\/alumnos-rayos-anatomia-patologica-radioterapia-practicas\/#breadcrumb\"},\"inLanguage\":\"es\",\"potentialAction\":[{\"@type\":\"ReadAction\",\"target\":[\"https:\/\/riberasalud.com\/cepovisa\/2022\/03\/23\/alumnos-rayos-anatomia-patologica-radioterapia-practicas\/\"]}]},{\"@type\":\"ImageObject\",\"inLanguage\":\"es\",\"@id\":\"https:\/\/riberasalud.com\/cepovisa\/2022\/03\/23\/alumnos-rayos-anatomia-patologica-radioterapia-practicas\/#primaryimage\",\"url\":\"https:\/\/riberasalud.com\/cepovisa\/wp-content\/uploads\/2022\/03\/DSC06971-min-1-scaled-1.jpg\",\"contentUrl\":\"https:\/\/riberasalud.com\/cepovisa\/wp-content\/uploads\/2022\/03\/DSC06971-min-1-scaled-1.jpg\",\"width\":2560,\"height\":1441},{\"@type\":\"BreadcrumbList\",\"@id\":\"https:\/\/riberasalud.com\/cepovisa\/2022\/03\/23\/alumnos-rayos-anatomia-patologica-radioterapia-practicas\/#breadcrumb\",\"itemListElement\":[{\"@type\":\"ListItem\",\"position\":1,\"name\":\"Portada\",\"item\":\"https:\/\/riberasalud.com\/cepovisa\/\"},{\"@type\":\"ListItem\",\"position\":2,\"name\":\"Alumnos de Rayos, Anatom\u00eda Patol\u00f3gica y Radioterapia inician sus pr\u00e1cticas en Ribera Povisa\"}]},{\"@type\":\"WebSite\",\"@id\":\"https:\/\/riberasalud.com\/cepovisa\/#website\",\"url\":\"https:\/\/riberasalud.com\/cepovisa\/\",\"name\":\"Cepovisa\",\"description\":\"\",\"publisher\":{\"@id\":\"https:\/\/riberasalud.com\/cepovisa\/#organization\"},\"potentialAction\":[{\"@type\":\"SearchAction\",\"target\":{\"@type\":\"EntryPoint\",\"urlTemplate\":\"https:\/\/riberasalud.com\/cepovisa\/?s={search_term_string}\"},\"query-input\":{\"@type\":\"PropertyValueSpecification\",\"valueRequired\":true,\"valueName\":\"search_term_string\"}}],\"inLanguage\":\"es\"},{\"@type\":\"Organization\",\"@id\":\"https:\/\/riberasalud.com\/cepovisa\/#organization\",\"name\":\"Cepovisa\",\"url\":\"https:\/\/riberasalud.com\/cepovisa\/\",\"logo\":{\"@type\":\"ImageObject\",\"inLanguage\":\"es\",\"@id\":\"https:\/\/riberasalud.com\/cepovisa\/#\/schema\/logo\/image\/\",\"url\":\"https:\/\/riberasalud.com\/cepovisa\/wp-content\/uploads\/2024\/08\/cropped-FORMACIONPROFESIONAL-cepivsa-logo.png\",\"contentUrl\":\"https:\/\/riberasalud.com\/cepovisa\/wp-content\/uploads\/2024\/08\/cropped-FORMACIONPROFESIONAL-cepivsa-logo.png\",\"width\":847,\"height\":94,\"caption\":\"Cepovisa\"},\"image\":{\"@id\":\"https:\/\/riberasalud.com\/cepovisa\/#\/schema\/logo\/image\/\"}},{\"@type\":\"Person\",\"@id\":\"https:\/\/riberasalud.com\/cepovisa\/#\/schema\/person\/4023720979c28eca7110e8246b933e0e\",\"name\":\"jorge@quois.com\",\"image\":{\"@type\":\"ImageObject\",\"inLanguage\":\"es\",\"@id\":\"https:\/\/riberasalud.com\/cepovisa\/#\/schema\/person\/image\/\",\"url\":\"https:\/\/secure.gravatar.com\/avatar\/bca8cccf11ce6757dcdec6ce293d120c16d33c83aeb423357cce3f49f3abae94?s=96&d=mm&r=g\",\"contentUrl\":\"https:\/\/secure.gravatar.com\/avatar\/bca8cccf11ce6757dcdec6ce293d120c16d33c83aeb423357cce3f49f3abae94?s=96&d=mm&r=g\",\"caption\":\"jorge@quois.com\"},\"sameAs\":[\"https:\/\/riberasalud.com\/cepovisa\"],\"url\":\"https:\/\/riberasalud.com\/cepovisa\/author\/jorgequois-com\/\"}]}<\/script>\n<!-- \/ Yoast SEO plugin. -->","yoast_head_json":{"title":"Alumnos de Rayos, Anatom\u00eda Patol\u00f3gica y Radioterapia inician sus pr\u00e1cticas en Ribera Povisa - Cepovisa","description":"M\u00e1s de medio centenar de estudiantes de Anatom\u00eda Patol\u00f3gica y Citodiagn\u00f3stico, Imagen para el Diagn\u00f3stico y Medicina Nuclear y Radioterapia y Dosimetr\u00eda de Cepovisa comienzan hoy sus pr\u00e1cticas en el hospital Ribera Povisa.","robots":{"index":"index","follow":"follow","max-snippet":"max-snippet:-1","max-image-preview":"max-image-preview:large","max-video-preview":"max-video-preview:-1"},"canonical":"https:\/\/riberasalud.com\/cepovisa\/2022\/03\/23\/alumnos-rayos-anatomia-patologica-radioterapia-practicas\/","og_locale":"es_ES","og_type":"article","og_title":"Alumnos de Rayos, Anatom\u00eda Patol\u00f3gica y Radioterapia inician sus pr\u00e1cticas en Ribera Povisa - Cepovisa","og_description":"M\u00e1s de medio centenar de estudiantes de Anatom\u00eda Patol\u00f3gica y Citodiagn\u00f3stico, Imagen para el Diagn\u00f3stico y Medicina Nuclear y Radioterapia y Dosimetr\u00eda de Cepovisa comienzan hoy sus pr\u00e1cticas en el hospital Ribera Povisa.","og_url":"https:\/\/riberasalud.com\/cepovisa\/2022\/03\/23\/alumnos-rayos-anatomia-patologica-radioterapia-practicas\/","og_site_name":"Cepovisa","article_published_time":"2022-03-23T15:33:02+00:00","article_modified_time":"2022-07-12T07:36:56+00:00","og_image":[{"width":2560,"height":1441,"url":"https:\/\/riberasalud.com\/cepovisa\/wp-content\/uploads\/2022\/03\/DSC06971-min-1-scaled-1.jpg","type":"image\/jpeg"}],"author":"jorge@quois.com","twitter_card":"summary_large_image","twitter_misc":{"Escrito por":"jorge@quois.com","Tiempo de lectura":"3 minutos"},"schema":{"@context":"https:\/\/schema.org","@graph":[{"@type":"Article","@id":"https:\/\/riberasalud.com\/cepovisa\/2022\/03\/23\/alumnos-rayos-anatomia-patologica-radioterapia-practicas\/#article","isPartOf":{"@id":"https:\/\/riberasalud.com\/cepovisa\/2022\/03\/23\/alumnos-rayos-anatomia-patologica-radioterapia-practicas\/"},"author":{"name":"jorge@quois.com","@id":"https:\/\/riberasalud.com\/cepovisa\/#\/schema\/person\/4023720979c28eca7110e8246b933e0e"},"headline":"Alumnos de Rayos, Anatom\u00eda Patol\u00f3gica y Radioterapia inician sus pr\u00e1cticas en Ribera Povisa","datePublished":"2022-03-23T15:33:02+00:00","dateModified":"2022-07-12T07:36:56+00:00","mainEntityOfPage":{"@id":"https:\/\/riberasalud.com\/cepovisa\/2022\/03\/23\/alumnos-rayos-anatomia-patologica-radioterapia-practicas\/"},"wordCount":638,"publisher":{"@id":"https:\/\/riberasalud.com\/cepovisa\/#organization"},"image":{"@id":"https:\/\/riberasalud.com\/cepovisa\/2022\/03\/23\/alumnos-rayos-anatomia-patologica-radioterapia-practicas\/#primaryimage"},"thumbnailUrl":"https:\/\/riberasalud.com\/cepovisa\/wp-content\/uploads\/2022\/03\/DSC06971-min-1-scaled-1.jpg","keywords":["Anatom\u00eda Patol\u00f3gica","FP","Radiolog\u00eda"],"articleSection":["CICLOS DE FP"],"inLanguage":"es"},{"@type":"WebPage","@id":"https:\/\/riberasalud.com\/cepovisa\/2022\/03\/23\/alumnos-rayos-anatomia-patologica-radioterapia-practicas\/","url":"https:\/\/riberasalud.com\/cepovisa\/2022\/03\/23\/alumnos-rayos-anatomia-patologica-radioterapia-practicas\/","name":"Alumnos de Rayos, Anatom\u00eda Patol\u00f3gica y Radioterapia inician sus pr\u00e1cticas en Ribera Povisa - Cepovisa","isPartOf":{"@id":"https:\/\/riberasalud.com\/cepovisa\/#website"},"primaryImageOfPage":{"@id":"https:\/\/riberasalud.com\/cepovisa\/2022\/03\/23\/alumnos-rayos-anatomia-patologica-radioterapia-practicas\/#primaryimage"},"image":{"@id":"https:\/\/riberasalud.com\/cepovisa\/2022\/03\/23\/alumnos-rayos-anatomia-patologica-radioterapia-practicas\/#primaryimage"},"thumbnailUrl":"https:\/\/riberasalud.com\/cepovisa\/wp-content\/uploads\/2022\/03\/DSC06971-min-1-scaled-1.jpg","datePublished":"2022-03-23T15:33:02+00:00","dateModified":"2022-07-12T07:36:56+00:00","description":"M\u00e1s de medio centenar de estudiantes de Anatom\u00eda Patol\u00f3gica y Citodiagn\u00f3stico, Imagen para el Diagn\u00f3stico y Medicina Nuclear y Radioterapia y Dosimetr\u00eda de Cepovisa comienzan hoy sus pr\u00e1cticas en el hospital Ribera Povisa.","breadcrumb":{"@id":"https:\/\/riberasalud.com\/cepovisa\/2022\/03\/23\/alumnos-rayos-anatomia-patologica-radioterapia-practicas\/#breadcrumb"},"inLanguage":"es","potentialAction":[{"@type":"ReadAction","target":["https:\/\/riberasalud.com\/cepovisa\/2022\/03\/23\/alumnos-rayos-anatomia-patologica-radioterapia-practicas\/"]}]},{"@type":"ImageObject","inLanguage":"es","@id":"https:\/\/riberasalud.com\/cepovisa\/2022\/03\/23\/alumnos-rayos-anatomia-patologica-radioterapia-practicas\/#primaryimage","url":"https:\/\/riberasalud.com\/cepovisa\/wp-content\/uploads\/2022\/03\/DSC06971-min-1-scaled-1.jpg","contentUrl":"https:\/\/riberasalud.com\/cepovisa\/wp-content\/uploads\/2022\/03\/DSC06971-min-1-scaled-1.jpg","width":2560,"height":1441},{"@type":"BreadcrumbList","@id":"https:\/\/riberasalud.com\/cepovisa\/2022\/03\/23\/alumnos-rayos-anatomia-patologica-radioterapia-practicas\/#breadcrumb","itemListElement":[{"@type":"ListItem","position":1,"name":"Portada","item":"https:\/\/riberasalud.com\/cepovisa\/"},{"@type":"ListItem","position":2,"name":"Alumnos de Rayos, Anatom\u00eda Patol\u00f3gica y Radioterapia inician sus pr\u00e1cticas en Ribera Povisa"}]},{"@type":"WebSite","@id":"https:\/\/riberasalud.com\/cepovisa\/#website","url":"https:\/\/riberasalud.com\/cepovisa\/","name":"Cepovisa","description":"","publisher":{"@id":"https:\/\/riberasalud.com\/cepovisa\/#organization"},"potentialAction":[{"@type":"SearchAction","target":{"@type":"EntryPoint","urlTemplate":"https:\/\/riberasalud.com\/cepovisa\/?s={search_term_string}"},"query-input":{"@type":"PropertyValueSpecification","valueRequired":true,"valueName":"search_term_string"}}],"inLanguage":"es"},{"@type":"Organization","@id":"https:\/\/riberasalud.com\/cepovisa\/#organization","name":"Cepovisa","url":"https:\/\/riberasalud.com\/cepovisa\/","logo":{"@type":"ImageObject","inLanguage":"es","@id":"https:\/\/riberasalud.com\/cepovisa\/#\/schema\/logo\/image\/","url":"https:\/\/riberasalud.com\/cepovisa\/wp-content\/uploads\/2024\/08\/cropped-FORMACIONPROFESIONAL-cepivsa-logo.png","contentUrl":"https:\/\/riberasalud.com\/cepovisa\/wp-content\/uploads\/2024\/08\/cropped-FORMACIONPROFESIONAL-cepivsa-logo.png","width":847,"height":94,"caption":"Cepovisa"},"image":{"@id":"https:\/\/riberasalud.com\/cepovisa\/#\/schema\/logo\/image\/"}},{"@type":"Person","@id":"https:\/\/riberasalud.com\/cepovisa\/#\/schema\/person\/4023720979c28eca7110e8246b933e0e","name":"jorge@quois.com","image":{"@type":"ImageObject","inLanguage":"es","@id":"https:\/\/riberasalud.com\/cepovisa\/#\/schema\/person\/image\/","url":"https:\/\/secure.gravatar.com\/avatar\/bca8cccf11ce6757dcdec6ce293d120c16d33c83aeb423357cce3f49f3abae94?s=96&d=mm&r=g","contentUrl":"https:\/\/secure.gravatar.com\/avatar\/bca8cccf11ce6757dcdec6ce293d120c16d33c83aeb423357cce3f49f3abae94?s=96&d=mm&r=g","caption":"jorge@quois.com"},"sameAs":["https:\/\/riberasalud.com\/cepovisa"],"url":"https:\/\/riberasalud.com\/cepovisa\/author\/jorgequois-com\/"}]}},"gt_translate_keys":[{"key":"link","format":"url"}],"_links":{"self":[{"href":"https:\/\/riberasalud.com\/cepovisa\/wp-json\/wp\/v2\/posts\/4587","targetHints":{"allow":["GET"]}}],"collection":[{"href":"https:\/\/riberasalud.com\/cepovisa\/wp-json\/wp\/v2\/posts"}],"about":[{"href":"https:\/\/riberasalud.com\/cepovisa\/wp-json\/wp\/v2\/types\/post"}],"author":[{"embeddable":true,"href":"https:\/\/riberasalud.com\/cepovisa\/wp-json\/wp\/v2\/users\/1"}],"replies":[{"embeddable":true,"href":"https:\/\/riberasalud.com\/cepovisa\/wp-json\/wp\/v2\/comments?post=4587"}],"version-history":[{"count":1,"href":"https:\/\/riberasalud.com\/cepovisa\/wp-json\/wp\/v2\/posts\/4587\/revisions"}],"predecessor-version":[{"id":4613,"href":"https:\/\/riberasalud.com\/cepovisa\/wp-json\/wp\/v2\/posts\/4587\/revisions\/4613"}],"wp:featuredmedia":[{"embeddable":true,"href":"https:\/\/riberasalud.com\/cepovisa\/wp-json\/wp\/v2\/media\/4611"}],"wp:attachment":[{"href":"https:\/\/riberasalud.com\/cepovisa\/wp-json\/wp\/v2\/media?parent=4587"}],"wp:term":[{"taxonomy":"category","embeddable":true,"href":"https:\/\/riberasalud.com\/cepovisa\/wp-json\/wp\/v2\/categories?post=4587"},{"taxonomy":"post_tag","embeddable":true,"href":"https:\/\/riberasalud.com\/cepovisa\/wp-json\/wp\/v2\/tags?post=4587"}],"curies":[{"name":"wp","href":"https:\/\/api.w.org\/{rel}","templated":true}]}}