{"id":4581,"date":"2022-03-21T12:18:52","date_gmt":"2022-03-21T12:18:52","guid":{"rendered":"http:\/\/cepovisa.com\/?p=4566"},"modified":"2022-07-12T07:36:56","modified_gmt":"2022-07-12T07:36:56","slug":"paula-vidal-enfermeria","status":"publish","type":"post","link":"https:\/\/riberasalud.com\/cepovisa\/2022\/03\/21\/paula-vidal-enfermeria\/","title":{"rendered":"Paula Vidal, tras las pr\u00e1cticas en Vilanop\u00f3: \u201cAhora tengo mucho m\u00e1s claro que quiero ser enfermera\u201d","gt_translate_keys":[{"key":"rendered","format":"text"}]},"content":{"rendered":"<p>Paula Vidal, alumna de 4\u00ba de Enfermer\u00eda de la Escuela de Ribera Povisa, ha pasado el \u00faltimo cuatrimestre en el hospital de Vinalop\u00f3 realizando sus pr\u00e1cticas cl\u00ednicas. Una vez finalizada su estancia, nos habla de lo aprendido durante esta etapa, siendo una de las primeras estudiantes de la Escuela en poder vivir esta experiencia en uno de los hospitales del Grupo Ribera.<\/p>\n<p><strong>\u00bfQu\u00e9 te llev\u00f3 a probar esta experiencia?<\/strong><\/p>\n<p>Yo quer\u00eda irme este a\u00f1o de Erasmus, pero el destino que yo quer\u00eda se cancel\u00f3 por culpa de la pandemia, as\u00ed que cuando me dieron la oportunidad de ir a Elche al Hospital de Vinalop\u00f3 no me lo pens\u00e9 dos veces; decid\u00ed irme. En una reuni\u00f3n, los profes nos dieron tres opciones a elegir: el hospital de Torrej\u00f3n, el de Vinalop\u00f3 o Polusa. Tambi\u00e9n nos contaron que si quer\u00edamos ir el Grupo Ribera nos daba una ayuda econ\u00f3mica. Como yo ya ten\u00eda claro que quer\u00eda hacer una experiencia fuera de Galicia, en menos de una semana arregl\u00e9 todo para irme a Elche y a principios de septiembre ya estaba all\u00ed.<\/p>\n<p><strong>\u00bfQu\u00e9 es lo que m\u00e1s destacar\u00edas del hospital de Vinalop\u00f3?<\/strong><\/p>\n<p>Lo que m\u00e1s me sorprendi\u00f3 es que all\u00ed desde el primer d\u00eda me trataron como a una m\u00e1s, haciendo turnos en condiciones reales, y eso ha sido muy positivo. Al llegar me asignaron una enfermera y ella fue quien estuvo conmigo en todo momento. Estaba con todo el personal, com\u00edamos juntos, hac\u00edamos los descansos juntos\u2026 Eso me ense\u00f1\u00f3 a ser muy independiente, no me sent\u00eda una alumna, sino una enfermera como otra cualquiera.<\/p>\n<p><strong>\u00bfTe animaron tus profesores a ir?<\/strong><\/p>\n<p>S\u00ed, ellos me dijeron que era una oportunidad \u00fanica de conocer otros hospitales, otras formas de trabajar\u2026 Y as\u00ed fue, porque all\u00ed tuve much\u00edsima libertad para decidir en qu\u00e9 servicio quer\u00eda estar, qu\u00e9 cosas quer\u00eda aprender\u2026 Tuve la oportunidad de rotar en tres servicios: Medicina Interna, Hospital de D\u00eda y Urgencias, que fue el que m\u00e1s me gust\u00f3 de los tres.<\/p>\n<p><strong>&nbsp;<\/strong><\/p>\n<p><strong>\u00bfQu\u00e9 te ha aportado esta experiencia profesionalmente?<\/strong><\/p>\n<p>Estar en Vinalop\u00f3 cambi\u00f3 lo que yo pensaba de la Enfermer\u00eda, porque la viv\u00ed m\u00e1s de cerca que nunca, nunca me hab\u00eda sentido con tanta responsabilidad. Ahora tengo mucho m\u00e1s claro que quiero ser enfermera, que esto es lo que realmente me llena. Aunque ya sab\u00eda que me quer\u00eda dedicar al trabajo en Urgencias, all\u00ed me di cuenta de que me apasiona este servicio. Ya no tengo dudas, quiero seguir form\u00e1ndome en este \u00e1mbito, hacer un m\u00e1ster, cursos\u2026 si hubiera una especialidad de EIR en Urgencias ir\u00eda de cabeza a por ella.<\/p>\n<p><strong>\u00bfTuviste la oportunidad de conocer gente diferente?<\/strong><\/p>\n<p>S\u00ed, aparte de que hice mucha pi\u00f1a con el resto de personal del hospital, pude conocer a muchos otros estudiantes que estaban haciendo las pr\u00e1cticas como yo e hicimos mucho grupo, pas\u00e1bamos mucho tiempo juntos. En ning\u00fan momento me sent\u00ed sola. Adem\u00e1s, tambi\u00e9n haces contactos a nivel profesional, porque tienes un contacto real con los m\u00e9dicos, t\u00e9cnicos, enfermeras\u2026 En Vinalop\u00f3 hay muy buen ambiente, son todos muy j\u00f3venes y tienen muy buena relaci\u00f3n entre ellos.<\/p>\n<p><strong>&nbsp;<\/strong><\/p>\n<p><strong>\u00bfQu\u00e9 cosas nuevas has podido poner en pr\u00e1ctica?<\/strong><\/p>\n<p>Muchas. Ha sido la primera vez que hago noches y turnos completos, por ejemplo. Pude poner sondas, me dejaron hacer suturas\u2026 hubo muchas cosas que aunque yo ya hubiera estudiado y visto hacer, nunca hab\u00eda puesto en pr\u00e1ctica. Tambi\u00e9n estuve en el Hospital de D\u00eda, que es un servicio que yo no conoc\u00eda.<\/p>\n<p><strong>&nbsp;<\/strong><\/p>\n<p><strong>\u00bfContaste con el apoyo de la Escuela mientras estabas fuera?<\/strong><\/p>\n<p>S\u00ed, los profes mantuvieron el contacto conmigo en todo momento. Me llamaban para saber qu\u00e9 tal iba todo, me ayudaban\u2026 Cada mes me pasaban las notas que nos hab\u00eda puesto nuestro tutor de pr\u00e1cticas para as\u00ed poder evolucionar con el feedback de la persona que m\u00e1s tiempo pasaba conmigo. Ten\u00eda contacto con la Escuela siempre, pero, a la vez, tuve mucha libertad a la hora de hacer las pr\u00e1cticas.<\/p>\n<p><strong>&nbsp;<\/strong><\/p>\n<p><strong>\u00bfQu\u00e9 crees que aporta esta oportunidad a los futuros alumnos de la Escuela?<\/strong><\/p>\n<p>Creo que es algo fant\u00e1stico para toda la Escuela, porque te permiten vivir en primera persona c\u00f3mo se trabaja en otros hospitales y hacer contacto con un mont\u00f3n de gente sin dejar de ser alumno de la Universidad de Vigo. La Escuela sigue teniendo contacto contigo y te dan muchas facilidades en caso de que sigas teniendo alguna asignatura, porque puedes seguir teniendo clases online, incluso te aplazan los ex\u00e1menes en caso de que no puedas acudir.<\/p>\n<p><strong>\u00bfTe ha hecho cambiar a nivel personal?<\/strong><\/p>\n<p>S\u00ed. All\u00ed te sientes m\u00e1s libre, m\u00e1s independiente, pero tambi\u00e9n te obliga a hacerte mucho m\u00e1s responsable, tienes que demostrar que sabes hacer las cosas bien. Crec\u00ed much\u00edsimo tanto a nivel personal como profesional.<\/p>\n<p><strong>\u00bfVolver\u00edas a escoger el hospital de Vinalop\u00f3?<\/strong><\/p>\n<p>S\u00ed, no me arrepiento de nada, lo volver\u00eda a escoger mil veces m\u00e1s. Haber hecho pr\u00e1cticas en un lugar tan diferente me ha hecho crecer much\u00edsimo como enfermera. Aqu\u00ed, en Povisa, los profesores nos cuidan mucho, y eso se agradece, claro, pero cuando llegas all\u00ed te enfrentas a la vida real. Llegas sola a un hospital nuevo y tienes que buscarte las casta\u00f1as, mientras que en Vigo siempre vas a conocer a alguien, siempre tienes a una persona para ayudarte, all\u00ed todo es nuevo. Adem\u00e1s de todo eso, el clima en Elche es maravilloso, \u00a1eso se agradece un mont\u00f3n!<\/p>\n","protected":false,"gt_translate_keys":[{"key":"rendered","format":"html"}]},"excerpt":{"rendered":"<p>Paula Vidal, alumna de 4\u00ba de Enfermer\u00eda de la Escuela de Povisa, ha pasado el \u00faltimo cuatrimestre en el hospital de Vinalop\u00f3 realizando sus pr\u00e1cticas cl\u00ednicas. Una vez finalizada su estancia, nos habla de lo aprendido durante esta etapa, siendo una de las primeras estudiantes de la Escuela en poder vivir esta experiencia en uno de los hospitales del Grupo Ribera.<\/p>\n","protected":false,"gt_translate_keys":[{"key":"rendered","format":"html"}]},"author":1,"featured_media":4586,"comment_status":"closed","ping_status":"open","sticky":false,"template":"","format":"standard","meta":{"_mi_skip_tracking":false,"footnotes":""},"categories":[27,18],"tags":[],"class_list":["post-4581","post","type-post","status-publish","format-standard","has-post-thumbnail","hentry","category-grado-de-enfermeria","category-uncategorized"],"yoast_head":"<!-- This site is optimized with the Yoast SEO plugin v26.6 - https:\/\/yoast.com\/wordpress\/plugins\/seo\/ -->\n<title>Paula Vidal, tras las pr\u00e1cticas en Vilanop\u00f3: \u201cAhora tengo mucho m\u00e1s claro que quiero ser enfermera\u201d - Cepovisa Paula Vidal, alumna de 4\u00ba de Enfermer\u00eda de la Escuela de Povisa, ha pasado el \u00faltimo cuatrimestre en el hospital de Vinalop\u00f3 realizando sus pr\u00e1cticas cl\u00ednicas. Una vez finalizada su estancia, nos habla de lo aprendido durante esta etapa, siendo una de las primeras estudiantes de la Escuela en poder vivir esta experiencia en uno de los hospitales del Grupo Ribera.<\/title>\n<meta name=\"description\" content=\"Paula Vidal, alumna de 4\u00ba de Enfermer\u00eda de la Escuela de Povisa, ha pasado el \u00faltimo cuatrimestre en el hospital de Vinalop\u00f3 realizando sus pr\u00e1cticas cl\u00ednicas. Una vez finalizada su estancia, nos habla de lo aprendido durante esta etapa, siendo una de las primeras estudiantes de la Escuela en poder vivir esta experiencia en uno de los hospitales del Grupo Ribera.\" \/>\n<meta name=\"robots\" content=\"index, follow, max-snippet:-1, max-image-preview:large, max-video-preview:-1\" \/>\n<link rel=\"canonical\" href=\"https:\/\/riberasalud.com\/cepovisa\/2022\/03\/21\/paula-vidal-enfermeria\/\" \/>\n<meta property=\"og:locale\" content=\"es_ES\" \/>\n<meta property=\"og:type\" content=\"article\" \/>\n<meta property=\"og:title\" content=\"Paula Vidal, tras las pr\u00e1cticas en Vilanop\u00f3: \u201cAhora tengo mucho m\u00e1s claro que quiero ser enfermera\u201d - Cepovisa Paula Vidal, alumna de 4\u00ba de Enfermer\u00eda de la Escuela de Povisa, ha pasado el \u00faltimo cuatrimestre en el hospital de Vinalop\u00f3 realizando sus pr\u00e1cticas cl\u00ednicas. Una vez finalizada su estancia, nos habla de lo aprendido durante esta etapa, siendo una de las primeras estudiantes de la Escuela en poder vivir esta experiencia en uno de los hospitales del Grupo Ribera.\" \/>\n<meta property=\"og:description\" content=\"Paula Vidal, alumna de 4\u00ba de Enfermer\u00eda de la Escuela de Povisa, ha pasado el \u00faltimo cuatrimestre en el hospital de Vinalop\u00f3 realizando sus pr\u00e1cticas cl\u00ednicas. Una vez finalizada su estancia, nos habla de lo aprendido durante esta etapa, siendo una de las primeras estudiantes de la Escuela en poder vivir esta experiencia en uno de los hospitales del Grupo Ribera.\" \/>\n<meta property=\"og:url\" content=\"https:\/\/riberasalud.com\/cepovisa\/2022\/03\/21\/paula-vidal-enfermeria\/\" \/>\n<meta property=\"og:site_name\" content=\"Cepovisa\" \/>\n<meta property=\"article:published_time\" content=\"2022-03-21T12:18:52+00:00\" \/>\n<meta property=\"article:modified_time\" content=\"2022-07-12T07:36:56+00:00\" \/>\n<meta property=\"og:image\" content=\"https:\/\/riberasalud.com\/cepovisa\/wp-content\/uploads\/2022\/03\/paulavidalcepovisa-scaled-1.jpg\" \/>\n\t<meta property=\"og:image:width\" content=\"2560\" \/>\n\t<meta property=\"og:image:height\" content=\"2001\" \/>\n\t<meta property=\"og:image:type\" content=\"image\/jpeg\" \/>\n<meta name=\"author\" content=\"jorge@quois.com\" \/>\n<meta name=\"twitter:card\" content=\"summary_large_image\" \/>\n<meta name=\"twitter:label1\" content=\"Escrito por\" \/>\n\t<meta name=\"twitter:data1\" content=\"jorge@quois.com\" \/>\n\t<meta name=\"twitter:label2\" content=\"Tiempo de lectura\" \/>\n\t<meta name=\"twitter:data2\" content=\"5 minutos\" \/>\n<script type=\"application\/ld+json\" class=\"yoast-schema-graph\">{\"@context\":\"https:\/\/schema.org\",\"@graph\":[{\"@type\":\"Article\",\"@id\":\"https:\/\/riberasalud.com\/cepovisa\/2022\/03\/21\/paula-vidal-enfermeria\/#article\",\"isPartOf\":{\"@id\":\"https:\/\/riberasalud.com\/cepovisa\/2022\/03\/21\/paula-vidal-enfermeria\/\"},\"author\":{\"name\":\"jorge@quois.com\",\"@id\":\"https:\/\/riberasalud.com\/cepovisa\/#\/schema\/person\/4023720979c28eca7110e8246b933e0e\"},\"headline\":\"Paula Vidal, tras las pr\u00e1cticas en Vilanop\u00f3: \u201cAhora tengo mucho m\u00e1s claro que quiero ser enfermera\u201d\",\"datePublished\":\"2022-03-21T12:18:52+00:00\",\"dateModified\":\"2022-07-12T07:36:56+00:00\",\"mainEntityOfPage\":{\"@id\":\"https:\/\/riberasalud.com\/cepovisa\/2022\/03\/21\/paula-vidal-enfermeria\/\"},\"wordCount\":981,\"publisher\":{\"@id\":\"https:\/\/riberasalud.com\/cepovisa\/#organization\"},\"image\":{\"@id\":\"https:\/\/riberasalud.com\/cepovisa\/2022\/03\/21\/paula-vidal-enfermeria\/#primaryimage\"},\"thumbnailUrl\":\"https:\/\/riberasalud.com\/cepovisa\/wp-content\/uploads\/2022\/03\/paulavidalcepovisa-scaled-1.jpg\",\"articleSection\":[\"GRADO DE ENFERMER\u00cdA\",\"Uncategorized\"],\"inLanguage\":\"es\"},{\"@type\":\"WebPage\",\"@id\":\"https:\/\/riberasalud.com\/cepovisa\/2022\/03\/21\/paula-vidal-enfermeria\/\",\"url\":\"https:\/\/riberasalud.com\/cepovisa\/2022\/03\/21\/paula-vidal-enfermeria\/\",\"name\":\"Paula Vidal, tras las pr\u00e1cticas en Vilanop\u00f3: \u201cAhora tengo mucho m\u00e1s claro que quiero ser enfermera\u201d - Cepovisa Paula Vidal, alumna de 4\u00ba de Enfermer\u00eda de la Escuela de Povisa, ha pasado el \u00faltimo cuatrimestre en el hospital de Vinalop\u00f3 realizando sus pr\u00e1cticas cl\u00ednicas. Una vez finalizada su estancia, nos habla de lo aprendido durante esta etapa, siendo una de las primeras estudiantes de la Escuela en poder vivir esta experiencia en uno de los hospitales del Grupo Ribera.\",\"isPartOf\":{\"@id\":\"https:\/\/riberasalud.com\/cepovisa\/#website\"},\"primaryImageOfPage\":{\"@id\":\"https:\/\/riberasalud.com\/cepovisa\/2022\/03\/21\/paula-vidal-enfermeria\/#primaryimage\"},\"image\":{\"@id\":\"https:\/\/riberasalud.com\/cepovisa\/2022\/03\/21\/paula-vidal-enfermeria\/#primaryimage\"},\"thumbnailUrl\":\"https:\/\/riberasalud.com\/cepovisa\/wp-content\/uploads\/2022\/03\/paulavidalcepovisa-scaled-1.jpg\",\"datePublished\":\"2022-03-21T12:18:52+00:00\",\"dateModified\":\"2022-07-12T07:36:56+00:00\",\"description\":\"Paula Vidal, alumna de 4\u00ba de Enfermer\u00eda de la Escuela de Povisa, ha pasado el \u00faltimo cuatrimestre en el hospital de Vinalop\u00f3 realizando sus pr\u00e1cticas cl\u00ednicas. Una vez finalizada su estancia, nos habla de lo aprendido durante esta etapa, siendo una de las primeras estudiantes de la Escuela en poder vivir esta experiencia en uno de los hospitales del Grupo Ribera.\",\"breadcrumb\":{\"@id\":\"https:\/\/riberasalud.com\/cepovisa\/2022\/03\/21\/paula-vidal-enfermeria\/#breadcrumb\"},\"inLanguage\":\"es\",\"potentialAction\":[{\"@type\":\"ReadAction\",\"target\":[\"https:\/\/riberasalud.com\/cepovisa\/2022\/03\/21\/paula-vidal-enfermeria\/\"]}]},{\"@type\":\"ImageObject\",\"inLanguage\":\"es\",\"@id\":\"https:\/\/riberasalud.com\/cepovisa\/2022\/03\/21\/paula-vidal-enfermeria\/#primaryimage\",\"url\":\"https:\/\/riberasalud.com\/cepovisa\/wp-content\/uploads\/2022\/03\/paulavidalcepovisa-scaled-1.jpg\",\"contentUrl\":\"https:\/\/riberasalud.com\/cepovisa\/wp-content\/uploads\/2022\/03\/paulavidalcepovisa-scaled-1.jpg\",\"width\":2560,\"height\":2001},{\"@type\":\"BreadcrumbList\",\"@id\":\"https:\/\/riberasalud.com\/cepovisa\/2022\/03\/21\/paula-vidal-enfermeria\/#breadcrumb\",\"itemListElement\":[{\"@type\":\"ListItem\",\"position\":1,\"name\":\"Portada\",\"item\":\"https:\/\/riberasalud.com\/cepovisa\/\"},{\"@type\":\"ListItem\",\"position\":2,\"name\":\"Paula Vidal, tras las pr\u00e1cticas en Vilanop\u00f3: \u201cAhora tengo mucho m\u00e1s claro que quiero ser enfermera\u201d\"}]},{\"@type\":\"WebSite\",\"@id\":\"https:\/\/riberasalud.com\/cepovisa\/#website\",\"url\":\"https:\/\/riberasalud.com\/cepovisa\/\",\"name\":\"Cepovisa\",\"description\":\"\",\"publisher\":{\"@id\":\"https:\/\/riberasalud.com\/cepovisa\/#organization\"},\"potentialAction\":[{\"@type\":\"SearchAction\",\"target\":{\"@type\":\"EntryPoint\",\"urlTemplate\":\"https:\/\/riberasalud.com\/cepovisa\/?s={search_term_string}\"},\"query-input\":{\"@type\":\"PropertyValueSpecification\",\"valueRequired\":true,\"valueName\":\"search_term_string\"}}],\"inLanguage\":\"es\"},{\"@type\":\"Organization\",\"@id\":\"https:\/\/riberasalud.com\/cepovisa\/#organization\",\"name\":\"Cepovisa\",\"url\":\"https:\/\/riberasalud.com\/cepovisa\/\",\"logo\":{\"@type\":\"ImageObject\",\"inLanguage\":\"es\",\"@id\":\"https:\/\/riberasalud.com\/cepovisa\/#\/schema\/logo\/image\/\",\"url\":\"https:\/\/riberasalud.com\/cepovisa\/wp-content\/uploads\/2024\/08\/cropped-FORMACIONPROFESIONAL-cepivsa-logo.png\",\"contentUrl\":\"https:\/\/riberasalud.com\/cepovisa\/wp-content\/uploads\/2024\/08\/cropped-FORMACIONPROFESIONAL-cepivsa-logo.png\",\"width\":847,\"height\":94,\"caption\":\"Cepovisa\"},\"image\":{\"@id\":\"https:\/\/riberasalud.com\/cepovisa\/#\/schema\/logo\/image\/\"}},{\"@type\":\"Person\",\"@id\":\"https:\/\/riberasalud.com\/cepovisa\/#\/schema\/person\/4023720979c28eca7110e8246b933e0e\",\"name\":\"jorge@quois.com\",\"image\":{\"@type\":\"ImageObject\",\"inLanguage\":\"es\",\"@id\":\"https:\/\/riberasalud.com\/cepovisa\/#\/schema\/person\/image\/\",\"url\":\"https:\/\/secure.gravatar.com\/avatar\/bca8cccf11ce6757dcdec6ce293d120c16d33c83aeb423357cce3f49f3abae94?s=96&d=mm&r=g\",\"contentUrl\":\"https:\/\/secure.gravatar.com\/avatar\/bca8cccf11ce6757dcdec6ce293d120c16d33c83aeb423357cce3f49f3abae94?s=96&d=mm&r=g\",\"caption\":\"jorge@quois.com\"},\"sameAs\":[\"https:\/\/riberasalud.com\/cepovisa\"],\"url\":\"https:\/\/riberasalud.com\/cepovisa\/author\/jorgequois-com\/\"}]}<\/script>\n<!-- \/ Yoast SEO plugin. -->","yoast_head_json":{"title":"Paula Vidal, tras las pr\u00e1cticas en Vilanop\u00f3: \u201cAhora tengo mucho m\u00e1s claro que quiero ser enfermera\u201d - Cepovisa Paula Vidal, alumna de 4\u00ba de Enfermer\u00eda de la Escuela de Povisa, ha pasado el \u00faltimo cuatrimestre en el hospital de Vinalop\u00f3 realizando sus pr\u00e1cticas cl\u00ednicas. Una vez finalizada su estancia, nos habla de lo aprendido durante esta etapa, siendo una de las primeras estudiantes de la Escuela en poder vivir esta experiencia en uno de los hospitales del Grupo Ribera.","description":"Paula Vidal, alumna de 4\u00ba de Enfermer\u00eda de la Escuela de Povisa, ha pasado el \u00faltimo cuatrimestre en el hospital de Vinalop\u00f3 realizando sus pr\u00e1cticas cl\u00ednicas. Una vez finalizada su estancia, nos habla de lo aprendido durante esta etapa, siendo una de las primeras estudiantes de la Escuela en poder vivir esta experiencia en uno de los hospitales del Grupo Ribera.","robots":{"index":"index","follow":"follow","max-snippet":"max-snippet:-1","max-image-preview":"max-image-preview:large","max-video-preview":"max-video-preview:-1"},"canonical":"https:\/\/riberasalud.com\/cepovisa\/2022\/03\/21\/paula-vidal-enfermeria\/","og_locale":"es_ES","og_type":"article","og_title":"Paula Vidal, tras las pr\u00e1cticas en Vilanop\u00f3: \u201cAhora tengo mucho m\u00e1s claro que quiero ser enfermera\u201d - Cepovisa Paula Vidal, alumna de 4\u00ba de Enfermer\u00eda de la Escuela de Povisa, ha pasado el \u00faltimo cuatrimestre en el hospital de Vinalop\u00f3 realizando sus pr\u00e1cticas cl\u00ednicas. Una vez finalizada su estancia, nos habla de lo aprendido durante esta etapa, siendo una de las primeras estudiantes de la Escuela en poder vivir esta experiencia en uno de los hospitales del Grupo Ribera.","og_description":"Paula Vidal, alumna de 4\u00ba de Enfermer\u00eda de la Escuela de Povisa, ha pasado el \u00faltimo cuatrimestre en el hospital de Vinalop\u00f3 realizando sus pr\u00e1cticas cl\u00ednicas. Una vez finalizada su estancia, nos habla de lo aprendido durante esta etapa, siendo una de las primeras estudiantes de la Escuela en poder vivir esta experiencia en uno de los hospitales del Grupo Ribera.","og_url":"https:\/\/riberasalud.com\/cepovisa\/2022\/03\/21\/paula-vidal-enfermeria\/","og_site_name":"Cepovisa","article_published_time":"2022-03-21T12:18:52+00:00","article_modified_time":"2022-07-12T07:36:56+00:00","og_image":[{"width":2560,"height":2001,"url":"https:\/\/riberasalud.com\/cepovisa\/wp-content\/uploads\/2022\/03\/paulavidalcepovisa-scaled-1.jpg","type":"image\/jpeg"}],"author":"jorge@quois.com","twitter_card":"summary_large_image","twitter_misc":{"Escrito por":"jorge@quois.com","Tiempo de lectura":"5 minutos"},"schema":{"@context":"https:\/\/schema.org","@graph":[{"@type":"Article","@id":"https:\/\/riberasalud.com\/cepovisa\/2022\/03\/21\/paula-vidal-enfermeria\/#article","isPartOf":{"@id":"https:\/\/riberasalud.com\/cepovisa\/2022\/03\/21\/paula-vidal-enfermeria\/"},"author":{"name":"jorge@quois.com","@id":"https:\/\/riberasalud.com\/cepovisa\/#\/schema\/person\/4023720979c28eca7110e8246b933e0e"},"headline":"Paula Vidal, tras las pr\u00e1cticas en Vilanop\u00f3: \u201cAhora tengo mucho m\u00e1s claro que quiero ser enfermera\u201d","datePublished":"2022-03-21T12:18:52+00:00","dateModified":"2022-07-12T07:36:56+00:00","mainEntityOfPage":{"@id":"https:\/\/riberasalud.com\/cepovisa\/2022\/03\/21\/paula-vidal-enfermeria\/"},"wordCount":981,"publisher":{"@id":"https:\/\/riberasalud.com\/cepovisa\/#organization"},"image":{"@id":"https:\/\/riberasalud.com\/cepovisa\/2022\/03\/21\/paula-vidal-enfermeria\/#primaryimage"},"thumbnailUrl":"https:\/\/riberasalud.com\/cepovisa\/wp-content\/uploads\/2022\/03\/paulavidalcepovisa-scaled-1.jpg","articleSection":["GRADO DE ENFERMER\u00cdA","Uncategorized"],"inLanguage":"es"},{"@type":"WebPage","@id":"https:\/\/riberasalud.com\/cepovisa\/2022\/03\/21\/paula-vidal-enfermeria\/","url":"https:\/\/riberasalud.com\/cepovisa\/2022\/03\/21\/paula-vidal-enfermeria\/","name":"Paula Vidal, tras las pr\u00e1cticas en Vilanop\u00f3: \u201cAhora tengo mucho m\u00e1s claro que quiero ser enfermera\u201d - Cepovisa Paula Vidal, alumna de 4\u00ba de Enfermer\u00eda de la Escuela de Povisa, ha pasado el \u00faltimo cuatrimestre en el hospital de Vinalop\u00f3 realizando sus pr\u00e1cticas cl\u00ednicas. Una vez finalizada su estancia, nos habla de lo aprendido durante esta etapa, siendo una de las primeras estudiantes de la Escuela en poder vivir esta experiencia en uno de los hospitales del Grupo Ribera.","isPartOf":{"@id":"https:\/\/riberasalud.com\/cepovisa\/#website"},"primaryImageOfPage":{"@id":"https:\/\/riberasalud.com\/cepovisa\/2022\/03\/21\/paula-vidal-enfermeria\/#primaryimage"},"image":{"@id":"https:\/\/riberasalud.com\/cepovisa\/2022\/03\/21\/paula-vidal-enfermeria\/#primaryimage"},"thumbnailUrl":"https:\/\/riberasalud.com\/cepovisa\/wp-content\/uploads\/2022\/03\/paulavidalcepovisa-scaled-1.jpg","datePublished":"2022-03-21T12:18:52+00:00","dateModified":"2022-07-12T07:36:56+00:00","description":"Paula Vidal, alumna de 4\u00ba de Enfermer\u00eda de la Escuela de Povisa, ha pasado el \u00faltimo cuatrimestre en el hospital de Vinalop\u00f3 realizando sus pr\u00e1cticas cl\u00ednicas. Una vez finalizada su estancia, nos habla de lo aprendido durante esta etapa, siendo una de las primeras estudiantes de la Escuela en poder vivir esta experiencia en uno de los hospitales del Grupo Ribera.","breadcrumb":{"@id":"https:\/\/riberasalud.com\/cepovisa\/2022\/03\/21\/paula-vidal-enfermeria\/#breadcrumb"},"inLanguage":"es","potentialAction":[{"@type":"ReadAction","target":["https:\/\/riberasalud.com\/cepovisa\/2022\/03\/21\/paula-vidal-enfermeria\/"]}]},{"@type":"ImageObject","inLanguage":"es","@id":"https:\/\/riberasalud.com\/cepovisa\/2022\/03\/21\/paula-vidal-enfermeria\/#primaryimage","url":"https:\/\/riberasalud.com\/cepovisa\/wp-content\/uploads\/2022\/03\/paulavidalcepovisa-scaled-1.jpg","contentUrl":"https:\/\/riberasalud.com\/cepovisa\/wp-content\/uploads\/2022\/03\/paulavidalcepovisa-scaled-1.jpg","width":2560,"height":2001},{"@type":"BreadcrumbList","@id":"https:\/\/riberasalud.com\/cepovisa\/2022\/03\/21\/paula-vidal-enfermeria\/#breadcrumb","itemListElement":[{"@type":"ListItem","position":1,"name":"Portada","item":"https:\/\/riberasalud.com\/cepovisa\/"},{"@type":"ListItem","position":2,"name":"Paula Vidal, tras las pr\u00e1cticas en Vilanop\u00f3: \u201cAhora tengo mucho m\u00e1s claro que quiero ser enfermera\u201d"}]},{"@type":"WebSite","@id":"https:\/\/riberasalud.com\/cepovisa\/#website","url":"https:\/\/riberasalud.com\/cepovisa\/","name":"Cepovisa","description":"","publisher":{"@id":"https:\/\/riberasalud.com\/cepovisa\/#organization"},"potentialAction":[{"@type":"SearchAction","target":{"@type":"EntryPoint","urlTemplate":"https:\/\/riberasalud.com\/cepovisa\/?s={search_term_string}"},"query-input":{"@type":"PropertyValueSpecification","valueRequired":true,"valueName":"search_term_string"}}],"inLanguage":"es"},{"@type":"Organization","@id":"https:\/\/riberasalud.com\/cepovisa\/#organization","name":"Cepovisa","url":"https:\/\/riberasalud.com\/cepovisa\/","logo":{"@type":"ImageObject","inLanguage":"es","@id":"https:\/\/riberasalud.com\/cepovisa\/#\/schema\/logo\/image\/","url":"https:\/\/riberasalud.com\/cepovisa\/wp-content\/uploads\/2024\/08\/cropped-FORMACIONPROFESIONAL-cepivsa-logo.png","contentUrl":"https:\/\/riberasalud.com\/cepovisa\/wp-content\/uploads\/2024\/08\/cropped-FORMACIONPROFESIONAL-cepivsa-logo.png","width":847,"height":94,"caption":"Cepovisa"},"image":{"@id":"https:\/\/riberasalud.com\/cepovisa\/#\/schema\/logo\/image\/"}},{"@type":"Person","@id":"https:\/\/riberasalud.com\/cepovisa\/#\/schema\/person\/4023720979c28eca7110e8246b933e0e","name":"jorge@quois.com","image":{"@type":"ImageObject","inLanguage":"es","@id":"https:\/\/riberasalud.com\/cepovisa\/#\/schema\/person\/image\/","url":"https:\/\/secure.gravatar.com\/avatar\/bca8cccf11ce6757dcdec6ce293d120c16d33c83aeb423357cce3f49f3abae94?s=96&d=mm&r=g","contentUrl":"https:\/\/secure.gravatar.com\/avatar\/bca8cccf11ce6757dcdec6ce293d120c16d33c83aeb423357cce3f49f3abae94?s=96&d=mm&r=g","caption":"jorge@quois.com"},"sameAs":["https:\/\/riberasalud.com\/cepovisa"],"url":"https:\/\/riberasalud.com\/cepovisa\/author\/jorgequois-com\/"}]}},"gt_translate_keys":[{"key":"link","format":"url"}],"_links":{"self":[{"href":"https:\/\/riberasalud.com\/cepovisa\/wp-json\/wp\/v2\/posts\/4581","targetHints":{"allow":["GET"]}}],"collection":[{"href":"https:\/\/riberasalud.com\/cepovisa\/wp-json\/wp\/v2\/posts"}],"about":[{"href":"https:\/\/riberasalud.com\/cepovisa\/wp-json\/wp\/v2\/types\/post"}],"author":[{"embeddable":true,"href":"https:\/\/riberasalud.com\/cepovisa\/wp-json\/wp\/v2\/users\/1"}],"replies":[{"embeddable":true,"href":"https:\/\/riberasalud.com\/cepovisa\/wp-json\/wp\/v2\/comments?post=4581"}],"version-history":[{"count":1,"href":"https:\/\/riberasalud.com\/cepovisa\/wp-json\/wp\/v2\/posts\/4581\/revisions"}],"predecessor-version":[{"id":4588,"href":"https:\/\/riberasalud.com\/cepovisa\/wp-json\/wp\/v2\/posts\/4581\/revisions\/4588"}],"wp:featuredmedia":[{"embeddable":true,"href":"https:\/\/riberasalud.com\/cepovisa\/wp-json\/wp\/v2\/media\/4586"}],"wp:attachment":[{"href":"https:\/\/riberasalud.com\/cepovisa\/wp-json\/wp\/v2\/media?parent=4581"}],"wp:term":[{"taxonomy":"category","embeddable":true,"href":"https:\/\/riberasalud.com\/cepovisa\/wp-json\/wp\/v2\/categories?post=4581"},{"taxonomy":"post_tag","embeddable":true,"href":"https:\/\/riberasalud.com\/cepovisa\/wp-json\/wp\/v2\/tags?post=4581"}],"curies":[{"name":"wp","href":"https:\/\/api.w.org\/{rel}","templated":true}]}}