{"id":4520,"date":"2022-02-09T10:23:23","date_gmt":"2022-02-09T10:23:23","guid":{"rendered":"http:\/\/cepovisa.com\/?p=4520"},"modified":"2022-07-12T07:36:56","modified_gmt":"2022-07-12T07:36:56","slug":"aldara-regal-h-practicas-en-otro-hospital-lejos-de-casa-ha-reforzado-la-idea-que-tenia-sobre-mi-futuro-profesional","status":"publish","type":"post","link":"https:\/\/riberasalud.com\/cepovisa\/2022\/02\/09\/aldara-regal-h-practicas-en-otro-hospital-lejos-de-casa-ha-reforzado-la-idea-que-tenia-sobre-mi-futuro-profesional\/","title":{"rendered":"Aldara Regal: \u201cHacer las pr\u00e1cticas en otro hospital lejos de casa ha reforzado la idea que ten\u00eda sobre mi futuro profesional\u201d","gt_translate_keys":[{"key":"rendered","format":"text"}]},"content":{"rendered":"<p>Aldara Regal es una de las estudiantes de la Escuela de Ribera Povisa que ha aprovechado la oportunidad que Ribera ha ofrecido a nuestros futuros enfermeros de vivir una experiencia diferente durante sus pr\u00e1cticas. Durante el primer cuatrimestre de este curso, Aldara ha podido demostrar lo aprendido en nuestras aulas en el Hospital de Torrej\u00f3n, en Madrid, una experiencia para la que ha contado con una ayuda econ\u00f3mica otorgada por el Grupo Ribera. Tras ser una de las primeras estudiantes que ha tenido la oportunidad de vivir esta inmersi\u00f3n en un centro sanitario fuera de Galicia, nos ha contado sus impresiones.<\/p>\n<p><strong>\u00bfC\u00f3mo surgi\u00f3 la idea de hacer las pr\u00e1cticas en Madrid?<\/strong><\/p>\n<p>Fue en una reuni\u00f3n que hicieron en abril en la que los profesores nos comunicaron que desde Ribera nos hab\u00edan propuesto esta nueva opci\u00f3n, hacer las pr\u00e1cticas en cualquier hospital del grupo. Aunque yo quer\u00eda que mis \u00faltimas pr\u00e1cticas fueran cerca de casa,&nbsp; prefer\u00ed hacer las primeras fuera para descubrir otras formas de trabajar, quer\u00eda conocer otros centros adem\u00e1s de Ribera Povisa, que es un hospital del que ya conozco el funcionamiento.<\/p>\n<p><strong>\u00bfFue un proceso f\u00e1cil?<\/strong><\/p>\n<p>S\u00ed. Los profesores me ayudaron en todo momento, especialmente Alicia y Mar\u00eda. Nos dieron un tiempo desde la reuni\u00f3n hasta que tomamos la decisi\u00f3n y, una vez lo tuve claro, solo tuve que solicitarlo y pedir un justificante para poder hacer la segunda parte de mis pr\u00e1cticas en Galicia. Por lo dem\u00e1s, todos los tr\u00e1mites los hicieron desde la Escuela, fue muy f\u00e1cil.<\/p>\n<p><strong>\u00bfQu\u00e9 has aprendido durante estos meses?<\/strong><\/p>\n<p>Esta experiencia me ha aportado, sobre todo, seguridad e independencia como estudiante. En las pr\u00e1cticas en Povisa siempre ten\u00edamos a nuestros profesores ah\u00ed para ayudarnos, y eso est\u00e1 muy bien, pero en Madrid me tuve que buscar yo sola las habichuelas, aunque es cierto que los profes siguen ah\u00ed, pero no f\u00edsicamente, claro, nos ayudan desde la distancia. He tenido que presentarme yo sola, hacer un buen desempe\u00f1o\u2026 yo quer\u00eda hacerlo bien para dejar una buena representaci\u00f3n de la Escuela. Adem\u00e1s de independencia como estudiante, me aport\u00f3 mucho personalmente, ya que muchos problemas que surgieron en el camino los tuve que resolver yo. Ha sido una lecci\u00f3n de vida en la que me he dado cuenta de todo lo que puedo hacer por m\u00ed misma.<\/p>\n<p><strong>\u00bfHa cambiado tu idea de la profesi\u00f3n?<\/strong><\/p>\n<p>S\u00ed. A nivel profesional puedo decir que me llevo el haber trabajado con diferentes m\u00e1quinas, diferentes t\u00e9cnicas y gente muy diversa, \u00a1ha sido una experiencia maravillosa! Estar en un nuevo hospital lejos de casa me ha reforzado la idea que ten\u00eda sobre mi futuro profesional. Ten\u00eda una duda sobre qu\u00e9 especialidad escoger, dudaba entre Pediatr\u00eda y Atenci\u00f3n Primaria. All\u00ed hice rotaci\u00f3n en pediatr\u00eda y me qued\u00f3 claro que eso era lo que quer\u00eda. Tambi\u00e9n tuve la oportunidad de ver en vivo y en directo una UCI humanitaria, que es algo de lo que hab\u00edamos hablado en clase, y he podido vivir en primera persona esa forma de trabajar con pacientes de UCI.<\/p>\n<p><strong>\u00bfTe sent\u00edas preparada para este nuevo reto?<\/strong><\/p>\n<p>S\u00ed. El primer d\u00eda ya me sent\u00ed muy c\u00f3moda,&nbsp; me vi capaz perfectamente de hacerlo todo sin mis profesores, aunque, por supuesto, ellos estuvieron en contacto conmigo en todo momento. Tuve la oportunidad de estar en tres servicios nuevos en los que yo nunca hab\u00eda estado: la UCI, Urgencias y Materno-Infantil. En todas estas partes nuevas al principio me vi perdida, claro, pero poco a poco fui aprendiendo, creyendo m\u00e1s en m\u00ed, cada vez me ve\u00eda m\u00e1s preparada.<\/p>\n<p><strong>\u00bfHas podido conocer a gente nueva?<\/strong><\/p>\n<p>S\u00ed, conoc\u00ed mucha gente. Adem\u00e1s de personal del hospital yo estuve con otros alumnos de otras universidades, hicimos mucha pi\u00f1a porque hac\u00edamos los descansos juntos y nos ve\u00edamos todos los d\u00edas.<\/p>\n<p><strong>\u00bfRecomiendas esta experiencia a futuros alumnos de la Escuela?<\/strong><\/p>\n<p>Lo recomendar\u00eda al cien por cien, es una experiencia muy beneficiosa en muchos sentidos. Aprendes a ser mucho m\u00e1s independiente, conoces una ciudad nueva, aprendes a solucionar muchos problemas y podr\u00e1s ver en primera persona c\u00f3mo funciona otro hospital, c\u00f3mo se organizan sus turnos\u2026 Es beneficioso tanto a nivel personal como profesional y creo que tambi\u00e9n es beneficioso para la Escuela, porque permite que los alumnos vean una forma de trabajar diferente. En Povisa nos conocemos todos, estamos tambi\u00e9n muy arropados por los profes, y eso est\u00e1 genial, pero con esta oportunidad que nos da Ribera puedes conocer a much\u00edsima gente, hacer nuevos amigos, contactos profesionales\u2026 Ves de cerca otro mundo y esto te abre una oportunidad laboral para el d\u00eda de ma\u00f1ana.<\/p>\n<p><img loading=\"lazy\" decoding=\"async\" class=\"alignnone size-medium wp-image-4521\" src=\"https:\/\/riberasalud.com\/cepovisa\/wp-content\/uploads\/2022\/02\/image0-225x300.jpeg\" alt=\"\" width=\"225\" height=\"300\" srcset=\"https:\/\/riberasalud.com\/cepovisa\/wp-content\/uploads\/2022\/02\/image0-225x300.jpeg 225w, https:\/\/riberasalud.com\/cepovisa\/wp-content\/uploads\/2022\/02\/image0-767x1024.jpeg 767w, https:\/\/riberasalud.com\/cepovisa\/wp-content\/uploads\/2022\/02\/image0-768x1025.jpeg 768w, https:\/\/riberasalud.com\/cepovisa\/wp-content\/uploads\/2022\/02\/image0-1151x1536.jpeg 1151w, https:\/\/riberasalud.com\/cepovisa\/wp-content\/uploads\/2022\/02\/image0.jpeg 1534w\" sizes=\"auto, (max-width: 225px) 100vw, 225px\" \/><\/p>\n","protected":false,"gt_translate_keys":[{"key":"rendered","format":"html"}]},"excerpt":{"rendered":"<p>Aldara Regal es una de las estudiantes de la Escuela de Ribera Povisa que ha aprovechado la oportunidad que Ribera ha ofrecido a nuestros futuros enfermeros de vivir una experiencia diferente durante sus pr\u00e1cticas. Durante el primer cuatrimestre de este curso, Aldara ha podido demostrar lo aprendido en nuestras aulas en el Hospital de Torrej\u00f3n, &#8230; <a title=\"Aldara Regal: \u201cHacer las pr\u00e1cticas en otro hospital lejos de casa ha reforzado la idea que ten\u00eda sobre mi futuro profesional\u201d\" class=\"read-more\" href=\"https:\/\/riberasalud.com\/cepovisa\/2022\/02\/09\/aldara-regal-h-practicas-en-otro-hospital-lejos-de-casa-ha-reforzado-la-idea-que-tenia-sobre-mi-futuro-profesional\/\" aria-label=\"Leer m\u00e1s sobre Aldara Regal: \u201cHacer las pr\u00e1cticas en otro hospital lejos de casa ha reforzado la idea que ten\u00eda sobre mi futuro profesional\u201d\">Leer m\u00e1s<\/a><\/p>\n","protected":false,"gt_translate_keys":[{"key":"rendered","format":"html"}]},"author":1,"featured_media":4521,"comment_status":"closed","ping_status":"open","sticky":false,"template":"","format":"standard","meta":{"_mi_skip_tracking":false,"footnotes":""},"categories":[27],"tags":[],"class_list":["post-4520","post","type-post","status-publish","format-standard","has-post-thumbnail","hentry","category-grado-de-enfermeria"],"yoast_head":"<!-- This site is optimized with the Yoast SEO plugin v26.6 - https:\/\/yoast.com\/wordpress\/plugins\/seo\/ -->\n<title>Aldara Regal: \u201cHacer las pr\u00e1cticas en otro hospital lejos de casa ha reforzado la idea que ten\u00eda sobre mi futuro profesional\u201d - Cepovisa<\/title>\n<meta name=\"description\" content=\"Aldara Regal es una de las estudiantes de la Escuela de Ribera Povisa que ha aprovechado la oportunidad que Ribera ha ofrecido a nuestros futuros\" \/>\n<meta name=\"robots\" content=\"index, follow, max-snippet:-1, max-image-preview:large, max-video-preview:-1\" \/>\n<link rel=\"canonical\" href=\"https:\/\/riberasalud.com\/cepovisa\/2022\/02\/09\/aldara-regal-h-practicas-en-otro-hospital-lejos-de-casa-ha-reforzado-la-idea-que-tenia-sobre-mi-futuro-profesional\/\" \/>\n<meta property=\"og:locale\" content=\"es_ES\" \/>\n<meta property=\"og:type\" content=\"article\" \/>\n<meta property=\"og:title\" content=\"Aldara Regal: \u201cHacer las pr\u00e1cticas en otro hospital lejos de casa ha reforzado la idea que ten\u00eda sobre mi futuro profesional\u201d - Cepovisa\" \/>\n<meta property=\"og:description\" content=\"Aldara Regal es una de las estudiantes de la Escuela de Ribera Povisa que ha aprovechado la oportunidad que Ribera ha ofrecido a nuestros futuros\" \/>\n<meta property=\"og:url\" content=\"https:\/\/riberasalud.com\/cepovisa\/2022\/02\/09\/aldara-regal-h-practicas-en-otro-hospital-lejos-de-casa-ha-reforzado-la-idea-que-tenia-sobre-mi-futuro-profesional\/\" \/>\n<meta property=\"og:site_name\" content=\"Cepovisa\" \/>\n<meta property=\"article:published_time\" content=\"2022-02-09T10:23:23+00:00\" \/>\n<meta property=\"article:modified_time\" content=\"2022-07-12T07:36:56+00:00\" \/>\n<meta property=\"og:image\" content=\"https:\/\/riberasalud.com\/cepovisa\/wp-content\/uploads\/2022\/02\/image0.jpeg\" \/>\n\t<meta property=\"og:image:width\" content=\"1534\" \/>\n\t<meta property=\"og:image:height\" content=\"2048\" \/>\n\t<meta property=\"og:image:type\" content=\"image\/jpeg\" \/>\n<meta name=\"author\" content=\"jorge@quois.com\" \/>\n<meta name=\"twitter:card\" content=\"summary_large_image\" \/>\n<meta name=\"twitter:label1\" content=\"Escrito por\" \/>\n\t<meta name=\"twitter:data1\" content=\"jorge@quois.com\" \/>\n\t<meta name=\"twitter:label2\" content=\"Tiempo de lectura\" \/>\n\t<meta name=\"twitter:data2\" content=\"4 minutos\" \/>\n<script type=\"application\/ld+json\" class=\"yoast-schema-graph\">{\"@context\":\"https:\/\/schema.org\",\"@graph\":[{\"@type\":\"Article\",\"@id\":\"https:\/\/riberasalud.com\/cepovisa\/2022\/02\/09\/aldara-regal-h-practicas-en-otro-hospital-lejos-de-casa-ha-reforzado-la-idea-que-tenia-sobre-mi-futuro-profesional\/#article\",\"isPartOf\":{\"@id\":\"https:\/\/riberasalud.com\/cepovisa\/2022\/02\/09\/aldara-regal-h-practicas-en-otro-hospital-lejos-de-casa-ha-reforzado-la-idea-que-tenia-sobre-mi-futuro-profesional\/\"},\"author\":{\"name\":\"jorge@quois.com\",\"@id\":\"https:\/\/riberasalud.com\/cepovisa\/#\/schema\/person\/4023720979c28eca7110e8246b933e0e\"},\"headline\":\"Aldara Regal: \u201cHacer las pr\u00e1cticas en otro hospital lejos de casa ha reforzado la idea que ten\u00eda sobre mi futuro profesional\u201d\",\"datePublished\":\"2022-02-09T10:23:23+00:00\",\"dateModified\":\"2022-07-12T07:36:56+00:00\",\"mainEntityOfPage\":{\"@id\":\"https:\/\/riberasalud.com\/cepovisa\/2022\/02\/09\/aldara-regal-h-practicas-en-otro-hospital-lejos-de-casa-ha-reforzado-la-idea-que-tenia-sobre-mi-futuro-profesional\/\"},\"wordCount\":843,\"publisher\":{\"@id\":\"https:\/\/riberasalud.com\/cepovisa\/#organization\"},\"image\":{\"@id\":\"https:\/\/riberasalud.com\/cepovisa\/2022\/02\/09\/aldara-regal-h-practicas-en-otro-hospital-lejos-de-casa-ha-reforzado-la-idea-que-tenia-sobre-mi-futuro-profesional\/#primaryimage\"},\"thumbnailUrl\":\"https:\/\/riberasalud.com\/cepovisa\/wp-content\/uploads\/2022\/02\/image0.jpeg\",\"articleSection\":[\"GRADO DE ENFERMER\u00cdA\"],\"inLanguage\":\"es\"},{\"@type\":\"WebPage\",\"@id\":\"https:\/\/riberasalud.com\/cepovisa\/2022\/02\/09\/aldara-regal-h-practicas-en-otro-hospital-lejos-de-casa-ha-reforzado-la-idea-que-tenia-sobre-mi-futuro-profesional\/\",\"url\":\"https:\/\/riberasalud.com\/cepovisa\/2022\/02\/09\/aldara-regal-h-practicas-en-otro-hospital-lejos-de-casa-ha-reforzado-la-idea-que-tenia-sobre-mi-futuro-profesional\/\",\"name\":\"Aldara Regal: \u201cHacer las pr\u00e1cticas en otro hospital lejos de casa ha reforzado la idea que ten\u00eda sobre mi futuro profesional\u201d - Cepovisa\",\"isPartOf\":{\"@id\":\"https:\/\/riberasalud.com\/cepovisa\/#website\"},\"primaryImageOfPage\":{\"@id\":\"https:\/\/riberasalud.com\/cepovisa\/2022\/02\/09\/aldara-regal-h-practicas-en-otro-hospital-lejos-de-casa-ha-reforzado-la-idea-que-tenia-sobre-mi-futuro-profesional\/#primaryimage\"},\"image\":{\"@id\":\"https:\/\/riberasalud.com\/cepovisa\/2022\/02\/09\/aldara-regal-h-practicas-en-otro-hospital-lejos-de-casa-ha-reforzado-la-idea-que-tenia-sobre-mi-futuro-profesional\/#primaryimage\"},\"thumbnailUrl\":\"https:\/\/riberasalud.com\/cepovisa\/wp-content\/uploads\/2022\/02\/image0.jpeg\",\"datePublished\":\"2022-02-09T10:23:23+00:00\",\"dateModified\":\"2022-07-12T07:36:56+00:00\",\"description\":\"Aldara Regal es una de las estudiantes de la Escuela de Ribera Povisa que ha aprovechado la oportunidad que Ribera ha ofrecido a nuestros futuros\",\"breadcrumb\":{\"@id\":\"https:\/\/riberasalud.com\/cepovisa\/2022\/02\/09\/aldara-regal-h-practicas-en-otro-hospital-lejos-de-casa-ha-reforzado-la-idea-que-tenia-sobre-mi-futuro-profesional\/#breadcrumb\"},\"inLanguage\":\"es\",\"potentialAction\":[{\"@type\":\"ReadAction\",\"target\":[\"https:\/\/riberasalud.com\/cepovisa\/2022\/02\/09\/aldara-regal-h-practicas-en-otro-hospital-lejos-de-casa-ha-reforzado-la-idea-que-tenia-sobre-mi-futuro-profesional\/\"]}]},{\"@type\":\"ImageObject\",\"inLanguage\":\"es\",\"@id\":\"https:\/\/riberasalud.com\/cepovisa\/2022\/02\/09\/aldara-regal-h-practicas-en-otro-hospital-lejos-de-casa-ha-reforzado-la-idea-que-tenia-sobre-mi-futuro-profesional\/#primaryimage\",\"url\":\"https:\/\/riberasalud.com\/cepovisa\/wp-content\/uploads\/2022\/02\/image0.jpeg\",\"contentUrl\":\"https:\/\/riberasalud.com\/cepovisa\/wp-content\/uploads\/2022\/02\/image0.jpeg\",\"width\":1534,\"height\":2048},{\"@type\":\"BreadcrumbList\",\"@id\":\"https:\/\/riberasalud.com\/cepovisa\/2022\/02\/09\/aldara-regal-h-practicas-en-otro-hospital-lejos-de-casa-ha-reforzado-la-idea-que-tenia-sobre-mi-futuro-profesional\/#breadcrumb\",\"itemListElement\":[{\"@type\":\"ListItem\",\"position\":1,\"name\":\"Portada\",\"item\":\"https:\/\/riberasalud.com\/cepovisa\/\"},{\"@type\":\"ListItem\",\"position\":2,\"name\":\"Aldara Regal: \u201cHacer las pr\u00e1cticas en otro hospital lejos de casa ha reforzado la idea que ten\u00eda sobre mi futuro profesional\u201d\"}]},{\"@type\":\"WebSite\",\"@id\":\"https:\/\/riberasalud.com\/cepovisa\/#website\",\"url\":\"https:\/\/riberasalud.com\/cepovisa\/\",\"name\":\"Cepovisa\",\"description\":\"\",\"publisher\":{\"@id\":\"https:\/\/riberasalud.com\/cepovisa\/#organization\"},\"potentialAction\":[{\"@type\":\"SearchAction\",\"target\":{\"@type\":\"EntryPoint\",\"urlTemplate\":\"https:\/\/riberasalud.com\/cepovisa\/?s={search_term_string}\"},\"query-input\":{\"@type\":\"PropertyValueSpecification\",\"valueRequired\":true,\"valueName\":\"search_term_string\"}}],\"inLanguage\":\"es\"},{\"@type\":\"Organization\",\"@id\":\"https:\/\/riberasalud.com\/cepovisa\/#organization\",\"name\":\"Cepovisa\",\"url\":\"https:\/\/riberasalud.com\/cepovisa\/\",\"logo\":{\"@type\":\"ImageObject\",\"inLanguage\":\"es\",\"@id\":\"https:\/\/riberasalud.com\/cepovisa\/#\/schema\/logo\/image\/\",\"url\":\"https:\/\/riberasalud.com\/cepovisa\/wp-content\/uploads\/2024\/08\/cropped-FORMACIONPROFESIONAL-cepivsa-logo.png\",\"contentUrl\":\"https:\/\/riberasalud.com\/cepovisa\/wp-content\/uploads\/2024\/08\/cropped-FORMACIONPROFESIONAL-cepivsa-logo.png\",\"width\":847,\"height\":94,\"caption\":\"Cepovisa\"},\"image\":{\"@id\":\"https:\/\/riberasalud.com\/cepovisa\/#\/schema\/logo\/image\/\"}},{\"@type\":\"Person\",\"@id\":\"https:\/\/riberasalud.com\/cepovisa\/#\/schema\/person\/4023720979c28eca7110e8246b933e0e\",\"name\":\"jorge@quois.com\",\"image\":{\"@type\":\"ImageObject\",\"inLanguage\":\"es\",\"@id\":\"https:\/\/riberasalud.com\/cepovisa\/#\/schema\/person\/image\/\",\"url\":\"https:\/\/secure.gravatar.com\/avatar\/bca8cccf11ce6757dcdec6ce293d120c16d33c83aeb423357cce3f49f3abae94?s=96&d=mm&r=g\",\"contentUrl\":\"https:\/\/secure.gravatar.com\/avatar\/bca8cccf11ce6757dcdec6ce293d120c16d33c83aeb423357cce3f49f3abae94?s=96&d=mm&r=g\",\"caption\":\"jorge@quois.com\"},\"sameAs\":[\"https:\/\/riberasalud.com\/cepovisa\"],\"url\":\"https:\/\/riberasalud.com\/cepovisa\/author\/jorgequois-com\/\"}]}<\/script>\n<!-- \/ Yoast SEO plugin. -->","yoast_head_json":{"title":"Aldara Regal: \u201cHacer las pr\u00e1cticas en otro hospital lejos de casa ha reforzado la idea que ten\u00eda sobre mi futuro profesional\u201d - Cepovisa","description":"Aldara Regal es una de las estudiantes de la Escuela de Ribera Povisa que ha aprovechado la oportunidad que Ribera ha ofrecido a nuestros futuros","robots":{"index":"index","follow":"follow","max-snippet":"max-snippet:-1","max-image-preview":"max-image-preview:large","max-video-preview":"max-video-preview:-1"},"canonical":"https:\/\/riberasalud.com\/cepovisa\/2022\/02\/09\/aldara-regal-h-practicas-en-otro-hospital-lejos-de-casa-ha-reforzado-la-idea-que-tenia-sobre-mi-futuro-profesional\/","og_locale":"es_ES","og_type":"article","og_title":"Aldara Regal: \u201cHacer las pr\u00e1cticas en otro hospital lejos de casa ha reforzado la idea que ten\u00eda sobre mi futuro profesional\u201d - Cepovisa","og_description":"Aldara Regal es una de las estudiantes de la Escuela de Ribera Povisa que ha aprovechado la oportunidad que Ribera ha ofrecido a nuestros futuros","og_url":"https:\/\/riberasalud.com\/cepovisa\/2022\/02\/09\/aldara-regal-h-practicas-en-otro-hospital-lejos-de-casa-ha-reforzado-la-idea-que-tenia-sobre-mi-futuro-profesional\/","og_site_name":"Cepovisa","article_published_time":"2022-02-09T10:23:23+00:00","article_modified_time":"2022-07-12T07:36:56+00:00","og_image":[{"width":1534,"height":2048,"url":"https:\/\/riberasalud.com\/cepovisa\/wp-content\/uploads\/2022\/02\/image0.jpeg","type":"image\/jpeg"}],"author":"jorge@quois.com","twitter_card":"summary_large_image","twitter_misc":{"Escrito por":"jorge@quois.com","Tiempo de lectura":"4 minutos"},"schema":{"@context":"https:\/\/schema.org","@graph":[{"@type":"Article","@id":"https:\/\/riberasalud.com\/cepovisa\/2022\/02\/09\/aldara-regal-h-practicas-en-otro-hospital-lejos-de-casa-ha-reforzado-la-idea-que-tenia-sobre-mi-futuro-profesional\/#article","isPartOf":{"@id":"https:\/\/riberasalud.com\/cepovisa\/2022\/02\/09\/aldara-regal-h-practicas-en-otro-hospital-lejos-de-casa-ha-reforzado-la-idea-que-tenia-sobre-mi-futuro-profesional\/"},"author":{"name":"jorge@quois.com","@id":"https:\/\/riberasalud.com\/cepovisa\/#\/schema\/person\/4023720979c28eca7110e8246b933e0e"},"headline":"Aldara Regal: \u201cHacer las pr\u00e1cticas en otro hospital lejos de casa ha reforzado la idea que ten\u00eda sobre mi futuro profesional\u201d","datePublished":"2022-02-09T10:23:23+00:00","dateModified":"2022-07-12T07:36:56+00:00","mainEntityOfPage":{"@id":"https:\/\/riberasalud.com\/cepovisa\/2022\/02\/09\/aldara-regal-h-practicas-en-otro-hospital-lejos-de-casa-ha-reforzado-la-idea-que-tenia-sobre-mi-futuro-profesional\/"},"wordCount":843,"publisher":{"@id":"https:\/\/riberasalud.com\/cepovisa\/#organization"},"image":{"@id":"https:\/\/riberasalud.com\/cepovisa\/2022\/02\/09\/aldara-regal-h-practicas-en-otro-hospital-lejos-de-casa-ha-reforzado-la-idea-que-tenia-sobre-mi-futuro-profesional\/#primaryimage"},"thumbnailUrl":"https:\/\/riberasalud.com\/cepovisa\/wp-content\/uploads\/2022\/02\/image0.jpeg","articleSection":["GRADO DE ENFERMER\u00cdA"],"inLanguage":"es"},{"@type":"WebPage","@id":"https:\/\/riberasalud.com\/cepovisa\/2022\/02\/09\/aldara-regal-h-practicas-en-otro-hospital-lejos-de-casa-ha-reforzado-la-idea-que-tenia-sobre-mi-futuro-profesional\/","url":"https:\/\/riberasalud.com\/cepovisa\/2022\/02\/09\/aldara-regal-h-practicas-en-otro-hospital-lejos-de-casa-ha-reforzado-la-idea-que-tenia-sobre-mi-futuro-profesional\/","name":"Aldara Regal: \u201cHacer las pr\u00e1cticas en otro hospital lejos de casa ha reforzado la idea que ten\u00eda sobre mi futuro profesional\u201d - Cepovisa","isPartOf":{"@id":"https:\/\/riberasalud.com\/cepovisa\/#website"},"primaryImageOfPage":{"@id":"https:\/\/riberasalud.com\/cepovisa\/2022\/02\/09\/aldara-regal-h-practicas-en-otro-hospital-lejos-de-casa-ha-reforzado-la-idea-que-tenia-sobre-mi-futuro-profesional\/#primaryimage"},"image":{"@id":"https:\/\/riberasalud.com\/cepovisa\/2022\/02\/09\/aldara-regal-h-practicas-en-otro-hospital-lejos-de-casa-ha-reforzado-la-idea-que-tenia-sobre-mi-futuro-profesional\/#primaryimage"},"thumbnailUrl":"https:\/\/riberasalud.com\/cepovisa\/wp-content\/uploads\/2022\/02\/image0.jpeg","datePublished":"2022-02-09T10:23:23+00:00","dateModified":"2022-07-12T07:36:56+00:00","description":"Aldara Regal es una de las estudiantes de la Escuela de Ribera Povisa que ha aprovechado la oportunidad que Ribera ha ofrecido a nuestros futuros","breadcrumb":{"@id":"https:\/\/riberasalud.com\/cepovisa\/2022\/02\/09\/aldara-regal-h-practicas-en-otro-hospital-lejos-de-casa-ha-reforzado-la-idea-que-tenia-sobre-mi-futuro-profesional\/#breadcrumb"},"inLanguage":"es","potentialAction":[{"@type":"ReadAction","target":["https:\/\/riberasalud.com\/cepovisa\/2022\/02\/09\/aldara-regal-h-practicas-en-otro-hospital-lejos-de-casa-ha-reforzado-la-idea-que-tenia-sobre-mi-futuro-profesional\/"]}]},{"@type":"ImageObject","inLanguage":"es","@id":"https:\/\/riberasalud.com\/cepovisa\/2022\/02\/09\/aldara-regal-h-practicas-en-otro-hospital-lejos-de-casa-ha-reforzado-la-idea-que-tenia-sobre-mi-futuro-profesional\/#primaryimage","url":"https:\/\/riberasalud.com\/cepovisa\/wp-content\/uploads\/2022\/02\/image0.jpeg","contentUrl":"https:\/\/riberasalud.com\/cepovisa\/wp-content\/uploads\/2022\/02\/image0.jpeg","width":1534,"height":2048},{"@type":"BreadcrumbList","@id":"https:\/\/riberasalud.com\/cepovisa\/2022\/02\/09\/aldara-regal-h-practicas-en-otro-hospital-lejos-de-casa-ha-reforzado-la-idea-que-tenia-sobre-mi-futuro-profesional\/#breadcrumb","itemListElement":[{"@type":"ListItem","position":1,"name":"Portada","item":"https:\/\/riberasalud.com\/cepovisa\/"},{"@type":"ListItem","position":2,"name":"Aldara Regal: \u201cHacer las pr\u00e1cticas en otro hospital lejos de casa ha reforzado la idea que ten\u00eda sobre mi futuro profesional\u201d"}]},{"@type":"WebSite","@id":"https:\/\/riberasalud.com\/cepovisa\/#website","url":"https:\/\/riberasalud.com\/cepovisa\/","name":"Cepovisa","description":"","publisher":{"@id":"https:\/\/riberasalud.com\/cepovisa\/#organization"},"potentialAction":[{"@type":"SearchAction","target":{"@type":"EntryPoint","urlTemplate":"https:\/\/riberasalud.com\/cepovisa\/?s={search_term_string}"},"query-input":{"@type":"PropertyValueSpecification","valueRequired":true,"valueName":"search_term_string"}}],"inLanguage":"es"},{"@type":"Organization","@id":"https:\/\/riberasalud.com\/cepovisa\/#organization","name":"Cepovisa","url":"https:\/\/riberasalud.com\/cepovisa\/","logo":{"@type":"ImageObject","inLanguage":"es","@id":"https:\/\/riberasalud.com\/cepovisa\/#\/schema\/logo\/image\/","url":"https:\/\/riberasalud.com\/cepovisa\/wp-content\/uploads\/2024\/08\/cropped-FORMACIONPROFESIONAL-cepivsa-logo.png","contentUrl":"https:\/\/riberasalud.com\/cepovisa\/wp-content\/uploads\/2024\/08\/cropped-FORMACIONPROFESIONAL-cepivsa-logo.png","width":847,"height":94,"caption":"Cepovisa"},"image":{"@id":"https:\/\/riberasalud.com\/cepovisa\/#\/schema\/logo\/image\/"}},{"@type":"Person","@id":"https:\/\/riberasalud.com\/cepovisa\/#\/schema\/person\/4023720979c28eca7110e8246b933e0e","name":"jorge@quois.com","image":{"@type":"ImageObject","inLanguage":"es","@id":"https:\/\/riberasalud.com\/cepovisa\/#\/schema\/person\/image\/","url":"https:\/\/secure.gravatar.com\/avatar\/bca8cccf11ce6757dcdec6ce293d120c16d33c83aeb423357cce3f49f3abae94?s=96&d=mm&r=g","contentUrl":"https:\/\/secure.gravatar.com\/avatar\/bca8cccf11ce6757dcdec6ce293d120c16d33c83aeb423357cce3f49f3abae94?s=96&d=mm&r=g","caption":"jorge@quois.com"},"sameAs":["https:\/\/riberasalud.com\/cepovisa"],"url":"https:\/\/riberasalud.com\/cepovisa\/author\/jorgequois-com\/"}]}},"gt_translate_keys":[{"key":"link","format":"url"}],"_links":{"self":[{"href":"https:\/\/riberasalud.com\/cepovisa\/wp-json\/wp\/v2\/posts\/4520","targetHints":{"allow":["GET"]}}],"collection":[{"href":"https:\/\/riberasalud.com\/cepovisa\/wp-json\/wp\/v2\/posts"}],"about":[{"href":"https:\/\/riberasalud.com\/cepovisa\/wp-json\/wp\/v2\/types\/post"}],"author":[{"embeddable":true,"href":"https:\/\/riberasalud.com\/cepovisa\/wp-json\/wp\/v2\/users\/1"}],"replies":[{"embeddable":true,"href":"https:\/\/riberasalud.com\/cepovisa\/wp-json\/wp\/v2\/comments?post=4520"}],"version-history":[{"count":1,"href":"https:\/\/riberasalud.com\/cepovisa\/wp-json\/wp\/v2\/posts\/4520\/revisions"}],"predecessor-version":[{"id":4591,"href":"https:\/\/riberasalud.com\/cepovisa\/wp-json\/wp\/v2\/posts\/4520\/revisions\/4591"}],"wp:featuredmedia":[{"embeddable":true,"href":"https:\/\/riberasalud.com\/cepovisa\/wp-json\/wp\/v2\/media\/4521"}],"wp:attachment":[{"href":"https:\/\/riberasalud.com\/cepovisa\/wp-json\/wp\/v2\/media?parent=4520"}],"wp:term":[{"taxonomy":"category","embeddable":true,"href":"https:\/\/riberasalud.com\/cepovisa\/wp-json\/wp\/v2\/categories?post=4520"},{"taxonomy":"post_tag","embeddable":true,"href":"https:\/\/riberasalud.com\/cepovisa\/wp-json\/wp\/v2\/tags?post=4520"}],"curies":[{"name":"wp","href":"https:\/\/api.w.org\/{rel}","templated":true}]}}