{"id":4195,"date":"2021-06-15T10:30:40","date_gmt":"2021-06-15T10:30:40","guid":{"rendered":"http:\/\/cepovisa.com\/?p=4195"},"modified":"2022-07-12T07:36:35","modified_gmt":"2022-07-12T07:36:35","slug":"alfonso-garcia-el-curso-ha-terminado-con-un-exito-incluso-mayor-del-que-podriamos-haber-esperado","status":"publish","type":"post","link":"https:\/\/riberasalud.com\/cepovisa\/2021\/06\/15\/alfonso-garcia-el-curso-ha-terminado-con-un-exito-incluso-mayor-del-que-podriamos-haber-esperado\/","title":{"rendered":"Alfonso Garc\u00eda: \u201cEl curso ha terminado con un \u00e9xito incluso mayor del que podr\u00edamos haber esperado","gt_translate_keys":[{"key":"rendered","format":"text"}]},"content":{"rendered":"<p>Semipresencialidad, apuesta por las nuevas tecnolog\u00edas, medidas de higiene\u2026 Ese a\u00f1o acad\u00e9mico ser\u00e1 recordado por la gran capacidad de adaptaci\u00f3n que, tanto los alumnos como los profesores de la Escuela de Povisa han demostrado ante las novedades impuestas por la pandemia. A punto de despedir este particular curso, Alfonso Garc\u00eda, director de la Escuela, hace balance de los cambios que se han llevado a cabo durante estos meses.<\/p>\n<p><strong>\u00bfSe ha logrado cumplir las medidas sanitarias durante todo el curso?<\/strong><br \/>\nS\u00ed, las medidas anti COVID se han logrado cumplir con un notable \u00e9xito, hubo un control muy estricto tanto en Enfermer\u00eda como en FP y hemos llevado a cabo un seguimiento constante de los alumnos desde los primeros d\u00edas. No ha habido que cerrar ni un aula, el curso se ha desarrollado con total normalidad, entendiendo por normalidad que en Enfermer\u00eda las clases han sido semipresenciales. En FP, al ser menos alumnos, se ha podido llevar todo presencialmente, eso s\u00ed, guardando en todo momento distancias y prestando especial atenci\u00f3n a las salidas y entradas a las aulas, adem\u00e1s, durante estos meses se han doblado los turnos de limpieza. Para m\u00ed es todo un \u00e9xito que no haya habido ni un solo brote, como el control ha sido muy estricto, todo ha ido muy bien.<\/p>\n<p><strong>\u00bfLos alumnos han sido vacunados?<\/strong><br \/>\nS\u00ed, est\u00e1n ya vacunados los alumnos de Enfermer\u00eda de segundo, tercero y cuarto, y estamos pendientes de que se vacune tambi\u00e9n a los alumnos de primer a\u00f1o, ya que algunos har\u00e1n pr\u00e1cticas durante este verano. Ya hemos solicitado al Sergas que se les vacune. En FP ya est\u00e1n vacunados todos los que est\u00e1n haciendo pr\u00e1cticas en el hospital.<\/p>\n<p><strong>\u00bfSe han tenido que adaptar los per\u00edodos de pr\u00e1cticas a causa de la pandemia?<\/strong><br \/>\nInicialmente tuvimos que hacer una peque\u00f1a adaptaci\u00f3n, pero desde el segundo trimestre se ha llevado a cabo con normalidad, los alumnos que han realizado pr\u00e1cticas no tienen nada pendiente, se han podido completar las horas de formaci\u00f3n, las pr\u00e1cticas que se har\u00e1n en verano ser\u00e1n de car\u00e1cter totalmente voluntario.<\/p>\n<p><strong>\u00bfSe han relajado las medidas de seguridad ahora que la mayor parte de alumnos y profesores est\u00e1n inmunizados?<\/strong><br \/>\nNo, estamos siendo estrictos con el cumplimiento de las normas, se cumplen con toda exactitud, pero s\u00ed que quiero remarcar que aqu\u00ed nunca hemos tenido una sensaci\u00f3n de peligro durante estos meses. Adem\u00e1s, hay que decir que, pese a la pandemia, ha habido un buen rendimiento por parte de los estudiantes, esperamos que terminen su formaci\u00f3n el mismo porcentaje de alumnos que otros a\u00f1os.<\/p>\n<p><strong>\u00bfSe han notado las mejoras que se han implementado este a\u00f1o en el edificio de la Escuela?<\/strong><br \/>\nS\u00ed, much\u00edsimo. En primer lugar, se ha mejorado el aspecto de la escuela, se ha pintado todo de blanco y el sistema de iluminaci\u00f3n ha cambiado. Adem\u00e1s, se han adaptado las aulas para poder emitir clases en streaming, es decir, se han colocado grandes televisores de 80 pulgadas con captaci\u00f3n de sonido en directo para que se pueda seguir la clase sin ning\u00fan problema desde casa. Tambi\u00e9n se han cambiado los encerados por otros m\u00e1s modernos, y el aula de pr\u00e1cticas pr\u00e1cticamente ha duplicado su tama\u00f1o y se ha renovado el material.<\/p>\n<p><strong>\u00bfEl curso que viene se seguir\u00e1 apostando por la semipresencialidad?<\/strong><br \/>\nLo que sabemos hasta ahora es que las clases de FP ser\u00e1n totalmente presenciales, y en Enfermer\u00eda nos guiaremos por lo que decida el rectorado, aunque yo entiendo que, al estar la mayor\u00eda de los alumnos vacunados, se podr\u00e1 recuperar la presencialidad total. Todo parece indicar que el pr\u00f3ximo curso ser\u00e1 m\u00e1s parecido a lo que consideramos normal, aunque estamos totalmente preparados para afrontar un curso como el de este a\u00f1o.<\/p>\n<p><strong>\u00bfCree que aumentar\u00e1 la demanda de plazas para el pr\u00f3ximo curso?<\/strong><br \/>\nS\u00ed, llevamos ya varios a\u00f1os observando que la demanda es mucho mayor que la oferta, tanto en Enfermer\u00eda como en FP. Aunque todav\u00eda no han empezado las matr\u00edculas, por lo que estamos viendo a trav\u00e9s de la gente que nos llama y nos pregunta, espero y conf\u00edo en que as\u00ed sea.<\/p>\n<p><strong>\u00bfEst\u00e1 aumentando la empleabilidad de los alumnos?<\/strong><br \/>\nEl Hospital Povisa en s\u00ed tira mucho de nuestros alumnos, por poner un ejemplo, en Enfermer\u00eda, un 80 % de los nuevos contratos proceden de la Escuela. En los \u00faltimos a\u00f1os tambi\u00e9n estamos observando que muchos de nuestros titulados de FP utilizan nuestra formaci\u00f3n como un trampol\u00edn para acceder a estudios universitarios con una alta exigencia de nota, como pueden ser Fisioterapia, Enfermer\u00eda o Odontolog\u00eda. De hecho, \u00faltimamente estamos viendo que, de nuestros alumnos de Anatom\u00eda Patol\u00f3gica, acceden a Medicina unos 2 o 3 cada a\u00f1o. Adem\u00e1s, podemos decir que una gran mayor\u00eda de los t\u00e9cnicos de Radioterapia de Galicia, Le\u00f3n e incluso Asturias de menos de 40 a\u00f1os han salido de la Escuela de Povisa.<\/p>\n<p><strong>\u00bfHabr\u00e1 alg\u00fan cambio o novedad de cara al pr\u00f3ximo curso?<\/strong><br \/>\nHay novedades con respecto a la movilidad de los alumnos, ya que, gracias a pertenecer al Grupo Ribera, los estudiantes tienen ofertas para hacer pr\u00e1cticas en los hospitales que tenemos en toda Espa\u00f1a, y cuentan con unas ayudas que concede el Grupo para que se puedan desplazar. A estas ayudas optan tanto los alumnos de Enfermer\u00eda como los de FP, de hecho, este a\u00f1o hay varias alumnas de Formaci\u00f3n Profesional en los hospitales de Torrevieja y Vinalop\u00f3. De esta forma, los alumnos salen de casa, aprenden cosas nuevas y conocen otros lugares, se les abre una puerta muy importante. El a\u00f1o que viene habr\u00e1 en torno a 15 becas para apoyar las pr\u00e1cticas de nuestros alumnos.<\/p>\n<p><strong>\u00bfHan mejorado las competencias digitales durante este curso?<\/strong><br \/>\nS\u00ed, la pandemia ha ayudado a que la Escuela est\u00e9 mucho m\u00e1s digitalizada y tambi\u00e9n ha logrado que los profesores que antes ten\u00edamos una cierta resistencia a entrar en el sistema digital hayamos aprendido a dar las clases de esta manera, en eso hemos avanzado much\u00edsimo. Adem\u00e1s, en el pr\u00f3ximo curso, gracias a una campa\u00f1a que se est\u00e1 llevando a cabo desde el Hospital Povisa, avanzaremos en la reducci\u00f3n del uso de papel, aunque llevamos a\u00f1os reduci\u00e9ndolo, creemos que a\u00fan podemos mejorar en eso. Esto va a ser posible, en parte, porque los alumnos ya cuentan con hasta cuatro enchufes en sus mesas para que puedan tener organizados y cargados los ordenadores, las tablets y todo lo que necesiten.<\/p>\n<p><strong>\u00bfHabr\u00e1 graduaciones?<\/strong><br \/>\nS\u00ed, pero no ser\u00e1n como lo que sol\u00edamos hacer. Se van a celebrar en el Teatro Afundaci\u00f3n y estar\u00e1n presentes 90 personas, todas, por supuesto, con mascarilla. El acto de Enfermer\u00eda ser\u00e1 el 17 de junio y en FP el 23 del mismo mes. No podr\u00e1n acudir los padres ni se har\u00e1 el c\u00f3ctel que sol\u00eda haber otros a\u00f1os, esta decisi\u00f3n se ha tomado teniendo en cuenta la situaci\u00f3n sanitaria, pero, como siempre, est\u00e1 previsto que acuda el rector, el alcalde, el presidente del patronato y el conselleiro de Sanidad.<\/p>\n<p><strong>\u00bfQu\u00e9 balance hace de este a\u00f1o at\u00edpico?<\/strong><br \/>\nAunque es cierto que hemos estado condicionados por la situaci\u00f3n sociosanitaria, estoy muy satisfecho, creo que se han hecho las cosas bien y, salvo por las medidas anti COVID, no ha habido grandes diferencias con otros a\u00f1os. S\u00ed, la pandemia ha sido protagonista, pero hemos sabido adaptarnos a la situaci\u00f3n. En mi opini\u00f3n, el curso ha terminado con un \u00e9xito incluso mayor del que podr\u00edamos haber esperado en un principio.<\/p>\n","protected":false,"gt_translate_keys":[{"key":"rendered","format":"html"}]},"excerpt":{"rendered":"<p>Alfonso Garc\u00eda: \u201cEl curso ha terminado con un \u00e9xito incluso mayor del que podr\u00edamos haber esperado<\/p>\n","protected":false,"gt_translate_keys":[{"key":"rendered","format":"html"}]},"author":1,"featured_media":4196,"comment_status":"closed","ping_status":"open","sticky":false,"template":"","format":"standard","meta":{"_mi_skip_tracking":false,"footnotes":""},"categories":[43,27],"tags":[],"class_list":["post-4195","post","type-post","status-publish","format-standard","has-post-thumbnail","hentry","category-ciclos-de-fp","category-grado-de-enfermeria"],"yoast_head":"<!-- This site is optimized with the Yoast SEO plugin v26.6 - https:\/\/yoast.com\/wordpress\/plugins\/seo\/ -->\n<title>Alfonso Garc\u00eda: \u201cEl curso ha terminado con un \u00e9xito incluso mayor del que podr\u00edamos haber esperado - Cepovisa<\/title>\n<meta name=\"description\" content=\"Alfonso Garc\u00eda: \u201cEl curso ha terminado con un \u00e9xito incluso mayor del que podr\u00edamos haber esperado\" \/>\n<meta name=\"robots\" content=\"index, follow, max-snippet:-1, max-image-preview:large, max-video-preview:-1\" \/>\n<link rel=\"canonical\" href=\"https:\/\/riberasalud.com\/cepovisa\/2021\/06\/15\/alfonso-garcia-el-curso-ha-terminado-con-un-exito-incluso-mayor-del-que-podriamos-haber-esperado\/\" \/>\n<meta property=\"og:locale\" content=\"es_ES\" \/>\n<meta property=\"og:type\" content=\"article\" \/>\n<meta property=\"og:title\" content=\"Alfonso Garc\u00eda: \u201cEl curso ha terminado con un \u00e9xito incluso mayor del que podr\u00edamos haber esperado - Cepovisa\" \/>\n<meta property=\"og:description\" content=\"Alfonso Garc\u00eda: \u201cEl curso ha terminado con un \u00e9xito incluso mayor del que podr\u00edamos haber esperado\" \/>\n<meta property=\"og:url\" content=\"https:\/\/riberasalud.com\/cepovisa\/2021\/06\/15\/alfonso-garcia-el-curso-ha-terminado-con-un-exito-incluso-mayor-del-que-podriamos-haber-esperado\/\" \/>\n<meta property=\"og:site_name\" content=\"Cepovisa\" \/>\n<meta property=\"article:published_time\" content=\"2021-06-15T10:30:40+00:00\" \/>\n<meta property=\"article:modified_time\" content=\"2022-07-12T07:36:35+00:00\" \/>\n<meta property=\"og:image\" content=\"https:\/\/riberasalud.com\/cepovisa\/wp-content\/uploads\/2021\/06\/unnamed-scaled-1.jpg\" \/>\n\t<meta property=\"og:image:width\" content=\"2560\" \/>\n\t<meta property=\"og:image:height\" content=\"1920\" \/>\n\t<meta property=\"og:image:type\" content=\"image\/jpeg\" \/>\n<meta name=\"author\" content=\"jorge@quois.com\" \/>\n<meta name=\"twitter:card\" content=\"summary_large_image\" \/>\n<meta name=\"twitter:label1\" content=\"Escrito por\" \/>\n\t<meta name=\"twitter:data1\" content=\"jorge@quois.com\" \/>\n\t<meta name=\"twitter:label2\" content=\"Tiempo de lectura\" \/>\n\t<meta name=\"twitter:data2\" content=\"7 minutos\" \/>\n<script type=\"application\/ld+json\" class=\"yoast-schema-graph\">{\"@context\":\"https:\/\/schema.org\",\"@graph\":[{\"@type\":\"Article\",\"@id\":\"https:\/\/riberasalud.com\/cepovisa\/2021\/06\/15\/alfonso-garcia-el-curso-ha-terminado-con-un-exito-incluso-mayor-del-que-podriamos-haber-esperado\/#article\",\"isPartOf\":{\"@id\":\"https:\/\/riberasalud.com\/cepovisa\/2021\/06\/15\/alfonso-garcia-el-curso-ha-terminado-con-un-exito-incluso-mayor-del-que-podriamos-haber-esperado\/\"},\"author\":{\"name\":\"jorge@quois.com\",\"@id\":\"https:\/\/riberasalud.com\/cepovisa\/#\/schema\/person\/4023720979c28eca7110e8246b933e0e\"},\"headline\":\"Alfonso Garc\u00eda: \u201cEl curso ha terminado con un \u00e9xito incluso mayor del que podr\u00edamos haber esperado\",\"datePublished\":\"2021-06-15T10:30:40+00:00\",\"dateModified\":\"2022-07-12T07:36:35+00:00\",\"mainEntityOfPage\":{\"@id\":\"https:\/\/riberasalud.com\/cepovisa\/2021\/06\/15\/alfonso-garcia-el-curso-ha-terminado-con-un-exito-incluso-mayor-del-que-podriamos-haber-esperado\/\"},\"wordCount\":1337,\"publisher\":{\"@id\":\"https:\/\/riberasalud.com\/cepovisa\/#organization\"},\"image\":{\"@id\":\"https:\/\/riberasalud.com\/cepovisa\/2021\/06\/15\/alfonso-garcia-el-curso-ha-terminado-con-un-exito-incluso-mayor-del-que-podriamos-haber-esperado\/#primaryimage\"},\"thumbnailUrl\":\"https:\/\/riberasalud.com\/cepovisa\/wp-content\/uploads\/2021\/06\/unnamed-scaled-1.jpg\",\"articleSection\":[\"CICLOS DE FP\",\"GRADO DE ENFERMER\u00cdA\"],\"inLanguage\":\"es\"},{\"@type\":\"WebPage\",\"@id\":\"https:\/\/riberasalud.com\/cepovisa\/2021\/06\/15\/alfonso-garcia-el-curso-ha-terminado-con-un-exito-incluso-mayor-del-que-podriamos-haber-esperado\/\",\"url\":\"https:\/\/riberasalud.com\/cepovisa\/2021\/06\/15\/alfonso-garcia-el-curso-ha-terminado-con-un-exito-incluso-mayor-del-que-podriamos-haber-esperado\/\",\"name\":\"Alfonso Garc\u00eda: \u201cEl curso ha terminado con un \u00e9xito incluso mayor del que podr\u00edamos haber esperado - Cepovisa\",\"isPartOf\":{\"@id\":\"https:\/\/riberasalud.com\/cepovisa\/#website\"},\"primaryImageOfPage\":{\"@id\":\"https:\/\/riberasalud.com\/cepovisa\/2021\/06\/15\/alfonso-garcia-el-curso-ha-terminado-con-un-exito-incluso-mayor-del-que-podriamos-haber-esperado\/#primaryimage\"},\"image\":{\"@id\":\"https:\/\/riberasalud.com\/cepovisa\/2021\/06\/15\/alfonso-garcia-el-curso-ha-terminado-con-un-exito-incluso-mayor-del-que-podriamos-haber-esperado\/#primaryimage\"},\"thumbnailUrl\":\"https:\/\/riberasalud.com\/cepovisa\/wp-content\/uploads\/2021\/06\/unnamed-scaled-1.jpg\",\"datePublished\":\"2021-06-15T10:30:40+00:00\",\"dateModified\":\"2022-07-12T07:36:35+00:00\",\"description\":\"Alfonso Garc\u00eda: \u201cEl curso ha terminado con un \u00e9xito incluso mayor del que podr\u00edamos haber esperado\",\"breadcrumb\":{\"@id\":\"https:\/\/riberasalud.com\/cepovisa\/2021\/06\/15\/alfonso-garcia-el-curso-ha-terminado-con-un-exito-incluso-mayor-del-que-podriamos-haber-esperado\/#breadcrumb\"},\"inLanguage\":\"es\",\"potentialAction\":[{\"@type\":\"ReadAction\",\"target\":[\"https:\/\/riberasalud.com\/cepovisa\/2021\/06\/15\/alfonso-garcia-el-curso-ha-terminado-con-un-exito-incluso-mayor-del-que-podriamos-haber-esperado\/\"]}]},{\"@type\":\"ImageObject\",\"inLanguage\":\"es\",\"@id\":\"https:\/\/riberasalud.com\/cepovisa\/2021\/06\/15\/alfonso-garcia-el-curso-ha-terminado-con-un-exito-incluso-mayor-del-que-podriamos-haber-esperado\/#primaryimage\",\"url\":\"https:\/\/riberasalud.com\/cepovisa\/wp-content\/uploads\/2021\/06\/unnamed-scaled-1.jpg\",\"contentUrl\":\"https:\/\/riberasalud.com\/cepovisa\/wp-content\/uploads\/2021\/06\/unnamed-scaled-1.jpg\",\"width\":2560,\"height\":1920},{\"@type\":\"BreadcrumbList\",\"@id\":\"https:\/\/riberasalud.com\/cepovisa\/2021\/06\/15\/alfonso-garcia-el-curso-ha-terminado-con-un-exito-incluso-mayor-del-que-podriamos-haber-esperado\/#breadcrumb\",\"itemListElement\":[{\"@type\":\"ListItem\",\"position\":1,\"name\":\"Portada\",\"item\":\"https:\/\/riberasalud.com\/cepovisa\/\"},{\"@type\":\"ListItem\",\"position\":2,\"name\":\"Alfonso Garc\u00eda: \u201cEl curso ha terminado con un \u00e9xito incluso mayor del que podr\u00edamos haber esperado\"}]},{\"@type\":\"WebSite\",\"@id\":\"https:\/\/riberasalud.com\/cepovisa\/#website\",\"url\":\"https:\/\/riberasalud.com\/cepovisa\/\",\"name\":\"Cepovisa\",\"description\":\"\",\"publisher\":{\"@id\":\"https:\/\/riberasalud.com\/cepovisa\/#organization\"},\"potentialAction\":[{\"@type\":\"SearchAction\",\"target\":{\"@type\":\"EntryPoint\",\"urlTemplate\":\"https:\/\/riberasalud.com\/cepovisa\/?s={search_term_string}\"},\"query-input\":{\"@type\":\"PropertyValueSpecification\",\"valueRequired\":true,\"valueName\":\"search_term_string\"}}],\"inLanguage\":\"es\"},{\"@type\":\"Organization\",\"@id\":\"https:\/\/riberasalud.com\/cepovisa\/#organization\",\"name\":\"Cepovisa\",\"url\":\"https:\/\/riberasalud.com\/cepovisa\/\",\"logo\":{\"@type\":\"ImageObject\",\"inLanguage\":\"es\",\"@id\":\"https:\/\/riberasalud.com\/cepovisa\/#\/schema\/logo\/image\/\",\"url\":\"https:\/\/riberasalud.com\/cepovisa\/wp-content\/uploads\/2024\/08\/cropped-FORMACIONPROFESIONAL-cepivsa-logo.png\",\"contentUrl\":\"https:\/\/riberasalud.com\/cepovisa\/wp-content\/uploads\/2024\/08\/cropped-FORMACIONPROFESIONAL-cepivsa-logo.png\",\"width\":847,\"height\":94,\"caption\":\"Cepovisa\"},\"image\":{\"@id\":\"https:\/\/riberasalud.com\/cepovisa\/#\/schema\/logo\/image\/\"}},{\"@type\":\"Person\",\"@id\":\"https:\/\/riberasalud.com\/cepovisa\/#\/schema\/person\/4023720979c28eca7110e8246b933e0e\",\"name\":\"jorge@quois.com\",\"image\":{\"@type\":\"ImageObject\",\"inLanguage\":\"es\",\"@id\":\"https:\/\/riberasalud.com\/cepovisa\/#\/schema\/person\/image\/\",\"url\":\"https:\/\/secure.gravatar.com\/avatar\/bca8cccf11ce6757dcdec6ce293d120c16d33c83aeb423357cce3f49f3abae94?s=96&d=mm&r=g\",\"contentUrl\":\"https:\/\/secure.gravatar.com\/avatar\/bca8cccf11ce6757dcdec6ce293d120c16d33c83aeb423357cce3f49f3abae94?s=96&d=mm&r=g\",\"caption\":\"jorge@quois.com\"},\"sameAs\":[\"https:\/\/riberasalud.com\/cepovisa\"],\"url\":\"https:\/\/riberasalud.com\/cepovisa\/author\/jorgequois-com\/\"}]}<\/script>\n<!-- \/ Yoast SEO plugin. -->","yoast_head_json":{"title":"Alfonso Garc\u00eda: \u201cEl curso ha terminado con un \u00e9xito incluso mayor del que podr\u00edamos haber esperado - Cepovisa","description":"Alfonso Garc\u00eda: \u201cEl curso ha terminado con un \u00e9xito incluso mayor del que podr\u00edamos haber esperado","robots":{"index":"index","follow":"follow","max-snippet":"max-snippet:-1","max-image-preview":"max-image-preview:large","max-video-preview":"max-video-preview:-1"},"canonical":"https:\/\/riberasalud.com\/cepovisa\/2021\/06\/15\/alfonso-garcia-el-curso-ha-terminado-con-un-exito-incluso-mayor-del-que-podriamos-haber-esperado\/","og_locale":"es_ES","og_type":"article","og_title":"Alfonso Garc\u00eda: \u201cEl curso ha terminado con un \u00e9xito incluso mayor del que podr\u00edamos haber esperado - Cepovisa","og_description":"Alfonso Garc\u00eda: \u201cEl curso ha terminado con un \u00e9xito incluso mayor del que podr\u00edamos haber esperado","og_url":"https:\/\/riberasalud.com\/cepovisa\/2021\/06\/15\/alfonso-garcia-el-curso-ha-terminado-con-un-exito-incluso-mayor-del-que-podriamos-haber-esperado\/","og_site_name":"Cepovisa","article_published_time":"2021-06-15T10:30:40+00:00","article_modified_time":"2022-07-12T07:36:35+00:00","og_image":[{"width":2560,"height":1920,"url":"https:\/\/riberasalud.com\/cepovisa\/wp-content\/uploads\/2021\/06\/unnamed-scaled-1.jpg","type":"image\/jpeg"}],"author":"jorge@quois.com","twitter_card":"summary_large_image","twitter_misc":{"Escrito por":"jorge@quois.com","Tiempo de lectura":"7 minutos"},"schema":{"@context":"https:\/\/schema.org","@graph":[{"@type":"Article","@id":"https:\/\/riberasalud.com\/cepovisa\/2021\/06\/15\/alfonso-garcia-el-curso-ha-terminado-con-un-exito-incluso-mayor-del-que-podriamos-haber-esperado\/#article","isPartOf":{"@id":"https:\/\/riberasalud.com\/cepovisa\/2021\/06\/15\/alfonso-garcia-el-curso-ha-terminado-con-un-exito-incluso-mayor-del-que-podriamos-haber-esperado\/"},"author":{"name":"jorge@quois.com","@id":"https:\/\/riberasalud.com\/cepovisa\/#\/schema\/person\/4023720979c28eca7110e8246b933e0e"},"headline":"Alfonso Garc\u00eda: \u201cEl curso ha terminado con un \u00e9xito incluso mayor del que podr\u00edamos haber esperado","datePublished":"2021-06-15T10:30:40+00:00","dateModified":"2022-07-12T07:36:35+00:00","mainEntityOfPage":{"@id":"https:\/\/riberasalud.com\/cepovisa\/2021\/06\/15\/alfonso-garcia-el-curso-ha-terminado-con-un-exito-incluso-mayor-del-que-podriamos-haber-esperado\/"},"wordCount":1337,"publisher":{"@id":"https:\/\/riberasalud.com\/cepovisa\/#organization"},"image":{"@id":"https:\/\/riberasalud.com\/cepovisa\/2021\/06\/15\/alfonso-garcia-el-curso-ha-terminado-con-un-exito-incluso-mayor-del-que-podriamos-haber-esperado\/#primaryimage"},"thumbnailUrl":"https:\/\/riberasalud.com\/cepovisa\/wp-content\/uploads\/2021\/06\/unnamed-scaled-1.jpg","articleSection":["CICLOS DE FP","GRADO DE ENFERMER\u00cdA"],"inLanguage":"es"},{"@type":"WebPage","@id":"https:\/\/riberasalud.com\/cepovisa\/2021\/06\/15\/alfonso-garcia-el-curso-ha-terminado-con-un-exito-incluso-mayor-del-que-podriamos-haber-esperado\/","url":"https:\/\/riberasalud.com\/cepovisa\/2021\/06\/15\/alfonso-garcia-el-curso-ha-terminado-con-un-exito-incluso-mayor-del-que-podriamos-haber-esperado\/","name":"Alfonso Garc\u00eda: \u201cEl curso ha terminado con un \u00e9xito incluso mayor del que podr\u00edamos haber esperado - Cepovisa","isPartOf":{"@id":"https:\/\/riberasalud.com\/cepovisa\/#website"},"primaryImageOfPage":{"@id":"https:\/\/riberasalud.com\/cepovisa\/2021\/06\/15\/alfonso-garcia-el-curso-ha-terminado-con-un-exito-incluso-mayor-del-que-podriamos-haber-esperado\/#primaryimage"},"image":{"@id":"https:\/\/riberasalud.com\/cepovisa\/2021\/06\/15\/alfonso-garcia-el-curso-ha-terminado-con-un-exito-incluso-mayor-del-que-podriamos-haber-esperado\/#primaryimage"},"thumbnailUrl":"https:\/\/riberasalud.com\/cepovisa\/wp-content\/uploads\/2021\/06\/unnamed-scaled-1.jpg","datePublished":"2021-06-15T10:30:40+00:00","dateModified":"2022-07-12T07:36:35+00:00","description":"Alfonso Garc\u00eda: \u201cEl curso ha terminado con un \u00e9xito incluso mayor del que podr\u00edamos haber esperado","breadcrumb":{"@id":"https:\/\/riberasalud.com\/cepovisa\/2021\/06\/15\/alfonso-garcia-el-curso-ha-terminado-con-un-exito-incluso-mayor-del-que-podriamos-haber-esperado\/#breadcrumb"},"inLanguage":"es","potentialAction":[{"@type":"ReadAction","target":["https:\/\/riberasalud.com\/cepovisa\/2021\/06\/15\/alfonso-garcia-el-curso-ha-terminado-con-un-exito-incluso-mayor-del-que-podriamos-haber-esperado\/"]}]},{"@type":"ImageObject","inLanguage":"es","@id":"https:\/\/riberasalud.com\/cepovisa\/2021\/06\/15\/alfonso-garcia-el-curso-ha-terminado-con-un-exito-incluso-mayor-del-que-podriamos-haber-esperado\/#primaryimage","url":"https:\/\/riberasalud.com\/cepovisa\/wp-content\/uploads\/2021\/06\/unnamed-scaled-1.jpg","contentUrl":"https:\/\/riberasalud.com\/cepovisa\/wp-content\/uploads\/2021\/06\/unnamed-scaled-1.jpg","width":2560,"height":1920},{"@type":"BreadcrumbList","@id":"https:\/\/riberasalud.com\/cepovisa\/2021\/06\/15\/alfonso-garcia-el-curso-ha-terminado-con-un-exito-incluso-mayor-del-que-podriamos-haber-esperado\/#breadcrumb","itemListElement":[{"@type":"ListItem","position":1,"name":"Portada","item":"https:\/\/riberasalud.com\/cepovisa\/"},{"@type":"ListItem","position":2,"name":"Alfonso Garc\u00eda: \u201cEl curso ha terminado con un \u00e9xito incluso mayor del que podr\u00edamos haber esperado"}]},{"@type":"WebSite","@id":"https:\/\/riberasalud.com\/cepovisa\/#website","url":"https:\/\/riberasalud.com\/cepovisa\/","name":"Cepovisa","description":"","publisher":{"@id":"https:\/\/riberasalud.com\/cepovisa\/#organization"},"potentialAction":[{"@type":"SearchAction","target":{"@type":"EntryPoint","urlTemplate":"https:\/\/riberasalud.com\/cepovisa\/?s={search_term_string}"},"query-input":{"@type":"PropertyValueSpecification","valueRequired":true,"valueName":"search_term_string"}}],"inLanguage":"es"},{"@type":"Organization","@id":"https:\/\/riberasalud.com\/cepovisa\/#organization","name":"Cepovisa","url":"https:\/\/riberasalud.com\/cepovisa\/","logo":{"@type":"ImageObject","inLanguage":"es","@id":"https:\/\/riberasalud.com\/cepovisa\/#\/schema\/logo\/image\/","url":"https:\/\/riberasalud.com\/cepovisa\/wp-content\/uploads\/2024\/08\/cropped-FORMACIONPROFESIONAL-cepivsa-logo.png","contentUrl":"https:\/\/riberasalud.com\/cepovisa\/wp-content\/uploads\/2024\/08\/cropped-FORMACIONPROFESIONAL-cepivsa-logo.png","width":847,"height":94,"caption":"Cepovisa"},"image":{"@id":"https:\/\/riberasalud.com\/cepovisa\/#\/schema\/logo\/image\/"}},{"@type":"Person","@id":"https:\/\/riberasalud.com\/cepovisa\/#\/schema\/person\/4023720979c28eca7110e8246b933e0e","name":"jorge@quois.com","image":{"@type":"ImageObject","inLanguage":"es","@id":"https:\/\/riberasalud.com\/cepovisa\/#\/schema\/person\/image\/","url":"https:\/\/secure.gravatar.com\/avatar\/bca8cccf11ce6757dcdec6ce293d120c16d33c83aeb423357cce3f49f3abae94?s=96&d=mm&r=g","contentUrl":"https:\/\/secure.gravatar.com\/avatar\/bca8cccf11ce6757dcdec6ce293d120c16d33c83aeb423357cce3f49f3abae94?s=96&d=mm&r=g","caption":"jorge@quois.com"},"sameAs":["https:\/\/riberasalud.com\/cepovisa"],"url":"https:\/\/riberasalud.com\/cepovisa\/author\/jorgequois-com\/"}]}},"gt_translate_keys":[{"key":"link","format":"url"}],"_links":{"self":[{"href":"https:\/\/riberasalud.com\/cepovisa\/wp-json\/wp\/v2\/posts\/4195","targetHints":{"allow":["GET"]}}],"collection":[{"href":"https:\/\/riberasalud.com\/cepovisa\/wp-json\/wp\/v2\/posts"}],"about":[{"href":"https:\/\/riberasalud.com\/cepovisa\/wp-json\/wp\/v2\/types\/post"}],"author":[{"embeddable":true,"href":"https:\/\/riberasalud.com\/cepovisa\/wp-json\/wp\/v2\/users\/1"}],"replies":[{"embeddable":true,"href":"https:\/\/riberasalud.com\/cepovisa\/wp-json\/wp\/v2\/comments?post=4195"}],"version-history":[{"count":1,"href":"https:\/\/riberasalud.com\/cepovisa\/wp-json\/wp\/v2\/posts\/4195\/revisions"}],"predecessor-version":[{"id":4564,"href":"https:\/\/riberasalud.com\/cepovisa\/wp-json\/wp\/v2\/posts\/4195\/revisions\/4564"}],"wp:featuredmedia":[{"embeddable":true,"href":"https:\/\/riberasalud.com\/cepovisa\/wp-json\/wp\/v2\/media\/4196"}],"wp:attachment":[{"href":"https:\/\/riberasalud.com\/cepovisa\/wp-json\/wp\/v2\/media?parent=4195"}],"wp:term":[{"taxonomy":"category","embeddable":true,"href":"https:\/\/riberasalud.com\/cepovisa\/wp-json\/wp\/v2\/categories?post=4195"},{"taxonomy":"post_tag","embeddable":true,"href":"https:\/\/riberasalud.com\/cepovisa\/wp-json\/wp\/v2\/tags?post=4195"}],"curies":[{"name":"wp","href":"https:\/\/api.w.org\/{rel}","templated":true}]}}