{"id":4172,"date":"2021-04-23T07:41:18","date_gmt":"2021-04-23T07:41:18","guid":{"rendered":"http:\/\/cepovisa.com\/?p=4172"},"modified":"2022-07-12T07:36:35","modified_gmt":"2022-07-12T07:36:35","slug":"los-alumnos-de-la-escuela-podran-acceder-a-becas-para-hacer-practicas-en-otros-hospitales-del-grupo-ribera","status":"publish","type":"post","link":"https:\/\/riberasalud.com\/cepovisa\/2021\/04\/23\/los-alumnos-de-la-escuela-podran-acceder-a-becas-para-hacer-practicas-en-otros-hospitales-del-grupo-ribera\/","title":{"rendered":"Los alumnos de la Escuela podr\u00e1n acceder a becas para hacer pr\u00e1cticas en otros hospitales del grupo Ribera","gt_translate_keys":[{"key":"rendered","format":"text"}]},"content":{"rendered":"<p>El director corporativo de Gesti\u00f3n de Personas del grupo Ribera, Salvador Sanchis, ha anunciado este jueves durante la webinar \u201cGesti\u00f3n del talento\u201d que el pr\u00f3ximo curso se implantar\u00e1n becas para realizar pr\u00e1cticas en otros hospitales del grupo.<\/p>\n<p>A partir del curso 2021\/2022, un total de 10 alumnos de los ciclos superiores de Formaci\u00f3n Profesional y 12 del Grado de Enfermer\u00eda podr\u00e1n realizar sus pr\u00e1cticas en los hospitales de Torrej\u00f3n, ubicado en Madrid; de Vinalop\u00f3 o Torrevieja, situados en la Comunidad de Valencia.<\/p>\n<p>El grupo Ribera est\u00e1 ultimando las bases para que los interesados puedan solicitar estas estancias becadas que beneficiar\u00e1n a los estudiantes del Centro de Estudios Povisa el pr\u00f3ximo curso y, tan pronto como se cierren los detalles, se dar\u00e1n a conocer para que puedan optar todos aquellos alumnos que lo deseen.<\/p>\n<p>\u201cEs una noticia importante y no deber\u00eda ser una novedad, pero lo es. Lo tendr\u00edamos que haber hecho antes, es cierto, pero las circunstancias, este Covid nos lo ha impedido y ha obligado a aplazar algunas cuestiones como esta\u201d, ha explicado Sanchis, que ha remarcado que los estudiantes de la Escuela de Povisa son el futuro del grupo Ribera. Por este motivo, las pr\u00e1cticas becadas se ofertar\u00e1n para los alumnos de Radiolog\u00eda, Anatom\u00eda Patol\u00f3gica y Enfermer\u00eda. \u201cEsperamos que en un futuro haya m\u00e1s becas\u201d, ha avanzado. Al respecto de las becas, hizo hincapi\u00e9 en que \u201cadem\u00e1s de ser unas pr\u00e1cticas muy importante para vosotros, ser\u00e1n una experiencia de vida, si me lo permit\u00eds, porque cuando uno sale de su casa es un aprendizaje muy bonito, que se lleva dentro\u201d.<\/p>\n<p>\u201cPara nosotros ya form\u00e1is parte de este grupo, aunque a\u00fan se\u00e1is estudiantes, sois nuestros futuros profesionales y as\u00ed tiene que ser. Os necesitamos y queremos que sig\u00e1is confiando en nosotros. Ya no somos solo Povisa, somos Povisa y mucho m\u00e1s. Somos el grupo Ribera y esperamos que tambi\u00e9n vosotros os sint\u00e1is parte de esta gran familia\u201d, ha remarcado.<\/p>\n<p>Durante la webinar, tambi\u00e9n se conectaron <a href=\"https:\/\/cepovisa.com\/blog\/#Vamos_a_demostrar_que_podemos_desenvolvernos_solas_en_un_lugar_diferente_Dos_alumnas_de_Anatomia_Patologica_realizan_sus_practicas_en_Torrevieja\">Carolina, Corina, Marta y Sara que son las cuatro futuras t\u00e9cnicos de Anatom\u00eda Patol\u00f3gica de la Escuela que est\u00e1n en Vinalop\u00f3 y Torrevieja<\/a>. A trav\u00e9s de un mensaje conjunto, quisieron dejar por escrito una peque\u00f1a aportaci\u00f3n de su experiencia en estos dos hospitales.<\/p>\n<p><img loading=\"lazy\" decoding=\"async\" class=\"alignnone  wp-image-4175\" src=\"https:\/\/riberasalud.com\/cepovisa\/wp-content\/uploads\/2021\/04\/Captura-de-pantalla-2021-04-22-a-las-16.31.52-300x169.png\" alt=\"\" width=\"561\" height=\"316\" srcset=\"https:\/\/riberasalud.com\/cepovisa\/wp-content\/uploads\/2021\/04\/Captura-de-pantalla-2021-04-22-a-las-16.31.52-300x169.png 300w, https:\/\/riberasalud.com\/cepovisa\/wp-content\/uploads\/2021\/04\/Captura-de-pantalla-2021-04-22-a-las-16.31.52-1024x576.png 1024w, https:\/\/riberasalud.com\/cepovisa\/wp-content\/uploads\/2021\/04\/Captura-de-pantalla-2021-04-22-a-las-16.31.52-768x432.png 768w, https:\/\/riberasalud.com\/cepovisa\/wp-content\/uploads\/2021\/04\/Captura-de-pantalla-2021-04-22-a-las-16.31.52-1536x864.png 1536w, https:\/\/riberasalud.com\/cepovisa\/wp-content\/uploads\/2021\/04\/Captura-de-pantalla-2021-04-22-a-las-16.31.52.png 1846w\" sizes=\"auto, (max-width: 561px) 100vw, 561px\" \/><\/p>\n<p>\u201cEstamos muy contentas con la acogida que hemos recibido por parte del equipo, estamos aprendiendo much\u00edsimo y aprovechando al m\u00e1ximo esta experiencia. Todos nuestros compa\u00f1eros de servicio han sido muy amables con nosotras y est\u00e1n muy volcados en nuestro aprendizaje y en que nos sintamos a gusto. Recomendamos la experiencia!!!\u201d, escribieron.<\/p>\n<p>Las j\u00f3venes, que comenzaron este mes de abril las pr\u00e1cticas en Torrevieja y Vinalop\u00f3, se ofrecieron incluso a resolver todas las dudas que puedan surgir entre los alumnos sobre la posibilidad de realizar las pr\u00e1cticas fuera de Galicia.<\/p>\n<p>\u201cMe consta que est\u00e1n muy contentas y adaptadas a la vida ilicitana y creo que este es el mejor ejemplo\u201d, explic\u00f3 Mar\u00eda Eugenia Amor\u00f3s,\u00a0 \u201cMaru\u201d, que tambi\u00e9n intervino en la reuni\u00f3n.<\/p>\n<p>\u201cEsta es sin duda la mejor muestra de lo que queremos ofreceros y lo que os queremos transmitir\u201d, destac\u00f3 Salvador Sanchis al respecto de la intervenci\u00f3n de las alumnas de pr\u00e1cticas en Torrevieja y Vinalop\u00f3.<\/p>\n<p>A trav\u00e9s del chat del streaming tambi\u00e9n quiso intervenir la directora de Enfermer\u00eda de Ribera Povisa, Cristina Serra.\u201cLo primero felicitar al equipo de RRHH del grupo y corroborar que en Ribera el desarrollo profesional y el cuidado a los profesionales que forman parte de esta gran familia es lo principal\u201d, ha se\u00f1alado.<\/p>\n<p><img loading=\"lazy\" decoding=\"async\" class=\"alignnone  wp-image-4173\" src=\"https:\/\/riberasalud.com\/cepovisa\/wp-content\/uploads\/2021\/04\/DSC00336-300x200.jpg\" alt=\"\" width=\"532\" height=\"354\" srcset=\"https:\/\/riberasalud.com\/cepovisa\/wp-content\/uploads\/2021\/04\/DSC00336-300x200.jpg 300w, https:\/\/riberasalud.com\/cepovisa\/wp-content\/uploads\/2021\/04\/DSC00336-1024x683.jpg 1024w, https:\/\/riberasalud.com\/cepovisa\/wp-content\/uploads\/2021\/04\/DSC00336-768x512.jpg 768w, https:\/\/riberasalud.com\/cepovisa\/wp-content\/uploads\/2021\/04\/DSC00336.jpg 1357w\" sizes=\"auto, (max-width: 532px) 100vw, 532px\" \/><\/p>\n<p>La pr\u00f3xima semana, ha adelantado Sanch\u00eds, el d\u00eda 29 de abril, en dos sesiones a las 12 y las 13 horas, volver\u00e1n a reunirse con los alumnos de 40 de Enfermer\u00eda en el sal\u00f3n de actos del hospital. \u201cTambi\u00e9n tenemos muchas cosas que contaros. Queremos que os qued\u00e9is con nosotros y os lo vamos a hacer irresistible y a poner muy f\u00e1cil para que acept\u00e9is nuestra propuesta\u201d, indic\u00f3 el director de Gesti\u00f3n de Personas.<\/p>\n<p>\u201cSois parte del grupo, bienvenidos a Ribera\u201d, concluy\u00f3.<\/p>\n","protected":false,"gt_translate_keys":[{"key":"rendered","format":"html"}]},"excerpt":{"rendered":"<p>El director corporativo de Gesti\u00f3n de Personas del grupo Ribera, Salvador Sanchis, ha anunciado este jueves durante la webinar \u201cGesti\u00f3n del talento\u201d que el pr\u00f3ximo curso se implantar\u00e1n becas para realizar pr\u00e1cticas en otros hospitales del grupo. A partir del curso 2021\/2022, un total de 10 alumnos de los ciclos superiores de Formaci\u00f3n Profesional y &#8230; <a title=\"Los alumnos de la Escuela podr\u00e1n acceder a becas para hacer pr\u00e1cticas en otros hospitales del grupo Ribera\" class=\"read-more\" href=\"https:\/\/riberasalud.com\/cepovisa\/2021\/04\/23\/los-alumnos-de-la-escuela-podran-acceder-a-becas-para-hacer-practicas-en-otros-hospitales-del-grupo-ribera\/\" aria-label=\"Leer m\u00e1s sobre Los alumnos de la Escuela podr\u00e1n acceder a becas para hacer pr\u00e1cticas en otros hospitales del grupo Ribera\">Leer m\u00e1s<\/a><\/p>\n","protected":false,"gt_translate_keys":[{"key":"rendered","format":"html"}]},"author":1,"featured_media":4174,"comment_status":"closed","ping_status":"open","sticky":false,"template":"","format":"standard","meta":{"_mi_skip_tracking":false,"footnotes":""},"categories":[43,27],"tags":[],"class_list":["post-4172","post","type-post","status-publish","format-standard","has-post-thumbnail","hentry","category-ciclos-de-fp","category-grado-de-enfermeria"],"yoast_head":"<!-- This site is optimized with the Yoast SEO plugin v26.6 - https:\/\/yoast.com\/wordpress\/plugins\/seo\/ -->\n<title>Los alumnos de la Escuela podr\u00e1n acceder a becas para hacer pr\u00e1cticas en otros hospitales del grupo Ribera - Cepovisa<\/title>\n<meta name=\"description\" content=\"El director corporativo de Gesti\u00f3n de Personas del grupo Ribera, Salvador Sanchis, ha anunciado este jueves durante la webinar \u201cGesti\u00f3n del talento\u201d que\" \/>\n<meta name=\"robots\" content=\"index, follow, max-snippet:-1, max-image-preview:large, max-video-preview:-1\" \/>\n<link rel=\"canonical\" href=\"https:\/\/riberasalud.com\/cepovisa\/2021\/04\/23\/los-alumnos-de-la-escuela-podran-acceder-a-becas-para-hacer-practicas-en-otros-hospitales-del-grupo-ribera\/\" \/>\n<meta property=\"og:locale\" content=\"es_ES\" \/>\n<meta property=\"og:type\" content=\"article\" \/>\n<meta property=\"og:title\" content=\"Los alumnos de la Escuela podr\u00e1n acceder a becas para hacer pr\u00e1cticas en otros hospitales del grupo Ribera - Cepovisa\" \/>\n<meta property=\"og:description\" content=\"El director corporativo de Gesti\u00f3n de Personas del grupo Ribera, Salvador Sanchis, ha anunciado este jueves durante la webinar \u201cGesti\u00f3n del talento\u201d que\" \/>\n<meta property=\"og:url\" content=\"https:\/\/riberasalud.com\/cepovisa\/2021\/04\/23\/los-alumnos-de-la-escuela-podran-acceder-a-becas-para-hacer-practicas-en-otros-hospitales-del-grupo-ribera\/\" \/>\n<meta property=\"og:site_name\" content=\"Cepovisa\" \/>\n<meta property=\"article:published_time\" content=\"2021-04-23T07:41:18+00:00\" \/>\n<meta property=\"article:modified_time\" content=\"2022-07-12T07:36:35+00:00\" \/>\n<meta property=\"og:image\" content=\"https:\/\/riberasalud.com\/cepovisa\/wp-content\/uploads\/2021\/04\/DSC00344.jpg\" \/>\n\t<meta property=\"og:image:width\" content=\"1509\" \/>\n\t<meta property=\"og:image:height\" content=\"1006\" \/>\n\t<meta property=\"og:image:type\" content=\"image\/jpeg\" \/>\n<meta name=\"author\" content=\"jorge@quois.com\" \/>\n<meta name=\"twitter:card\" content=\"summary_large_image\" \/>\n<meta name=\"twitter:label1\" content=\"Escrito por\" \/>\n\t<meta name=\"twitter:data1\" content=\"jorge@quois.com\" \/>\n\t<meta name=\"twitter:label2\" content=\"Tiempo de lectura\" \/>\n\t<meta name=\"twitter:data2\" content=\"4 minutos\" \/>\n<script type=\"application\/ld+json\" class=\"yoast-schema-graph\">{\"@context\":\"https:\/\/schema.org\",\"@graph\":[{\"@type\":\"Article\",\"@id\":\"https:\/\/riberasalud.com\/cepovisa\/2021\/04\/23\/los-alumnos-de-la-escuela-podran-acceder-a-becas-para-hacer-practicas-en-otros-hospitales-del-grupo-ribera\/#article\",\"isPartOf\":{\"@id\":\"https:\/\/riberasalud.com\/cepovisa\/2021\/04\/23\/los-alumnos-de-la-escuela-podran-acceder-a-becas-para-hacer-practicas-en-otros-hospitales-del-grupo-ribera\/\"},\"author\":{\"name\":\"jorge@quois.com\",\"@id\":\"https:\/\/riberasalud.com\/cepovisa\/#\/schema\/person\/4023720979c28eca7110e8246b933e0e\"},\"headline\":\"Los alumnos de la Escuela podr\u00e1n acceder a becas para hacer pr\u00e1cticas en otros hospitales del grupo Ribera\",\"datePublished\":\"2021-04-23T07:41:18+00:00\",\"dateModified\":\"2022-07-12T07:36:35+00:00\",\"mainEntityOfPage\":{\"@id\":\"https:\/\/riberasalud.com\/cepovisa\/2021\/04\/23\/los-alumnos-de-la-escuela-podran-acceder-a-becas-para-hacer-practicas-en-otros-hospitales-del-grupo-ribera\/\"},\"wordCount\":742,\"publisher\":{\"@id\":\"https:\/\/riberasalud.com\/cepovisa\/#organization\"},\"image\":{\"@id\":\"https:\/\/riberasalud.com\/cepovisa\/2021\/04\/23\/los-alumnos-de-la-escuela-podran-acceder-a-becas-para-hacer-practicas-en-otros-hospitales-del-grupo-ribera\/#primaryimage\"},\"thumbnailUrl\":\"https:\/\/riberasalud.com\/cepovisa\/wp-content\/uploads\/2021\/04\/DSC00344.jpg\",\"articleSection\":[\"CICLOS DE FP\",\"GRADO DE ENFERMER\u00cdA\"],\"inLanguage\":\"es\"},{\"@type\":\"WebPage\",\"@id\":\"https:\/\/riberasalud.com\/cepovisa\/2021\/04\/23\/los-alumnos-de-la-escuela-podran-acceder-a-becas-para-hacer-practicas-en-otros-hospitales-del-grupo-ribera\/\",\"url\":\"https:\/\/riberasalud.com\/cepovisa\/2021\/04\/23\/los-alumnos-de-la-escuela-podran-acceder-a-becas-para-hacer-practicas-en-otros-hospitales-del-grupo-ribera\/\",\"name\":\"Los alumnos de la Escuela podr\u00e1n acceder a becas para hacer pr\u00e1cticas en otros hospitales del grupo Ribera - Cepovisa\",\"isPartOf\":{\"@id\":\"https:\/\/riberasalud.com\/cepovisa\/#website\"},\"primaryImageOfPage\":{\"@id\":\"https:\/\/riberasalud.com\/cepovisa\/2021\/04\/23\/los-alumnos-de-la-escuela-podran-acceder-a-becas-para-hacer-practicas-en-otros-hospitales-del-grupo-ribera\/#primaryimage\"},\"image\":{\"@id\":\"https:\/\/riberasalud.com\/cepovisa\/2021\/04\/23\/los-alumnos-de-la-escuela-podran-acceder-a-becas-para-hacer-practicas-en-otros-hospitales-del-grupo-ribera\/#primaryimage\"},\"thumbnailUrl\":\"https:\/\/riberasalud.com\/cepovisa\/wp-content\/uploads\/2021\/04\/DSC00344.jpg\",\"datePublished\":\"2021-04-23T07:41:18+00:00\",\"dateModified\":\"2022-07-12T07:36:35+00:00\",\"description\":\"El director corporativo de Gesti\u00f3n de Personas del grupo Ribera, Salvador Sanchis, ha anunciado este jueves durante la webinar \u201cGesti\u00f3n del talento\u201d que\",\"breadcrumb\":{\"@id\":\"https:\/\/riberasalud.com\/cepovisa\/2021\/04\/23\/los-alumnos-de-la-escuela-podran-acceder-a-becas-para-hacer-practicas-en-otros-hospitales-del-grupo-ribera\/#breadcrumb\"},\"inLanguage\":\"es\",\"potentialAction\":[{\"@type\":\"ReadAction\",\"target\":[\"https:\/\/riberasalud.com\/cepovisa\/2021\/04\/23\/los-alumnos-de-la-escuela-podran-acceder-a-becas-para-hacer-practicas-en-otros-hospitales-del-grupo-ribera\/\"]}]},{\"@type\":\"ImageObject\",\"inLanguage\":\"es\",\"@id\":\"https:\/\/riberasalud.com\/cepovisa\/2021\/04\/23\/los-alumnos-de-la-escuela-podran-acceder-a-becas-para-hacer-practicas-en-otros-hospitales-del-grupo-ribera\/#primaryimage\",\"url\":\"https:\/\/riberasalud.com\/cepovisa\/wp-content\/uploads\/2021\/04\/DSC00344.jpg\",\"contentUrl\":\"https:\/\/riberasalud.com\/cepovisa\/wp-content\/uploads\/2021\/04\/DSC00344.jpg\",\"width\":1509,\"height\":1006},{\"@type\":\"BreadcrumbList\",\"@id\":\"https:\/\/riberasalud.com\/cepovisa\/2021\/04\/23\/los-alumnos-de-la-escuela-podran-acceder-a-becas-para-hacer-practicas-en-otros-hospitales-del-grupo-ribera\/#breadcrumb\",\"itemListElement\":[{\"@type\":\"ListItem\",\"position\":1,\"name\":\"Portada\",\"item\":\"https:\/\/riberasalud.com\/cepovisa\/\"},{\"@type\":\"ListItem\",\"position\":2,\"name\":\"Los alumnos de la Escuela podr\u00e1n acceder a becas para hacer pr\u00e1cticas en otros hospitales del grupo Ribera\"}]},{\"@type\":\"WebSite\",\"@id\":\"https:\/\/riberasalud.com\/cepovisa\/#website\",\"url\":\"https:\/\/riberasalud.com\/cepovisa\/\",\"name\":\"Cepovisa\",\"description\":\"\",\"publisher\":{\"@id\":\"https:\/\/riberasalud.com\/cepovisa\/#organization\"},\"potentialAction\":[{\"@type\":\"SearchAction\",\"target\":{\"@type\":\"EntryPoint\",\"urlTemplate\":\"https:\/\/riberasalud.com\/cepovisa\/?s={search_term_string}\"},\"query-input\":{\"@type\":\"PropertyValueSpecification\",\"valueRequired\":true,\"valueName\":\"search_term_string\"}}],\"inLanguage\":\"es\"},{\"@type\":\"Organization\",\"@id\":\"https:\/\/riberasalud.com\/cepovisa\/#organization\",\"name\":\"Cepovisa\",\"url\":\"https:\/\/riberasalud.com\/cepovisa\/\",\"logo\":{\"@type\":\"ImageObject\",\"inLanguage\":\"es\",\"@id\":\"https:\/\/riberasalud.com\/cepovisa\/#\/schema\/logo\/image\/\",\"url\":\"https:\/\/riberasalud.com\/cepovisa\/wp-content\/uploads\/2024\/08\/cropped-FORMACIONPROFESIONAL-cepivsa-logo.png\",\"contentUrl\":\"https:\/\/riberasalud.com\/cepovisa\/wp-content\/uploads\/2024\/08\/cropped-FORMACIONPROFESIONAL-cepivsa-logo.png\",\"width\":847,\"height\":94,\"caption\":\"Cepovisa\"},\"image\":{\"@id\":\"https:\/\/riberasalud.com\/cepovisa\/#\/schema\/logo\/image\/\"}},{\"@type\":\"Person\",\"@id\":\"https:\/\/riberasalud.com\/cepovisa\/#\/schema\/person\/4023720979c28eca7110e8246b933e0e\",\"name\":\"jorge@quois.com\",\"image\":{\"@type\":\"ImageObject\",\"inLanguage\":\"es\",\"@id\":\"https:\/\/riberasalud.com\/cepovisa\/#\/schema\/person\/image\/\",\"url\":\"https:\/\/secure.gravatar.com\/avatar\/bca8cccf11ce6757dcdec6ce293d120c16d33c83aeb423357cce3f49f3abae94?s=96&d=mm&r=g\",\"contentUrl\":\"https:\/\/secure.gravatar.com\/avatar\/bca8cccf11ce6757dcdec6ce293d120c16d33c83aeb423357cce3f49f3abae94?s=96&d=mm&r=g\",\"caption\":\"jorge@quois.com\"},\"sameAs\":[\"https:\/\/riberasalud.com\/cepovisa\"],\"url\":\"https:\/\/riberasalud.com\/cepovisa\/author\/jorgequois-com\/\"}]}<\/script>\n<!-- \/ Yoast SEO plugin. -->","yoast_head_json":{"title":"Los alumnos de la Escuela podr\u00e1n acceder a becas para hacer pr\u00e1cticas en otros hospitales del grupo Ribera - Cepovisa","description":"El director corporativo de Gesti\u00f3n de Personas del grupo Ribera, Salvador Sanchis, ha anunciado este jueves durante la webinar \u201cGesti\u00f3n del talento\u201d que","robots":{"index":"index","follow":"follow","max-snippet":"max-snippet:-1","max-image-preview":"max-image-preview:large","max-video-preview":"max-video-preview:-1"},"canonical":"https:\/\/riberasalud.com\/cepovisa\/2021\/04\/23\/los-alumnos-de-la-escuela-podran-acceder-a-becas-para-hacer-practicas-en-otros-hospitales-del-grupo-ribera\/","og_locale":"es_ES","og_type":"article","og_title":"Los alumnos de la Escuela podr\u00e1n acceder a becas para hacer pr\u00e1cticas en otros hospitales del grupo Ribera - Cepovisa","og_description":"El director corporativo de Gesti\u00f3n de Personas del grupo Ribera, Salvador Sanchis, ha anunciado este jueves durante la webinar \u201cGesti\u00f3n del talento\u201d que","og_url":"https:\/\/riberasalud.com\/cepovisa\/2021\/04\/23\/los-alumnos-de-la-escuela-podran-acceder-a-becas-para-hacer-practicas-en-otros-hospitales-del-grupo-ribera\/","og_site_name":"Cepovisa","article_published_time":"2021-04-23T07:41:18+00:00","article_modified_time":"2022-07-12T07:36:35+00:00","og_image":[{"width":1509,"height":1006,"url":"https:\/\/riberasalud.com\/cepovisa\/wp-content\/uploads\/2021\/04\/DSC00344.jpg","type":"image\/jpeg"}],"author":"jorge@quois.com","twitter_card":"summary_large_image","twitter_misc":{"Escrito por":"jorge@quois.com","Tiempo de lectura":"4 minutos"},"schema":{"@context":"https:\/\/schema.org","@graph":[{"@type":"Article","@id":"https:\/\/riberasalud.com\/cepovisa\/2021\/04\/23\/los-alumnos-de-la-escuela-podran-acceder-a-becas-para-hacer-practicas-en-otros-hospitales-del-grupo-ribera\/#article","isPartOf":{"@id":"https:\/\/riberasalud.com\/cepovisa\/2021\/04\/23\/los-alumnos-de-la-escuela-podran-acceder-a-becas-para-hacer-practicas-en-otros-hospitales-del-grupo-ribera\/"},"author":{"name":"jorge@quois.com","@id":"https:\/\/riberasalud.com\/cepovisa\/#\/schema\/person\/4023720979c28eca7110e8246b933e0e"},"headline":"Los alumnos de la Escuela podr\u00e1n acceder a becas para hacer pr\u00e1cticas en otros hospitales del grupo Ribera","datePublished":"2021-04-23T07:41:18+00:00","dateModified":"2022-07-12T07:36:35+00:00","mainEntityOfPage":{"@id":"https:\/\/riberasalud.com\/cepovisa\/2021\/04\/23\/los-alumnos-de-la-escuela-podran-acceder-a-becas-para-hacer-practicas-en-otros-hospitales-del-grupo-ribera\/"},"wordCount":742,"publisher":{"@id":"https:\/\/riberasalud.com\/cepovisa\/#organization"},"image":{"@id":"https:\/\/riberasalud.com\/cepovisa\/2021\/04\/23\/los-alumnos-de-la-escuela-podran-acceder-a-becas-para-hacer-practicas-en-otros-hospitales-del-grupo-ribera\/#primaryimage"},"thumbnailUrl":"https:\/\/riberasalud.com\/cepovisa\/wp-content\/uploads\/2021\/04\/DSC00344.jpg","articleSection":["CICLOS DE FP","GRADO DE ENFERMER\u00cdA"],"inLanguage":"es"},{"@type":"WebPage","@id":"https:\/\/riberasalud.com\/cepovisa\/2021\/04\/23\/los-alumnos-de-la-escuela-podran-acceder-a-becas-para-hacer-practicas-en-otros-hospitales-del-grupo-ribera\/","url":"https:\/\/riberasalud.com\/cepovisa\/2021\/04\/23\/los-alumnos-de-la-escuela-podran-acceder-a-becas-para-hacer-practicas-en-otros-hospitales-del-grupo-ribera\/","name":"Los alumnos de la Escuela podr\u00e1n acceder a becas para hacer pr\u00e1cticas en otros hospitales del grupo Ribera - Cepovisa","isPartOf":{"@id":"https:\/\/riberasalud.com\/cepovisa\/#website"},"primaryImageOfPage":{"@id":"https:\/\/riberasalud.com\/cepovisa\/2021\/04\/23\/los-alumnos-de-la-escuela-podran-acceder-a-becas-para-hacer-practicas-en-otros-hospitales-del-grupo-ribera\/#primaryimage"},"image":{"@id":"https:\/\/riberasalud.com\/cepovisa\/2021\/04\/23\/los-alumnos-de-la-escuela-podran-acceder-a-becas-para-hacer-practicas-en-otros-hospitales-del-grupo-ribera\/#primaryimage"},"thumbnailUrl":"https:\/\/riberasalud.com\/cepovisa\/wp-content\/uploads\/2021\/04\/DSC00344.jpg","datePublished":"2021-04-23T07:41:18+00:00","dateModified":"2022-07-12T07:36:35+00:00","description":"El director corporativo de Gesti\u00f3n de Personas del grupo Ribera, Salvador Sanchis, ha anunciado este jueves durante la webinar \u201cGesti\u00f3n del talento\u201d que","breadcrumb":{"@id":"https:\/\/riberasalud.com\/cepovisa\/2021\/04\/23\/los-alumnos-de-la-escuela-podran-acceder-a-becas-para-hacer-practicas-en-otros-hospitales-del-grupo-ribera\/#breadcrumb"},"inLanguage":"es","potentialAction":[{"@type":"ReadAction","target":["https:\/\/riberasalud.com\/cepovisa\/2021\/04\/23\/los-alumnos-de-la-escuela-podran-acceder-a-becas-para-hacer-practicas-en-otros-hospitales-del-grupo-ribera\/"]}]},{"@type":"ImageObject","inLanguage":"es","@id":"https:\/\/riberasalud.com\/cepovisa\/2021\/04\/23\/los-alumnos-de-la-escuela-podran-acceder-a-becas-para-hacer-practicas-en-otros-hospitales-del-grupo-ribera\/#primaryimage","url":"https:\/\/riberasalud.com\/cepovisa\/wp-content\/uploads\/2021\/04\/DSC00344.jpg","contentUrl":"https:\/\/riberasalud.com\/cepovisa\/wp-content\/uploads\/2021\/04\/DSC00344.jpg","width":1509,"height":1006},{"@type":"BreadcrumbList","@id":"https:\/\/riberasalud.com\/cepovisa\/2021\/04\/23\/los-alumnos-de-la-escuela-podran-acceder-a-becas-para-hacer-practicas-en-otros-hospitales-del-grupo-ribera\/#breadcrumb","itemListElement":[{"@type":"ListItem","position":1,"name":"Portada","item":"https:\/\/riberasalud.com\/cepovisa\/"},{"@type":"ListItem","position":2,"name":"Los alumnos de la Escuela podr\u00e1n acceder a becas para hacer pr\u00e1cticas en otros hospitales del grupo Ribera"}]},{"@type":"WebSite","@id":"https:\/\/riberasalud.com\/cepovisa\/#website","url":"https:\/\/riberasalud.com\/cepovisa\/","name":"Cepovisa","description":"","publisher":{"@id":"https:\/\/riberasalud.com\/cepovisa\/#organization"},"potentialAction":[{"@type":"SearchAction","target":{"@type":"EntryPoint","urlTemplate":"https:\/\/riberasalud.com\/cepovisa\/?s={search_term_string}"},"query-input":{"@type":"PropertyValueSpecification","valueRequired":true,"valueName":"search_term_string"}}],"inLanguage":"es"},{"@type":"Organization","@id":"https:\/\/riberasalud.com\/cepovisa\/#organization","name":"Cepovisa","url":"https:\/\/riberasalud.com\/cepovisa\/","logo":{"@type":"ImageObject","inLanguage":"es","@id":"https:\/\/riberasalud.com\/cepovisa\/#\/schema\/logo\/image\/","url":"https:\/\/riberasalud.com\/cepovisa\/wp-content\/uploads\/2024\/08\/cropped-FORMACIONPROFESIONAL-cepivsa-logo.png","contentUrl":"https:\/\/riberasalud.com\/cepovisa\/wp-content\/uploads\/2024\/08\/cropped-FORMACIONPROFESIONAL-cepivsa-logo.png","width":847,"height":94,"caption":"Cepovisa"},"image":{"@id":"https:\/\/riberasalud.com\/cepovisa\/#\/schema\/logo\/image\/"}},{"@type":"Person","@id":"https:\/\/riberasalud.com\/cepovisa\/#\/schema\/person\/4023720979c28eca7110e8246b933e0e","name":"jorge@quois.com","image":{"@type":"ImageObject","inLanguage":"es","@id":"https:\/\/riberasalud.com\/cepovisa\/#\/schema\/person\/image\/","url":"https:\/\/secure.gravatar.com\/avatar\/bca8cccf11ce6757dcdec6ce293d120c16d33c83aeb423357cce3f49f3abae94?s=96&d=mm&r=g","contentUrl":"https:\/\/secure.gravatar.com\/avatar\/bca8cccf11ce6757dcdec6ce293d120c16d33c83aeb423357cce3f49f3abae94?s=96&d=mm&r=g","caption":"jorge@quois.com"},"sameAs":["https:\/\/riberasalud.com\/cepovisa"],"url":"https:\/\/riberasalud.com\/cepovisa\/author\/jorgequois-com\/"}]}},"gt_translate_keys":[{"key":"link","format":"url"}],"_links":{"self":[{"href":"https:\/\/riberasalud.com\/cepovisa\/wp-json\/wp\/v2\/posts\/4172","targetHints":{"allow":["GET"]}}],"collection":[{"href":"https:\/\/riberasalud.com\/cepovisa\/wp-json\/wp\/v2\/posts"}],"about":[{"href":"https:\/\/riberasalud.com\/cepovisa\/wp-json\/wp\/v2\/types\/post"}],"author":[{"embeddable":true,"href":"https:\/\/riberasalud.com\/cepovisa\/wp-json\/wp\/v2\/users\/1"}],"replies":[{"embeddable":true,"href":"https:\/\/riberasalud.com\/cepovisa\/wp-json\/wp\/v2\/comments?post=4172"}],"version-history":[{"count":1,"href":"https:\/\/riberasalud.com\/cepovisa\/wp-json\/wp\/v2\/posts\/4172\/revisions"}],"predecessor-version":[{"id":4565,"href":"https:\/\/riberasalud.com\/cepovisa\/wp-json\/wp\/v2\/posts\/4172\/revisions\/4565"}],"wp:featuredmedia":[{"embeddable":true,"href":"https:\/\/riberasalud.com\/cepovisa\/wp-json\/wp\/v2\/media\/4174"}],"wp:attachment":[{"href":"https:\/\/riberasalud.com\/cepovisa\/wp-json\/wp\/v2\/media?parent=4172"}],"wp:term":[{"taxonomy":"category","embeddable":true,"href":"https:\/\/riberasalud.com\/cepovisa\/wp-json\/wp\/v2\/categories?post=4172"},{"taxonomy":"post_tag","embeddable":true,"href":"https:\/\/riberasalud.com\/cepovisa\/wp-json\/wp\/v2\/tags?post=4172"}],"curies":[{"name":"wp","href":"https:\/\/api.w.org\/{rel}","templated":true}]}}