{"id":1927,"date":"2017-04-03T01:01:13","date_gmt":"2017-04-03T01:01:13","guid":{"rendered":"https:\/\/cardiosalus.com\/la-umu-celebra-este-miercoles-en-la-merced-el-dia-mundial-de-la-salud\/"},"modified":"2017-04-03T01:01:13","modified_gmt":"2017-04-03T01:01:13","slug":"la-umu-celebra-este-miercoles-en-la-merced-el-dia-mundial-de-la-salud","status":"publish","type":"post","link":"https:\/\/riberasalud.com\/cardiosalus\/blog\/la-umu-celebra-este-miercoles-en-la-merced-el-dia-mundial-de-la-salud\/","title":{"rendered":"La UMU celebra este mi\u00e9rcoles en la Merced el D\u00eda Mundial de la Salud"},"content":{"rendered":"<p class=\"seccion-texto\">El evento, organizado por el&nbsp;<strong>Consejo de Estudiantes<\/strong>&nbsp;y la&nbsp;<strong>Oficina de Universidad Saludable REUS-UMU<\/strong>, consistir\u00e1 en actividades formativas e informativas repartidas en diferentes puntos y dirigidas a toda la comunidad universitaria con el objetivo no solo de promover h\u00e1bitos saludables entre los estudiantes, sino tambi\u00e9n de poner a su alcance la informaci\u00f3n necesaria para su implicaci\u00f3n en los servicios relacionados con la salud que la Universidad de Murcia y la propia ciudad ofrecen.<\/p>\n<p class=\"seccion-texto\">En este evento participar\u00e1n por lo tanto organizaciones externas a la Universidad de Murcia: Cruz Roja, Centro de Hemodonaci\u00f3n, No Te Prives, ADIRMU, Servicios Municipales de Salud; y asociaciones estudiantiles internas del \u00e1mbito de la salud as\u00ed como las delegaciones de Medicina y Enfermer\u00eda.<\/p>\n<p class=\"seccion-texto\">Se desarrollar\u00e1n talleres diversos de&nbsp;<strong>h\u00e1bitos de vida saludable<\/strong> (higiene, consumo responsable, prevenci\u00f3n de enfermedades cardiovasculares, entre otras actividades), se realizar\u00e1 una exposici\u00f3n de p\u00f3sters sobre tabaquismo por parte de los Servicios Municipales de Salud y se dar\u00e1 informaci\u00f3n de algunas de las asociaciones y organizaciones asistentes.<\/p>\n<p>&nbsp;<\/p>\n<p>&nbsp;<\/p>\n<p>&nbsp;<\/p>\n<p>&nbsp;<\/p>\n","protected":false},"excerpt":{"rendered":"<p>El evento, organizado por el&nbsp;Consejo de Estudiantes&nbsp;y la&nbsp;Oficina de Universidad Saludable REUS-UMU, consistir\u00e1 en actividades formativas e informativas repartidas en diferentes puntos y dirigidas a toda la comunidad universitaria con el objetivo no solo de promover h\u00e1bitos saludables entre los estudiantes, sino tambi\u00e9n de poner a su alcance la informaci\u00f3n necesaria para su implicaci\u00f3n en &#8230; <a title=\"La UMU celebra este mi\u00e9rcoles en la Merced el D\u00eda Mundial de la Salud\" class=\"read-more\" href=\"https:\/\/riberasalud.com\/cardiosalus\/blog\/la-umu-celebra-este-miercoles-en-la-merced-el-dia-mundial-de-la-salud\/\" aria-label=\"Leer m\u00e1s sobre La UMU celebra este mi\u00e9rcoles en la Merced el D\u00eda Mundial de la Salud\">Leer m\u00e1s<\/a><\/p>\n","protected":false},"author":1,"featured_media":5063,"comment_status":"open","ping_status":"open","sticky":false,"template":"","format":"standard","meta":{"_monsterinsights_skip_tracking":false,"_monsterinsights_sitenote_active":false,"_monsterinsights_sitenote_note":"","_monsterinsights_sitenote_category":0,"_glsr_average":0,"_glsr_ranking":0,"_glsr_reviews":0,"footnotes":""},"categories":[5],"tags":[],"class_list":["post-1927","post","type-post","status-publish","format-standard","has-post-thumbnail","hentry","category-article"],"yoast_head":"<!-- This site is optimized with the Yoast SEO plugin v26.6 - https:\/\/yoast.com\/wordpress\/plugins\/seo\/ -->\n<title>La UMU celebra este mi\u00e9rcoles en la Merced el D\u00eda Mundial de la Salud - Ribera Cardiosalus<\/title>\n<meta name=\"robots\" content=\"index, follow, max-snippet:-1, max-image-preview:large, max-video-preview:-1\" \/>\n<link rel=\"canonical\" href=\"https:\/\/riberasalud.com\/cardiosalus\/blog\/la-umu-celebra-este-miercoles-en-la-merced-el-dia-mundial-de-la-salud\/\" \/>\n<meta property=\"og:locale\" content=\"es_ES\" \/>\n<meta property=\"og:type\" content=\"article\" \/>\n<meta property=\"og:title\" content=\"La UMU celebra este mi\u00e9rcoles en la Merced el D\u00eda Mundial de la Salud - Ribera Cardiosalus\" \/>\n<meta property=\"og:description\" content=\"El evento, organizado por el&nbsp;Consejo de Estudiantes&nbsp;y la&nbsp;Oficina de Universidad Saludable REUS-UMU, consistir\u00e1 en actividades formativas e informativas repartidas en diferentes puntos y dirigidas a toda la comunidad universitaria con el objetivo no solo de promover h\u00e1bitos saludables entre los estudiantes, sino tambi\u00e9n de poner a su alcance la informaci\u00f3n necesaria para su implicaci\u00f3n en ... Leer m\u00e1s\" \/>\n<meta property=\"og:url\" content=\"https:\/\/riberasalud.com\/cardiosalus\/blog\/la-umu-celebra-este-miercoles-en-la-merced-el-dia-mundial-de-la-salud\/\" \/>\n<meta property=\"og:site_name\" content=\"Ribera Cardiosalus\" \/>\n<meta property=\"article:published_time\" content=\"2017-04-03T01:01:13+00:00\" \/>\n<meta property=\"og:image\" content=\"https:\/\/riberasalud.com\/cardiosalus\/wp-content\/uploads\/2017\/04\/salud.jpg\" \/>\n\t<meta property=\"og:image:width\" content=\"1200\" \/>\n\t<meta property=\"og:image:height\" content=\"630\" \/>\n\t<meta property=\"og:image:type\" content=\"image\/jpeg\" \/>\n<meta name=\"author\" content=\"jorge@quois.com\" \/>\n<meta name=\"twitter:card\" content=\"summary_large_image\" \/>\n<meta name=\"twitter:label1\" content=\"Escrito por\" \/>\n\t<meta name=\"twitter:data1\" content=\"jorge@quois.com\" \/>\n\t<meta name=\"twitter:label2\" content=\"Tiempo de lectura\" \/>\n\t<meta name=\"twitter:data2\" content=\"1 minuto\" \/>\n<script type=\"application\/ld+json\" class=\"yoast-schema-graph\">{\"@context\":\"https:\/\/schema.org\",\"@graph\":[{\"@type\":\"Article\",\"@id\":\"https:\/\/riberasalud.com\/cardiosalus\/blog\/la-umu-celebra-este-miercoles-en-la-merced-el-dia-mundial-de-la-salud\/#article\",\"isPartOf\":{\"@id\":\"https:\/\/riberasalud.com\/cardiosalus\/blog\/la-umu-celebra-este-miercoles-en-la-merced-el-dia-mundial-de-la-salud\/\"},\"author\":{\"name\":\"jorge@quois.com\",\"@id\":\"https:\/\/riberasalud.com\/cardiosalus\/#\/schema\/person\/2fa5ff0b111cead01835371b2ebcb8ee\"},\"headline\":\"La UMU celebra este mi\u00e9rcoles en la Merced el D\u00eda Mundial de la Salud\",\"datePublished\":\"2017-04-03T01:01:13+00:00\",\"mainEntityOfPage\":{\"@id\":\"https:\/\/riberasalud.com\/cardiosalus\/blog\/la-umu-celebra-este-miercoles-en-la-merced-el-dia-mundial-de-la-salud\/\"},\"wordCount\":202,\"commentCount\":0,\"publisher\":{\"@id\":\"https:\/\/riberasalud.com\/cardiosalus\/#organization\"},\"image\":{\"@id\":\"https:\/\/riberasalud.com\/cardiosalus\/blog\/la-umu-celebra-este-miercoles-en-la-merced-el-dia-mundial-de-la-salud\/#primaryimage\"},\"thumbnailUrl\":\"https:\/\/riberasalud.com\/cardiosalus\/wp-content\/uploads\/2017\/04\/salud.jpg\",\"articleSection\":[\"Noticias salud\"],\"inLanguage\":\"es\",\"potentialAction\":[{\"@type\":\"CommentAction\",\"name\":\"Comment\",\"target\":[\"https:\/\/riberasalud.com\/cardiosalus\/blog\/la-umu-celebra-este-miercoles-en-la-merced-el-dia-mundial-de-la-salud\/#respond\"]}]},{\"@type\":\"WebPage\",\"@id\":\"https:\/\/riberasalud.com\/cardiosalus\/blog\/la-umu-celebra-este-miercoles-en-la-merced-el-dia-mundial-de-la-salud\/\",\"url\":\"https:\/\/riberasalud.com\/cardiosalus\/blog\/la-umu-celebra-este-miercoles-en-la-merced-el-dia-mundial-de-la-salud\/\",\"name\":\"La UMU celebra este mi\u00e9rcoles en la Merced el D\u00eda Mundial de la Salud - Ribera Cardiosalus\",\"isPartOf\":{\"@id\":\"https:\/\/riberasalud.com\/cardiosalus\/#website\"},\"primaryImageOfPage\":{\"@id\":\"https:\/\/riberasalud.com\/cardiosalus\/blog\/la-umu-celebra-este-miercoles-en-la-merced-el-dia-mundial-de-la-salud\/#primaryimage\"},\"image\":{\"@id\":\"https:\/\/riberasalud.com\/cardiosalus\/blog\/la-umu-celebra-este-miercoles-en-la-merced-el-dia-mundial-de-la-salud\/#primaryimage\"},\"thumbnailUrl\":\"https:\/\/riberasalud.com\/cardiosalus\/wp-content\/uploads\/2017\/04\/salud.jpg\",\"datePublished\":\"2017-04-03T01:01:13+00:00\",\"breadcrumb\":{\"@id\":\"https:\/\/riberasalud.com\/cardiosalus\/blog\/la-umu-celebra-este-miercoles-en-la-merced-el-dia-mundial-de-la-salud\/#breadcrumb\"},\"inLanguage\":\"es\",\"potentialAction\":[{\"@type\":\"ReadAction\",\"target\":[\"https:\/\/riberasalud.com\/cardiosalus\/blog\/la-umu-celebra-este-miercoles-en-la-merced-el-dia-mundial-de-la-salud\/\"]}]},{\"@type\":\"ImageObject\",\"inLanguage\":\"es\",\"@id\":\"https:\/\/riberasalud.com\/cardiosalus\/blog\/la-umu-celebra-este-miercoles-en-la-merced-el-dia-mundial-de-la-salud\/#primaryimage\",\"url\":\"https:\/\/riberasalud.com\/cardiosalus\/wp-content\/uploads\/2017\/04\/salud.jpg\",\"contentUrl\":\"https:\/\/riberasalud.com\/cardiosalus\/wp-content\/uploads\/2017\/04\/salud.jpg\",\"width\":1200,\"height\":630,\"caption\":\"D\u00eda mundial de la salud\"},{\"@type\":\"BreadcrumbList\",\"@id\":\"https:\/\/riberasalud.com\/cardiosalus\/blog\/la-umu-celebra-este-miercoles-en-la-merced-el-dia-mundial-de-la-salud\/#breadcrumb\",\"itemListElement\":[{\"@type\":\"ListItem\",\"position\":1,\"name\":\"Portada\",\"item\":\"https:\/\/riberasalud.com\/cardiosalus\/\"},{\"@type\":\"ListItem\",\"position\":2,\"name\":\"La UMU celebra este mi\u00e9rcoles en la Merced el D\u00eda Mundial de la Salud\"}]},{\"@type\":\"WebSite\",\"@id\":\"https:\/\/riberasalud.com\/cardiosalus\/#website\",\"url\":\"https:\/\/riberasalud.com\/cardiosalus\/\",\"name\":\"Ribera Cardiosalus\",\"description\":\"\",\"publisher\":{\"@id\":\"https:\/\/riberasalud.com\/cardiosalus\/#organization\"},\"potentialAction\":[{\"@type\":\"SearchAction\",\"target\":{\"@type\":\"EntryPoint\",\"urlTemplate\":\"https:\/\/riberasalud.com\/cardiosalus\/?s={search_term_string}\"},\"query-input\":{\"@type\":\"PropertyValueSpecification\",\"valueRequired\":true,\"valueName\":\"search_term_string\"}}],\"inLanguage\":\"es\"},{\"@type\":\"Organization\",\"@id\":\"https:\/\/riberasalud.com\/cardiosalus\/#organization\",\"name\":\"Ribera Cardiosalus\",\"url\":\"https:\/\/riberasalud.com\/cardiosalus\/\",\"logo\":{\"@type\":\"ImageObject\",\"inLanguage\":\"es\",\"@id\":\"https:\/\/riberasalud.com\/cardiosalus\/#\/schema\/logo\/image\/\",\"url\":\"https:\/\/riberasalud.com\/cardiosalus\/wp-content\/uploads\/2024\/05\/cropped-Logo-ribera-cardiosalus-4.png\",\"contentUrl\":\"https:\/\/riberasalud.com\/cardiosalus\/wp-content\/uploads\/2024\/05\/cropped-Logo-ribera-cardiosalus-4.png\",\"width\":1361,\"height\":272,\"caption\":\"Ribera Cardiosalus\"},\"image\":{\"@id\":\"https:\/\/riberasalud.com\/cardiosalus\/#\/schema\/logo\/image\/\"}},{\"@type\":\"Person\",\"@id\":\"https:\/\/riberasalud.com\/cardiosalus\/#\/schema\/person\/2fa5ff0b111cead01835371b2ebcb8ee\",\"name\":\"jorge@quois.com\",\"image\":{\"@type\":\"ImageObject\",\"inLanguage\":\"es\",\"@id\":\"https:\/\/riberasalud.com\/cardiosalus\/#\/schema\/person\/image\/\",\"url\":\"https:\/\/secure.gravatar.com\/avatar\/bca8cccf11ce6757dcdec6ce293d120c16d33c83aeb423357cce3f49f3abae94?s=96&d=mm&r=g\",\"contentUrl\":\"https:\/\/secure.gravatar.com\/avatar\/bca8cccf11ce6757dcdec6ce293d120c16d33c83aeb423357cce3f49f3abae94?s=96&d=mm&r=g\",\"caption\":\"jorge@quois.com\"},\"sameAs\":[\"https:\/\/riberasalud.com\/cardiosalus\"],\"url\":\"https:\/\/riberasalud.com\/cardiosalus\/blog\/author\/jorgequois-com\/\"}]}<\/script>\n<!-- \/ Yoast SEO plugin. -->","yoast_head_json":{"title":"La UMU celebra este mi\u00e9rcoles en la Merced el D\u00eda Mundial de la Salud - Ribera Cardiosalus","robots":{"index":"index","follow":"follow","max-snippet":"max-snippet:-1","max-image-preview":"max-image-preview:large","max-video-preview":"max-video-preview:-1"},"canonical":"https:\/\/riberasalud.com\/cardiosalus\/blog\/la-umu-celebra-este-miercoles-en-la-merced-el-dia-mundial-de-la-salud\/","og_locale":"es_ES","og_type":"article","og_title":"La UMU celebra este mi\u00e9rcoles en la Merced el D\u00eda Mundial de la Salud - Ribera Cardiosalus","og_description":"El evento, organizado por el&nbsp;Consejo de Estudiantes&nbsp;y la&nbsp;Oficina de Universidad Saludable REUS-UMU, consistir\u00e1 en actividades formativas e informativas repartidas en diferentes puntos y dirigidas a toda la comunidad universitaria con el objetivo no solo de promover h\u00e1bitos saludables entre los estudiantes, sino tambi\u00e9n de poner a su alcance la informaci\u00f3n necesaria para su implicaci\u00f3n en ... Leer m\u00e1s","og_url":"https:\/\/riberasalud.com\/cardiosalus\/blog\/la-umu-celebra-este-miercoles-en-la-merced-el-dia-mundial-de-la-salud\/","og_site_name":"Ribera Cardiosalus","article_published_time":"2017-04-03T01:01:13+00:00","og_image":[{"width":1200,"height":630,"url":"https:\/\/riberasalud.com\/cardiosalus\/wp-content\/uploads\/2017\/04\/salud.jpg","type":"image\/jpeg"}],"author":"jorge@quois.com","twitter_card":"summary_large_image","twitter_misc":{"Escrito por":"jorge@quois.com","Tiempo de lectura":"1 minuto"},"schema":{"@context":"https:\/\/schema.org","@graph":[{"@type":"Article","@id":"https:\/\/riberasalud.com\/cardiosalus\/blog\/la-umu-celebra-este-miercoles-en-la-merced-el-dia-mundial-de-la-salud\/#article","isPartOf":{"@id":"https:\/\/riberasalud.com\/cardiosalus\/blog\/la-umu-celebra-este-miercoles-en-la-merced-el-dia-mundial-de-la-salud\/"},"author":{"name":"jorge@quois.com","@id":"https:\/\/riberasalud.com\/cardiosalus\/#\/schema\/person\/2fa5ff0b111cead01835371b2ebcb8ee"},"headline":"La UMU celebra este mi\u00e9rcoles en la Merced el D\u00eda Mundial de la Salud","datePublished":"2017-04-03T01:01:13+00:00","mainEntityOfPage":{"@id":"https:\/\/riberasalud.com\/cardiosalus\/blog\/la-umu-celebra-este-miercoles-en-la-merced-el-dia-mundial-de-la-salud\/"},"wordCount":202,"commentCount":0,"publisher":{"@id":"https:\/\/riberasalud.com\/cardiosalus\/#organization"},"image":{"@id":"https:\/\/riberasalud.com\/cardiosalus\/blog\/la-umu-celebra-este-miercoles-en-la-merced-el-dia-mundial-de-la-salud\/#primaryimage"},"thumbnailUrl":"https:\/\/riberasalud.com\/cardiosalus\/wp-content\/uploads\/2017\/04\/salud.jpg","articleSection":["Noticias salud"],"inLanguage":"es","potentialAction":[{"@type":"CommentAction","name":"Comment","target":["https:\/\/riberasalud.com\/cardiosalus\/blog\/la-umu-celebra-este-miercoles-en-la-merced-el-dia-mundial-de-la-salud\/#respond"]}]},{"@type":"WebPage","@id":"https:\/\/riberasalud.com\/cardiosalus\/blog\/la-umu-celebra-este-miercoles-en-la-merced-el-dia-mundial-de-la-salud\/","url":"https:\/\/riberasalud.com\/cardiosalus\/blog\/la-umu-celebra-este-miercoles-en-la-merced-el-dia-mundial-de-la-salud\/","name":"La UMU celebra este mi\u00e9rcoles en la Merced el D\u00eda Mundial de la Salud - Ribera Cardiosalus","isPartOf":{"@id":"https:\/\/riberasalud.com\/cardiosalus\/#website"},"primaryImageOfPage":{"@id":"https:\/\/riberasalud.com\/cardiosalus\/blog\/la-umu-celebra-este-miercoles-en-la-merced-el-dia-mundial-de-la-salud\/#primaryimage"},"image":{"@id":"https:\/\/riberasalud.com\/cardiosalus\/blog\/la-umu-celebra-este-miercoles-en-la-merced-el-dia-mundial-de-la-salud\/#primaryimage"},"thumbnailUrl":"https:\/\/riberasalud.com\/cardiosalus\/wp-content\/uploads\/2017\/04\/salud.jpg","datePublished":"2017-04-03T01:01:13+00:00","breadcrumb":{"@id":"https:\/\/riberasalud.com\/cardiosalus\/blog\/la-umu-celebra-este-miercoles-en-la-merced-el-dia-mundial-de-la-salud\/#breadcrumb"},"inLanguage":"es","potentialAction":[{"@type":"ReadAction","target":["https:\/\/riberasalud.com\/cardiosalus\/blog\/la-umu-celebra-este-miercoles-en-la-merced-el-dia-mundial-de-la-salud\/"]}]},{"@type":"ImageObject","inLanguage":"es","@id":"https:\/\/riberasalud.com\/cardiosalus\/blog\/la-umu-celebra-este-miercoles-en-la-merced-el-dia-mundial-de-la-salud\/#primaryimage","url":"https:\/\/riberasalud.com\/cardiosalus\/wp-content\/uploads\/2017\/04\/salud.jpg","contentUrl":"https:\/\/riberasalud.com\/cardiosalus\/wp-content\/uploads\/2017\/04\/salud.jpg","width":1200,"height":630,"caption":"D\u00eda mundial de la salud"},{"@type":"BreadcrumbList","@id":"https:\/\/riberasalud.com\/cardiosalus\/blog\/la-umu-celebra-este-miercoles-en-la-merced-el-dia-mundial-de-la-salud\/#breadcrumb","itemListElement":[{"@type":"ListItem","position":1,"name":"Portada","item":"https:\/\/riberasalud.com\/cardiosalus\/"},{"@type":"ListItem","position":2,"name":"La UMU celebra este mi\u00e9rcoles en la Merced el D\u00eda Mundial de la Salud"}]},{"@type":"WebSite","@id":"https:\/\/riberasalud.com\/cardiosalus\/#website","url":"https:\/\/riberasalud.com\/cardiosalus\/","name":"Ribera Cardiosalus","description":"","publisher":{"@id":"https:\/\/riberasalud.com\/cardiosalus\/#organization"},"potentialAction":[{"@type":"SearchAction","target":{"@type":"EntryPoint","urlTemplate":"https:\/\/riberasalud.com\/cardiosalus\/?s={search_term_string}"},"query-input":{"@type":"PropertyValueSpecification","valueRequired":true,"valueName":"search_term_string"}}],"inLanguage":"es"},{"@type":"Organization","@id":"https:\/\/riberasalud.com\/cardiosalus\/#organization","name":"Ribera Cardiosalus","url":"https:\/\/riberasalud.com\/cardiosalus\/","logo":{"@type":"ImageObject","inLanguage":"es","@id":"https:\/\/riberasalud.com\/cardiosalus\/#\/schema\/logo\/image\/","url":"https:\/\/riberasalud.com\/cardiosalus\/wp-content\/uploads\/2024\/05\/cropped-Logo-ribera-cardiosalus-4.png","contentUrl":"https:\/\/riberasalud.com\/cardiosalus\/wp-content\/uploads\/2024\/05\/cropped-Logo-ribera-cardiosalus-4.png","width":1361,"height":272,"caption":"Ribera Cardiosalus"},"image":{"@id":"https:\/\/riberasalud.com\/cardiosalus\/#\/schema\/logo\/image\/"}},{"@type":"Person","@id":"https:\/\/riberasalud.com\/cardiosalus\/#\/schema\/person\/2fa5ff0b111cead01835371b2ebcb8ee","name":"jorge@quois.com","image":{"@type":"ImageObject","inLanguage":"es","@id":"https:\/\/riberasalud.com\/cardiosalus\/#\/schema\/person\/image\/","url":"https:\/\/secure.gravatar.com\/avatar\/bca8cccf11ce6757dcdec6ce293d120c16d33c83aeb423357cce3f49f3abae94?s=96&d=mm&r=g","contentUrl":"https:\/\/secure.gravatar.com\/avatar\/bca8cccf11ce6757dcdec6ce293d120c16d33c83aeb423357cce3f49f3abae94?s=96&d=mm&r=g","caption":"jorge@quois.com"},"sameAs":["https:\/\/riberasalud.com\/cardiosalus"],"url":"https:\/\/riberasalud.com\/cardiosalus\/blog\/author\/jorgequois-com\/"}]}},"_links":{"self":[{"href":"https:\/\/riberasalud.com\/cardiosalus\/wp-json\/wp\/v2\/posts\/1927","targetHints":{"allow":["GET"]}}],"collection":[{"href":"https:\/\/riberasalud.com\/cardiosalus\/wp-json\/wp\/v2\/posts"}],"about":[{"href":"https:\/\/riberasalud.com\/cardiosalus\/wp-json\/wp\/v2\/types\/post"}],"author":[{"embeddable":true,"href":"https:\/\/riberasalud.com\/cardiosalus\/wp-json\/wp\/v2\/users\/1"}],"replies":[{"embeddable":true,"href":"https:\/\/riberasalud.com\/cardiosalus\/wp-json\/wp\/v2\/comments?post=1927"}],"version-history":[{"count":0,"href":"https:\/\/riberasalud.com\/cardiosalus\/wp-json\/wp\/v2\/posts\/1927\/revisions"}],"wp:featuredmedia":[{"embeddable":true,"href":"https:\/\/riberasalud.com\/cardiosalus\/wp-json\/wp\/v2\/media\/5063"}],"wp:attachment":[{"href":"https:\/\/riberasalud.com\/cardiosalus\/wp-json\/wp\/v2\/media?parent=1927"}],"wp:term":[{"taxonomy":"category","embeddable":true,"href":"https:\/\/riberasalud.com\/cardiosalus\/wp-json\/wp\/v2\/categories?post=1927"},{"taxonomy":"post_tag","embeddable":true,"href":"https:\/\/riberasalud.com\/cardiosalus\/wp-json\/wp\/v2\/tags?post=1927"}],"curies":[{"name":"wp","href":"https:\/\/api.w.org\/{rel}","templated":true}]}}