{"id":7784,"date":"2022-07-20T13:26:00","date_gmt":"2022-07-20T13:26:00","guid":{"rendered":"https:\/\/www.blogdesalud.riberasalud.com\/?p=7784"},"modified":"2022-09-28T14:05:19","modified_gmt":"2022-09-28T14:05:19","slug":"como-y-por-que-proteger-los-ojos-en-verano-consejos","status":"publish","type":"post","link":"https:\/\/riberasalud.com\/blog-de-salud\/como-y-por-que-proteger-los-ojos-en-verano-consejos\/","title":{"rendered":"C\u00f3mo y por qu\u00e9 proteger los ojos en verano. Consejos"},"content":{"rendered":"<p>Descuidar los ojos en verano puede tener consecuencias leves, pero tambi\u00e9n graves, sobre todo con el paso de los a\u00f1os y la repetici\u00f3n de rutinas err\u00f3neas. Es verdad que unas personas son m\u00e1s \u201csensibles\u201d a la luz del sol que otras, pero esto no quiere decir que a las segundas les afecte menos la exposici\u00f3n a los rayos ultravioletas que a las primeras, tal y como explican los profesionales del <a href=\"https:\/\/www.riberasalud.com\/\">grupo sanitario Ribera<\/a>. La <a href=\"https:\/\/www.who.int\/es\">OMS<\/a> calcula que m\u00e1s de tres millones de personas se quedan ciegas cada a\u00f1o como consecuencia de un exceso de radiaci\u00f3n solar.<br \/>\nEl doctor Gabriel Escalerandi, especialista del Servicio de Oftalmolog\u00eda del grupo en el <a href=\"https:\/\/www.marinasalud.es\/\">Hospital de Denia<\/a>, recuerda que en verano son muchas las horas de sol que impactan sobre nuestros ojos, la potencia del sol sobre la tierra es alta, y otros elementos como el mar, la piscina, los m\u00f3viles, las horas de juego al aire libre, o la arena hacen que aumenten las patolog\u00edas oculares en verano.<br \/>\nPor eso, recuerda la importancia de evitar una exposici\u00f3n directa a los rayos de sol en los ojos entre las 13 y las 17 horas en verano y \u201cla importancia del uso de gafas de sol y gorras o sombreros en estas horas centrales del d\u00eda\u201d. En todas las edades. M\u00e1s vale acostumbrar a los ni\u00f1os a utilizar gafas de sol y gorro para ir a la playa desde peque\u00f1os.<br \/>\nA corto plazo, los efectos del sol sobre los ojos pueden provocar dolor de ojos, ojos rojos y hasta peque\u00f1as quemaduras muy molestas. \u201cIrritaciones oculares y conjuntivitis son las m\u00e1s frecuentes, pero tambi\u00e9n vemos en esta \u00e9poca m\u00e1s patolog\u00edas, agudas y otras cr\u00f3nicas, como la queratitis o irritaciones oculares que generan fotofobia\u201d, explica nuestro especialista.<br \/>\nAdvierte que muchas de las patolog\u00edas cr\u00f3nicas se producen por exposici\u00f3n solar prolongada y observan en la edad adulta, por ejemplo, con una evoluci\u00f3n m\u00e1s r\u00e1pida de las cataratas.<\/p>\n<p><strong>Consejos para cuidar los ojos en verano<\/strong><\/p>\n<ul>\n<li>Proteger los ojos con gafas y gorras o sombreros en las horas centrales del d\u00eda<\/li>\n<li>Lavar los ojos con suelo fisiol\u00f3gico al acabar cada jornada de playa o piscina<\/li>\n<li>Poner l\u00e1grimas artificiales con hialur\u00f3nico o suero para enjuagar los ojos en el caso de entrar un cuerpo extra\u00f1o (como arena de la playa). Nunca frotar el ojo.<\/li>\n<li>Utilizar l\u00e1grimas artificiales tambi\u00e9n para combatir la sequedad del calor intenso o el aire acondicionado.<\/li>\n<li>Limitar el uso del m\u00f3vil y las tabletas en verano para cuidar los ojos:\n<ul>\n<li>Los ni\u00f1os menores de tres a\u00f1os no deben utilizar m\u00f3viles<\/li>\n<li>Ni\u00f1os entre 3-6 a\u00f1os no deber\u00edan pasar de 1 hora al d\u00eda<\/li>\n<li>A partir de los 10, limitar su uso a una hora y media<\/li>\n<li>De los 11-18 a\u00f1os, poner un tope de dos horas al d\u00eda.<\/li>\n<li>Evitar el m\u00f3vil antes de dormir porque puede producir insomnio y pesadillas<\/li>\n<\/ul>\n<\/li>\n<\/ul>\n<p>El doctor Escalerandi insiste en la conveniencia de llevar a mano siempre monodosis de estas l\u00e1grimas artificiales, muy \u00fatiles para enjuagar los ojos en caso de irritaci\u00f3n por el agua del mar o piscina, entrada de arena de la playa o tierra o sequedad. \u201cNo son un medicamento y se pueden poner muchas veces al d\u00eda\u201d, explica. Si persiste la molestia o el enrojecimiento, acudir a un especialista.<br \/>\nPor lo que respecta al uso de dispositivos electr\u00f3nicos, sobre todo entre los m\u00e1s peque\u00f1os, en concreto m\u00f3viles y tablets, el doctor Escalerandi recuerda que en verano, los ni\u00f1os y adolescentes tienen m\u00e1s tiempo libre y pueden pasar demasiadas horas delante de una pantalla. \u201cNo podemos olvidar que son una agresi\u00f3n para los ojos y aumentan el riesgo de miop\u00eda en la edad adulta o una temprana en adolescentes\u201d, se\u00f1ala. Por eso, explica, las pautas indicadas anteriormente se deben cumplir.<br \/>\nLos ni\u00f1os menores de tres a\u00f1os no deber\u00edan ver m\u00f3viles, entre 3-6 a\u00f1os no pasar de 1 hora al d\u00eda, a partir de los 10 hora y media y a partir de los 11-18 dos horas al d\u00eda. Evitar el m\u00f3vil antes de dormir porque puede producir insomnio y pesadilla, se irritan los ojos y es necesario lavarlos con suero o l\u00e1grimas.<\/p>\n<p><iframe loading=\"lazy\" title=\"VERANO SALUDABLE |C\u00f3mo proteger a los ni\u00f1os del sol: protecci\u00f3n solar y c\u00f3mo aplicarla\" width=\"1200\" height=\"675\" src=\"https:\/\/www.youtube.com\/embed\/lpO8tCzV_1k?feature=oembed\" frameborder=\"0\" allow=\"accelerometer; autoplay; clipboard-write; encrypted-media; gyroscope; picture-in-picture\" allowfullscreen><\/iframe><\/p>\n<p style=\"font-size: 10px;\"><em>AVISO: La finalidad de este blog es proporcionar informaci\u00f3n de salud que, en ning\u00fan caso sustituye la consulta con un m\u00e9dico. El grupo sanitario Ribera no se hace responsable de los contenidos, opiniones e im\u00e1genes que aparezcan relacionados con los blogs, pero si es informado de que existe cualquier contenido inapropiado o il\u00edcito, proceder\u00e1 a su eliminaci\u00f3n de forma inmediata.<\/em><\/p>\n<p style=\"font-size: 10px;\">Los textos, art\u00edculos y contenidos de este blog est\u00e1n sujetos y protegidos por derechos de propiedad intelectual e industrial, disponiendo el grupo sanitario Ribera de los permisos necesarios para la utilizaci\u00f3n de las im\u00e1genes, fotograf\u00edas, textos, dise\u00f1os, animaciones y dem\u00e1s contenido o elementos que en \u00e9l aparezcan. El acceso y utilizaci\u00f3n de este blog no confiere al visitante ning\u00fan tipo de licencia o derecho de uso o explotaci\u00f3n alguno, por lo que el uso, reproducci\u00f3n, distribuci\u00f3n, comunicaci\u00f3n p\u00fablica, transformaci\u00f3n o cualquier otra actividad similar o an\u00e1loga, queda totalmente prohibida, salvo que medie expresa autorizaci\u00f3n por escrito del grupo sanitario Ribera.<\/p>\n<p style=\"font-size: 10px;\">El grupo sanitario Ribera se reserva la facultad de retirar o suspender temporal o definitivamente, en cualquier momento y sin necesidad de aviso previo, el acceso al blog y\/o a los contenidos del mismo a aquellos visitantes, internautas o usuarios de internet que incumplan lo establecido en el presente Aviso, todo ello sin perjuicio del ejercicio de las acciones contra los mismos que procedan conforme a la Ley y al Derecho.<\/p>\n","protected":false},"excerpt":{"rendered":"<p>Descuidar los ojos en verano puede tener consecuencias leves, pero &#8230; <a title=\"C\u00f3mo y por qu\u00e9 proteger los ojos en verano. Consejos\" class=\"read-more\" href=\"https:\/\/riberasalud.com\/blog-de-salud\/como-y-por-que-proteger-los-ojos-en-verano-consejos\/\" aria-label=\"Leer m\u00e1s sobre C\u00f3mo y por qu\u00e9 proteger los ojos en verano. Consejos\">Leer m\u00e1s<\/a><\/p>\n","protected":false},"author":5,"featured_media":7786,"comment_status":"open","ping_status":"open","sticky":false,"template":"","format":"standard","meta":{"_mi_skip_tracking":false,"footnotes":""},"categories":[1458,1473],"tags":[],"class_list":["post-7784","post","type-post","status-publish","format-standard","has-post-thumbnail","hentry","category-consejos-de-salud","category-oftalmologia","generate-columns","tablet-grid-50","mobile-grid-100","grid-parent","grid-33"],"yoast_head":"<!-- This site is optimized with the Yoast SEO plugin v27.4 - https:\/\/yoast.com\/product\/yoast-seo-wordpress\/ -->\n<title>C\u00f3mo y por qu\u00e9 proteger los ojos en verano. Consejos - Blog de Salud<\/title>\n<meta name=\"robots\" content=\"index, follow, max-snippet:-1, max-image-preview:large, max-video-preview:-1\" \/>\n<link rel=\"canonical\" href=\"https:\/\/riberasalud.com\/blog-de-salud\/como-y-por-que-proteger-los-ojos-en-verano-consejos\/\" \/>\n<meta property=\"og:locale\" content=\"es_ES\" \/>\n<meta property=\"og:type\" content=\"article\" \/>\n<meta property=\"og:title\" content=\"C\u00f3mo y por qu\u00e9 proteger los ojos en verano. Consejos - Blog de Salud\" \/>\n<meta property=\"og:description\" content=\"Descuidar los ojos en verano puede tener consecuencias leves, pero ... Leer m\u00e1s\" \/>\n<meta property=\"og:url\" content=\"https:\/\/riberasalud.com\/blog-de-salud\/como-y-por-que-proteger-los-ojos-en-verano-consejos\/\" \/>\n<meta property=\"og:site_name\" content=\"Blog de Salud\" \/>\n<meta property=\"article:published_time\" content=\"2022-07-20T13:26:00+00:00\" \/>\n<meta property=\"article:modified_time\" content=\"2022-09-28T14:05:19+00:00\" \/>\n<meta property=\"og:image\" content=\"https:\/\/riberasalud.com\/blog-de-salud\/wp-content\/uploads\/2022\/07\/woman-s-eyes-hurt-after-glasses-tired-woman-after-work-the-girl-s-eyes-hurt-prescription-glasses-scaled.jpg\" \/>\n\t<meta property=\"og:image:width\" content=\"2560\" \/>\n\t<meta property=\"og:image:height\" content=\"1707\" \/>\n\t<meta property=\"og:image:type\" content=\"image\/jpeg\" \/>\n<meta name=\"author\" content=\"S0p0rt3\" \/>\n<meta name=\"twitter:card\" content=\"summary_large_image\" \/>\n<meta name=\"twitter:label1\" content=\"Escrito por\" \/>\n\t<meta name=\"twitter:data1\" content=\"S0p0rt3\" \/>\n\t<meta name=\"twitter:label2\" content=\"Tiempo de lectura\" \/>\n\t<meta name=\"twitter:data2\" content=\"5 minutos\" \/>\n<script type=\"application\/ld+json\" class=\"yoast-schema-graph\">{\"@context\":\"https:\\\/\\\/schema.org\",\"@graph\":[{\"@type\":\"Article\",\"@id\":\"https:\\\/\\\/riberasalud.com\\\/blog-de-salud\\\/como-y-por-que-proteger-los-ojos-en-verano-consejos\\\/#article\",\"isPartOf\":{\"@id\":\"https:\\\/\\\/riberasalud.com\\\/blog-de-salud\\\/como-y-por-que-proteger-los-ojos-en-verano-consejos\\\/\"},\"author\":{\"name\":\"S0p0rt3\",\"@id\":\"https:\\\/\\\/riberasalud.com\\\/blog-de-salud\\\/#\\\/schema\\\/person\\\/1a9d003ba2617ae5a993bd3bf5e8b3a1\"},\"headline\":\"C\u00f3mo y por qu\u00e9 proteger los ojos en verano. Consejos\",\"datePublished\":\"2022-07-20T13:26:00+00:00\",\"dateModified\":\"2022-09-28T14:05:19+00:00\",\"mainEntityOfPage\":{\"@id\":\"https:\\\/\\\/riberasalud.com\\\/blog-de-salud\\\/como-y-por-que-proteger-los-ojos-en-verano-consejos\\\/\"},\"wordCount\":1016,\"commentCount\":0,\"publisher\":{\"@id\":\"https:\\\/\\\/riberasalud.com\\\/blog-de-salud\\\/#organization\"},\"image\":{\"@id\":\"https:\\\/\\\/riberasalud.com\\\/blog-de-salud\\\/como-y-por-que-proteger-los-ojos-en-verano-consejos\\\/#primaryimage\"},\"thumbnailUrl\":\"https:\\\/\\\/riberasalud.com\\\/blog-de-salud\\\/wp-content\\\/uploads\\\/2022\\\/07\\\/woman-s-eyes-hurt-after-glasses-tired-woman-after-work-the-girl-s-eyes-hurt-prescription-glasses-scaled.jpg\",\"articleSection\":[\"Consejos de salud\",\"Oftalmolog\u00eda\"],\"inLanguage\":\"es\",\"potentialAction\":[{\"@type\":\"CommentAction\",\"name\":\"Comment\",\"target\":[\"https:\\\/\\\/riberasalud.com\\\/blog-de-salud\\\/como-y-por-que-proteger-los-ojos-en-verano-consejos\\\/#respond\"]}]},{\"@type\":\"WebPage\",\"@id\":\"https:\\\/\\\/riberasalud.com\\\/blog-de-salud\\\/como-y-por-que-proteger-los-ojos-en-verano-consejos\\\/\",\"url\":\"https:\\\/\\\/riberasalud.com\\\/blog-de-salud\\\/como-y-por-que-proteger-los-ojos-en-verano-consejos\\\/\",\"name\":\"C\u00f3mo y por qu\u00e9 proteger los ojos en verano. Consejos - Blog de Salud\",\"isPartOf\":{\"@id\":\"https:\\\/\\\/riberasalud.com\\\/blog-de-salud\\\/#website\"},\"primaryImageOfPage\":{\"@id\":\"https:\\\/\\\/riberasalud.com\\\/blog-de-salud\\\/como-y-por-que-proteger-los-ojos-en-verano-consejos\\\/#primaryimage\"},\"image\":{\"@id\":\"https:\\\/\\\/riberasalud.com\\\/blog-de-salud\\\/como-y-por-que-proteger-los-ojos-en-verano-consejos\\\/#primaryimage\"},\"thumbnailUrl\":\"https:\\\/\\\/riberasalud.com\\\/blog-de-salud\\\/wp-content\\\/uploads\\\/2022\\\/07\\\/woman-s-eyes-hurt-after-glasses-tired-woman-after-work-the-girl-s-eyes-hurt-prescription-glasses-scaled.jpg\",\"datePublished\":\"2022-07-20T13:26:00+00:00\",\"dateModified\":\"2022-09-28T14:05:19+00:00\",\"breadcrumb\":{\"@id\":\"https:\\\/\\\/riberasalud.com\\\/blog-de-salud\\\/como-y-por-que-proteger-los-ojos-en-verano-consejos\\\/#breadcrumb\"},\"inLanguage\":\"es\",\"potentialAction\":[{\"@type\":\"ReadAction\",\"target\":[\"https:\\\/\\\/riberasalud.com\\\/blog-de-salud\\\/como-y-por-que-proteger-los-ojos-en-verano-consejos\\\/\"]}]},{\"@type\":\"ImageObject\",\"inLanguage\":\"es\",\"@id\":\"https:\\\/\\\/riberasalud.com\\\/blog-de-salud\\\/como-y-por-que-proteger-los-ojos-en-verano-consejos\\\/#primaryimage\",\"url\":\"https:\\\/\\\/riberasalud.com\\\/blog-de-salud\\\/wp-content\\\/uploads\\\/2022\\\/07\\\/woman-s-eyes-hurt-after-glasses-tired-woman-after-work-the-girl-s-eyes-hurt-prescription-glasses-scaled.jpg\",\"contentUrl\":\"https:\\\/\\\/riberasalud.com\\\/blog-de-salud\\\/wp-content\\\/uploads\\\/2022\\\/07\\\/woman-s-eyes-hurt-after-glasses-tired-woman-after-work-the-girl-s-eyes-hurt-prescription-glasses-scaled.jpg\",\"width\":2560,\"height\":1707,\"caption\":\"a woman's eyes hurt after glasses. Tired woman after work. The girl's eyes hurt. Prescription Glasses.\"},{\"@type\":\"BreadcrumbList\",\"@id\":\"https:\\\/\\\/riberasalud.com\\\/blog-de-salud\\\/como-y-por-que-proteger-los-ojos-en-verano-consejos\\\/#breadcrumb\",\"itemListElement\":[{\"@type\":\"ListItem\",\"position\":1,\"name\":\"Portada\",\"item\":\"https:\\\/\\\/riberasalud.com\\\/blog-de-salud\\\/\"},{\"@type\":\"ListItem\",\"position\":2,\"name\":\"C\u00f3mo y por qu\u00e9 proteger los ojos en verano. Consejos\"}]},{\"@type\":\"WebSite\",\"@id\":\"https:\\\/\\\/riberasalud.com\\\/blog-de-salud\\\/#website\",\"url\":\"https:\\\/\\\/riberasalud.com\\\/blog-de-salud\\\/\",\"name\":\"Blog de Salud\",\"description\":\"Grupo Ribera\",\"publisher\":{\"@id\":\"https:\\\/\\\/riberasalud.com\\\/blog-de-salud\\\/#organization\"},\"potentialAction\":[{\"@type\":\"SearchAction\",\"target\":{\"@type\":\"EntryPoint\",\"urlTemplate\":\"https:\\\/\\\/riberasalud.com\\\/blog-de-salud\\\/?s={search_term_string}\"},\"query-input\":{\"@type\":\"PropertyValueSpecification\",\"valueRequired\":true,\"valueName\":\"search_term_string\"}}],\"inLanguage\":\"es\"},{\"@type\":\"Organization\",\"@id\":\"https:\\\/\\\/riberasalud.com\\\/blog-de-salud\\\/#organization\",\"name\":\"Blog de Salud\",\"url\":\"https:\\\/\\\/riberasalud.com\\\/blog-de-salud\\\/\",\"logo\":{\"@type\":\"ImageObject\",\"inLanguage\":\"es\",\"@id\":\"https:\\\/\\\/riberasalud.com\\\/blog-de-salud\\\/#\\\/schema\\\/logo\\\/image\\\/\",\"url\":\"https:\\\/\\\/riberasalud.com\\\/blog-de-salud\\\/wp-content\\\/uploads\\\/2022\\\/09\\\/cropped-Logotipo-Red-qgbhgk.png\",\"contentUrl\":\"https:\\\/\\\/riberasalud.com\\\/blog-de-salud\\\/wp-content\\\/uploads\\\/2022\\\/09\\\/cropped-Logotipo-Red-qgbhgk.png\",\"width\":5001,\"height\":1976,\"caption\":\"Blog de Salud\"},\"image\":{\"@id\":\"https:\\\/\\\/riberasalud.com\\\/blog-de-salud\\\/#\\\/schema\\\/logo\\\/image\\\/\"}},{\"@type\":\"Person\",\"@id\":\"https:\\\/\\\/riberasalud.com\\\/blog-de-salud\\\/#\\\/schema\\\/person\\\/1a9d003ba2617ae5a993bd3bf5e8b3a1\",\"name\":\"S0p0rt3\",\"image\":{\"@type\":\"ImageObject\",\"inLanguage\":\"es\",\"@id\":\"https:\\\/\\\/secure.gravatar.com\\\/avatar\\\/e5b3b6b2275d2f0c6e6938ee9e2d59daf6431012b823f7e1394a18a1bc05d7bd?s=96&d=mm&r=g\",\"url\":\"https:\\\/\\\/secure.gravatar.com\\\/avatar\\\/e5b3b6b2275d2f0c6e6938ee9e2d59daf6431012b823f7e1394a18a1bc05d7bd?s=96&d=mm&r=g\",\"contentUrl\":\"https:\\\/\\\/secure.gravatar.com\\\/avatar\\\/e5b3b6b2275d2f0c6e6938ee9e2d59daf6431012b823f7e1394a18a1bc05d7bd?s=96&d=mm&r=g\",\"caption\":\"S0p0rt3\"},\"url\":\"https:\\\/\\\/riberasalud.com\\\/blog-de-salud\\\/author\\\/s0p0rt3\\\/\"}]}<\/script>\n<!-- \/ Yoast SEO plugin. -->","yoast_head_json":{"title":"C\u00f3mo y por qu\u00e9 proteger los ojos en verano. Consejos - Blog de Salud","robots":{"index":"index","follow":"follow","max-snippet":"max-snippet:-1","max-image-preview":"max-image-preview:large","max-video-preview":"max-video-preview:-1"},"canonical":"https:\/\/riberasalud.com\/blog-de-salud\/como-y-por-que-proteger-los-ojos-en-verano-consejos\/","og_locale":"es_ES","og_type":"article","og_title":"C\u00f3mo y por qu\u00e9 proteger los ojos en verano. Consejos - Blog de Salud","og_description":"Descuidar los ojos en verano puede tener consecuencias leves, pero ... Leer m\u00e1s","og_url":"https:\/\/riberasalud.com\/blog-de-salud\/como-y-por-que-proteger-los-ojos-en-verano-consejos\/","og_site_name":"Blog de Salud","article_published_time":"2022-07-20T13:26:00+00:00","article_modified_time":"2022-09-28T14:05:19+00:00","og_image":[{"width":2560,"height":1707,"url":"https:\/\/riberasalud.com\/blog-de-salud\/wp-content\/uploads\/2022\/07\/woman-s-eyes-hurt-after-glasses-tired-woman-after-work-the-girl-s-eyes-hurt-prescription-glasses-scaled.jpg","type":"image\/jpeg"}],"author":"S0p0rt3","twitter_card":"summary_large_image","twitter_misc":{"Escrito por":"S0p0rt3","Tiempo de lectura":"5 minutos"},"schema":{"@context":"https:\/\/schema.org","@graph":[{"@type":"Article","@id":"https:\/\/riberasalud.com\/blog-de-salud\/como-y-por-que-proteger-los-ojos-en-verano-consejos\/#article","isPartOf":{"@id":"https:\/\/riberasalud.com\/blog-de-salud\/como-y-por-que-proteger-los-ojos-en-verano-consejos\/"},"author":{"name":"S0p0rt3","@id":"https:\/\/riberasalud.com\/blog-de-salud\/#\/schema\/person\/1a9d003ba2617ae5a993bd3bf5e8b3a1"},"headline":"C\u00f3mo y por qu\u00e9 proteger los ojos en verano. Consejos","datePublished":"2022-07-20T13:26:00+00:00","dateModified":"2022-09-28T14:05:19+00:00","mainEntityOfPage":{"@id":"https:\/\/riberasalud.com\/blog-de-salud\/como-y-por-que-proteger-los-ojos-en-verano-consejos\/"},"wordCount":1016,"commentCount":0,"publisher":{"@id":"https:\/\/riberasalud.com\/blog-de-salud\/#organization"},"image":{"@id":"https:\/\/riberasalud.com\/blog-de-salud\/como-y-por-que-proteger-los-ojos-en-verano-consejos\/#primaryimage"},"thumbnailUrl":"https:\/\/riberasalud.com\/blog-de-salud\/wp-content\/uploads\/2022\/07\/woman-s-eyes-hurt-after-glasses-tired-woman-after-work-the-girl-s-eyes-hurt-prescription-glasses-scaled.jpg","articleSection":["Consejos de salud","Oftalmolog\u00eda"],"inLanguage":"es","potentialAction":[{"@type":"CommentAction","name":"Comment","target":["https:\/\/riberasalud.com\/blog-de-salud\/como-y-por-que-proteger-los-ojos-en-verano-consejos\/#respond"]}]},{"@type":"WebPage","@id":"https:\/\/riberasalud.com\/blog-de-salud\/como-y-por-que-proteger-los-ojos-en-verano-consejos\/","url":"https:\/\/riberasalud.com\/blog-de-salud\/como-y-por-que-proteger-los-ojos-en-verano-consejos\/","name":"C\u00f3mo y por qu\u00e9 proteger los ojos en verano. Consejos - Blog de Salud","isPartOf":{"@id":"https:\/\/riberasalud.com\/blog-de-salud\/#website"},"primaryImageOfPage":{"@id":"https:\/\/riberasalud.com\/blog-de-salud\/como-y-por-que-proteger-los-ojos-en-verano-consejos\/#primaryimage"},"image":{"@id":"https:\/\/riberasalud.com\/blog-de-salud\/como-y-por-que-proteger-los-ojos-en-verano-consejos\/#primaryimage"},"thumbnailUrl":"https:\/\/riberasalud.com\/blog-de-salud\/wp-content\/uploads\/2022\/07\/woman-s-eyes-hurt-after-glasses-tired-woman-after-work-the-girl-s-eyes-hurt-prescription-glasses-scaled.jpg","datePublished":"2022-07-20T13:26:00+00:00","dateModified":"2022-09-28T14:05:19+00:00","breadcrumb":{"@id":"https:\/\/riberasalud.com\/blog-de-salud\/como-y-por-que-proteger-los-ojos-en-verano-consejos\/#breadcrumb"},"inLanguage":"es","potentialAction":[{"@type":"ReadAction","target":["https:\/\/riberasalud.com\/blog-de-salud\/como-y-por-que-proteger-los-ojos-en-verano-consejos\/"]}]},{"@type":"ImageObject","inLanguage":"es","@id":"https:\/\/riberasalud.com\/blog-de-salud\/como-y-por-que-proteger-los-ojos-en-verano-consejos\/#primaryimage","url":"https:\/\/riberasalud.com\/blog-de-salud\/wp-content\/uploads\/2022\/07\/woman-s-eyes-hurt-after-glasses-tired-woman-after-work-the-girl-s-eyes-hurt-prescription-glasses-scaled.jpg","contentUrl":"https:\/\/riberasalud.com\/blog-de-salud\/wp-content\/uploads\/2022\/07\/woman-s-eyes-hurt-after-glasses-tired-woman-after-work-the-girl-s-eyes-hurt-prescription-glasses-scaled.jpg","width":2560,"height":1707,"caption":"a woman's eyes hurt after glasses. Tired woman after work. The girl's eyes hurt. Prescription Glasses."},{"@type":"BreadcrumbList","@id":"https:\/\/riberasalud.com\/blog-de-salud\/como-y-por-que-proteger-los-ojos-en-verano-consejos\/#breadcrumb","itemListElement":[{"@type":"ListItem","position":1,"name":"Portada","item":"https:\/\/riberasalud.com\/blog-de-salud\/"},{"@type":"ListItem","position":2,"name":"C\u00f3mo y por qu\u00e9 proteger los ojos en verano. Consejos"}]},{"@type":"WebSite","@id":"https:\/\/riberasalud.com\/blog-de-salud\/#website","url":"https:\/\/riberasalud.com\/blog-de-salud\/","name":"Blog de Salud","description":"Grupo Ribera","publisher":{"@id":"https:\/\/riberasalud.com\/blog-de-salud\/#organization"},"potentialAction":[{"@type":"SearchAction","target":{"@type":"EntryPoint","urlTemplate":"https:\/\/riberasalud.com\/blog-de-salud\/?s={search_term_string}"},"query-input":{"@type":"PropertyValueSpecification","valueRequired":true,"valueName":"search_term_string"}}],"inLanguage":"es"},{"@type":"Organization","@id":"https:\/\/riberasalud.com\/blog-de-salud\/#organization","name":"Blog de Salud","url":"https:\/\/riberasalud.com\/blog-de-salud\/","logo":{"@type":"ImageObject","inLanguage":"es","@id":"https:\/\/riberasalud.com\/blog-de-salud\/#\/schema\/logo\/image\/","url":"https:\/\/riberasalud.com\/blog-de-salud\/wp-content\/uploads\/2022\/09\/cropped-Logotipo-Red-qgbhgk.png","contentUrl":"https:\/\/riberasalud.com\/blog-de-salud\/wp-content\/uploads\/2022\/09\/cropped-Logotipo-Red-qgbhgk.png","width":5001,"height":1976,"caption":"Blog de Salud"},"image":{"@id":"https:\/\/riberasalud.com\/blog-de-salud\/#\/schema\/logo\/image\/"}},{"@type":"Person","@id":"https:\/\/riberasalud.com\/blog-de-salud\/#\/schema\/person\/1a9d003ba2617ae5a993bd3bf5e8b3a1","name":"S0p0rt3","image":{"@type":"ImageObject","inLanguage":"es","@id":"https:\/\/secure.gravatar.com\/avatar\/e5b3b6b2275d2f0c6e6938ee9e2d59daf6431012b823f7e1394a18a1bc05d7bd?s=96&d=mm&r=g","url":"https:\/\/secure.gravatar.com\/avatar\/e5b3b6b2275d2f0c6e6938ee9e2d59daf6431012b823f7e1394a18a1bc05d7bd?s=96&d=mm&r=g","contentUrl":"https:\/\/secure.gravatar.com\/avatar\/e5b3b6b2275d2f0c6e6938ee9e2d59daf6431012b823f7e1394a18a1bc05d7bd?s=96&d=mm&r=g","caption":"S0p0rt3"},"url":"https:\/\/riberasalud.com\/blog-de-salud\/author\/s0p0rt3\/"}]}},"_links":{"self":[{"href":"https:\/\/riberasalud.com\/blog-de-salud\/wp-json\/wp\/v2\/posts\/7784","targetHints":{"allow":["GET"]}}],"collection":[{"href":"https:\/\/riberasalud.com\/blog-de-salud\/wp-json\/wp\/v2\/posts"}],"about":[{"href":"https:\/\/riberasalud.com\/blog-de-salud\/wp-json\/wp\/v2\/types\/post"}],"author":[{"embeddable":true,"href":"https:\/\/riberasalud.com\/blog-de-salud\/wp-json\/wp\/v2\/users\/5"}],"replies":[{"embeddable":true,"href":"https:\/\/riberasalud.com\/blog-de-salud\/wp-json\/wp\/v2\/comments?post=7784"}],"version-history":[{"count":1,"href":"https:\/\/riberasalud.com\/blog-de-salud\/wp-json\/wp\/v2\/posts\/7784\/revisions"}],"predecessor-version":[{"id":10683,"href":"https:\/\/riberasalud.com\/blog-de-salud\/wp-json\/wp\/v2\/posts\/7784\/revisions\/10683"}],"wp:featuredmedia":[{"embeddable":true,"href":"https:\/\/riberasalud.com\/blog-de-salud\/wp-json\/wp\/v2\/media\/7786"}],"wp:attachment":[{"href":"https:\/\/riberasalud.com\/blog-de-salud\/wp-json\/wp\/v2\/media?parent=7784"}],"wp:term":[{"taxonomy":"category","embeddable":true,"href":"https:\/\/riberasalud.com\/blog-de-salud\/wp-json\/wp\/v2\/categories?post=7784"},{"taxonomy":"post_tag","embeddable":true,"href":"https:\/\/riberasalud.com\/blog-de-salud\/wp-json\/wp\/v2\/tags?post=7784"}],"curies":[{"name":"wp","href":"https:\/\/api.w.org\/{rel}","templated":true}]}}