{"id":7413,"date":"2021-05-19T19:09:41","date_gmt":"2021-05-19T17:09:41","guid":{"rendered":"https:\/\/www.blogdesalud.riberasalud.com\/?p=7413"},"modified":"2021-05-19T19:09:41","modified_gmt":"2021-05-19T17:09:41","slug":"cuando-crece-el-pelo-tras-un-implante-capilar","status":"publish","type":"post","link":"https:\/\/riberasalud.com\/blog-de-salud\/cuando-crece-el-pelo-tras-un-implante-capilar\/","title":{"rendered":"Cu\u00e1ndo crece el pelo tras un implante capilar"},"content":{"rendered":"<p class=\"p1\"><span class=\"s1\">Aunque nada en el cuerpo humano es una ciencia exacta, los expertos aseguran que, tras un implante capilar, <b>el pelo empieza a crecer en la zona trasplantada a partir del tercer o cuarto mes desde la intervenci\u00f3n<\/b>. Es, seguramente, uno de los momentos m\u00e1s felices para el paciente que ha apostado por un implante capilar para solucionar su problema de alopecia androg\u00e9nica o para disimular entradas o falta de densidad capilar. <\/span><\/p>\n<p class=\"p1\"><span class=\"s1\">Sin duda, la <b>paciencia y la constancia<\/b> son actitudes clave para afrontar este tratamiento, puesto que <b>un resultado cercano al definitivo se aprecia un poco antes de que se cumpla un a\u00f1o<\/b> desde la intervenci\u00f3n. Hay que tener en cuenta que el pelo necesita tiempo para crecer. L<span class=\"\">os especialistas de la Unidad de Implante Capilar del grupo Ribera<\/span>, aseguran que \u201ces alrededor del tercer mes cuando en la mayor\u00eda de los casos, el cabello comienza a crecer en la zona trasplantada\u201d.<\/span><\/p>\n<h2 class=\"p1\"><span class=\"s1\"><b>Calendario de un implante capilar<\/b><\/span><\/h2>\n<p class=\"p1\"><span class=\"s1\">Pero \u00bfqu\u00e9 calendario tiene que interiorizar un paciente que decide hacerse un implante capilar?L<span class=\"\">os especialistas de la Unidad de Implante Capilar<\/span>\u00a0aseguran que los fol\u00edculos implantados empiezan a estar seguros a partir del segundo o tercer d\u00eda tras la cirug\u00eda \u201cgracias a la fibrina, el pegamento natural del cuerpo\u201d. Hay que recordar que el implante capilar es el procedimiento cada vez m\u00e1s frecuente de trasplante de cabello que consiste en trasladar fol\u00edculos o grafts de la zona posterior y lateral del cuero cabelludo (zona occipital y temporal de la cabeza) hacia la zona frontal y parte superior de la cabeza, t\u00edpicamente m\u00e1s sensibles a experimentar calvicie o alopecia. La zona de atr\u00e1s del cuero cabelludo es una zona libre de receptores androg\u00e9nicos, es decir, que no es sensible a la ca\u00edda por acci\u00f3n hormonal.<\/span><\/p>\n<p class=\"p1\"><span class=\"s1\">Al mismo tiempo \u2013seguimos en esos dos o tres primeros d\u00edas- en la zona donante se empiezan a crear costras, debido al proceso de cicatrizaci\u00f3n, que se disimulan en gran parte porque el pelo sigue creciendo igual que lo hac\u00eda antes de la intervenci\u00f3n. A partir del octavo d\u00eda, los fol\u00edculos est\u00e1n completamente seguros y al cumplirse dos semanas, la zona donante ha cicatrizado superficialmente. <\/span><\/p>\n<p class=\"p1\"><span class=\"s1\">Entre la segunda y la sexta semana se producen cambios que el paciente debe asumir como parte del proceso para la recuperaci\u00f3n del pelo. \u201cLos cabellos existentes en los fol\u00edculos trasplantados pueden caer en este periodo, porque se trata de una fase \u00abde latencia\u00bb para los fol\u00edculos trasplantados y es normal que caigan para que, posteriormente, vuelvan a crecer\u201d, explican los\u00a0<span class=\"\">especialistas de la Unidad de Implante Capilar<\/span>. Y ya es casi cuando se va a cumplir un a\u00f1o desde la intervenci\u00f3n, entre el d\u00e9cimo y el d\u00e9cimo segundo mes cuando en la mayor\u00eda de los casos se puede c\u00f3mo quedar\u00e1 el cuero cabelludo de un paciente sometido a un trasplante capilar. \u201cUn a\u00f1o despu\u00e9s de la cirug\u00eda, el 90% de los cabellos trasplantados ya han alcanzado su crecimiento normal\u201d, explican\u00a0los\u00a0<span class=\"\">especialistas de la Unidad de Implante Capilar<\/span>.<\/span><\/p>\n<h2 class=\"p1\"><span class=\"s1\"><b>Los primeros cuidados tras el implante<\/b><\/span><\/h2>\n<p class=\"p1\"><span class=\"s1\">Los primeros d\u00edas tras el implante, los profesionales recomienzan hidratar la zona receptora (es decir, la implantada) con suero fisiol\u00f3gico. A partir del final de la primera semana y la segunda semana, mientas cicatriza la zona donante, se puede hidratar con aloe vera, aceite mosqueta o crema hidratante, para ayudar al proceso de cicatrizaci\u00f3n y evitar la tensi\u00f3n en la piel.<\/span><\/p>\n","protected":false},"excerpt":{"rendered":"<p>Aunque nada en el cuerpo humano es una ciencia exacta, &#8230; <a title=\"Cu\u00e1ndo crece el pelo tras un implante capilar\" class=\"read-more\" href=\"https:\/\/riberasalud.com\/blog-de-salud\/cuando-crece-el-pelo-tras-un-implante-capilar\/\" aria-label=\"Leer m\u00e1s sobre Cu\u00e1ndo crece el pelo tras un implante capilar\">Leer m\u00e1s<\/a><\/p>\n","protected":false},"author":5,"featured_media":7414,"comment_status":"open","ping_status":"open","sticky":false,"template":"","format":"standard","meta":{"_mi_skip_tracking":false,"footnotes":""},"categories":[616],"tags":[1350,1364,1365,1366],"class_list":["post-7413","post","type-post","status-publish","format-standard","has-post-thumbnail","hentry","category-bienestar","tag-capilar","tag-implante","tag-pelo","tag-trasplante","generate-columns","tablet-grid-50","mobile-grid-100","grid-parent","grid-33"],"yoast_head":"<!-- This site is optimized with the Yoast SEO plugin v27.4 - https:\/\/yoast.com\/product\/yoast-seo-wordpress\/ -->\n<title>Cu\u00e1ndo crece el pelo tras un implante capilar - Blog de Salud<\/title>\n<meta name=\"description\" content=\"Tras un implante capilar, el pelo empieza a crecer en la zona trasplantada a partir del tercer o cuarto mes desde la intervenci\u00f3n\" \/>\n<meta name=\"robots\" content=\"index, follow, max-snippet:-1, max-image-preview:large, max-video-preview:-1\" \/>\n<link rel=\"canonical\" href=\"https:\/\/riberasalud.com\/blog-de-salud\/cuando-crece-el-pelo-tras-un-implante-capilar\/\" \/>\n<meta property=\"og:locale\" content=\"es_ES\" \/>\n<meta property=\"og:type\" content=\"article\" \/>\n<meta property=\"og:title\" content=\"Cu\u00e1ndo crece el pelo tras un implante capilar - Blog de Salud\" \/>\n<meta property=\"og:description\" content=\"Tras un implante capilar, el pelo empieza a crecer en la zona trasplantada a partir del tercer o cuarto mes desde la intervenci\u00f3n\" \/>\n<meta property=\"og:url\" content=\"https:\/\/riberasalud.com\/blog-de-salud\/cuando-crece-el-pelo-tras-un-implante-capilar\/\" \/>\n<meta property=\"og:site_name\" content=\"Blog de Salud\" \/>\n<meta property=\"article:published_time\" content=\"2021-05-19T17:09:41+00:00\" \/>\n<meta property=\"og:image\" content=\"https:\/\/riberasalud.com\/blog-de-salud\/wp-content\/uploads\/2021\/05\/man-scratching-his-head.jpg\" \/>\n\t<meta property=\"og:image:width\" content=\"1000\" \/>\n\t<meta property=\"og:image:height\" content=\"667\" \/>\n\t<meta property=\"og:image:type\" content=\"image\/jpeg\" \/>\n<meta name=\"author\" content=\"S0p0rt3\" \/>\n<meta name=\"twitter:card\" content=\"summary_large_image\" \/>\n<meta name=\"twitter:label1\" content=\"Escrito por\" \/>\n\t<meta name=\"twitter:data1\" content=\"S0p0rt3\" \/>\n\t<meta name=\"twitter:label2\" content=\"Tiempo de lectura\" \/>\n\t<meta name=\"twitter:data2\" content=\"3 minutos\" \/>\n<script type=\"application\/ld+json\" class=\"yoast-schema-graph\">{\"@context\":\"https:\\\/\\\/schema.org\",\"@graph\":[{\"@type\":\"Article\",\"@id\":\"https:\\\/\\\/riberasalud.com\\\/blog-de-salud\\\/cuando-crece-el-pelo-tras-un-implante-capilar\\\/#article\",\"isPartOf\":{\"@id\":\"https:\\\/\\\/riberasalud.com\\\/blog-de-salud\\\/cuando-crece-el-pelo-tras-un-implante-capilar\\\/\"},\"author\":{\"name\":\"S0p0rt3\",\"@id\":\"https:\\\/\\\/riberasalud.com\\\/blog-de-salud\\\/#\\\/schema\\\/person\\\/1a9d003ba2617ae5a993bd3bf5e8b3a1\"},\"headline\":\"Cu\u00e1ndo crece el pelo tras un implante capilar\",\"datePublished\":\"2021-05-19T17:09:41+00:00\",\"mainEntityOfPage\":{\"@id\":\"https:\\\/\\\/riberasalud.com\\\/blog-de-salud\\\/cuando-crece-el-pelo-tras-un-implante-capilar\\\/\"},\"wordCount\":611,\"commentCount\":5,\"publisher\":{\"@id\":\"https:\\\/\\\/riberasalud.com\\\/blog-de-salud\\\/#organization\"},\"image\":{\"@id\":\"https:\\\/\\\/riberasalud.com\\\/blog-de-salud\\\/cuando-crece-el-pelo-tras-un-implante-capilar\\\/#primaryimage\"},\"thumbnailUrl\":\"https:\\\/\\\/riberasalud.com\\\/blog-de-salud\\\/wp-content\\\/uploads\\\/2021\\\/05\\\/man-scratching-his-head.jpg\",\"keywords\":[\"capilar\",\"implante\",\"pelo\",\"trasplante\"],\"articleSection\":[\"Bienestar\"],\"inLanguage\":\"es\",\"potentialAction\":[{\"@type\":\"CommentAction\",\"name\":\"Comment\",\"target\":[\"https:\\\/\\\/riberasalud.com\\\/blog-de-salud\\\/cuando-crece-el-pelo-tras-un-implante-capilar\\\/#respond\"]}]},{\"@type\":\"WebPage\",\"@id\":\"https:\\\/\\\/riberasalud.com\\\/blog-de-salud\\\/cuando-crece-el-pelo-tras-un-implante-capilar\\\/\",\"url\":\"https:\\\/\\\/riberasalud.com\\\/blog-de-salud\\\/cuando-crece-el-pelo-tras-un-implante-capilar\\\/\",\"name\":\"Cu\u00e1ndo crece el pelo tras un implante capilar - Blog de Salud\",\"isPartOf\":{\"@id\":\"https:\\\/\\\/riberasalud.com\\\/blog-de-salud\\\/#website\"},\"primaryImageOfPage\":{\"@id\":\"https:\\\/\\\/riberasalud.com\\\/blog-de-salud\\\/cuando-crece-el-pelo-tras-un-implante-capilar\\\/#primaryimage\"},\"image\":{\"@id\":\"https:\\\/\\\/riberasalud.com\\\/blog-de-salud\\\/cuando-crece-el-pelo-tras-un-implante-capilar\\\/#primaryimage\"},\"thumbnailUrl\":\"https:\\\/\\\/riberasalud.com\\\/blog-de-salud\\\/wp-content\\\/uploads\\\/2021\\\/05\\\/man-scratching-his-head.jpg\",\"datePublished\":\"2021-05-19T17:09:41+00:00\",\"description\":\"Tras un implante capilar, el pelo empieza a crecer en la zona trasplantada a partir del tercer o cuarto mes desde la intervenci\u00f3n\",\"breadcrumb\":{\"@id\":\"https:\\\/\\\/riberasalud.com\\\/blog-de-salud\\\/cuando-crece-el-pelo-tras-un-implante-capilar\\\/#breadcrumb\"},\"inLanguage\":\"es\",\"potentialAction\":[{\"@type\":\"ReadAction\",\"target\":[\"https:\\\/\\\/riberasalud.com\\\/blog-de-salud\\\/cuando-crece-el-pelo-tras-un-implante-capilar\\\/\"]}]},{\"@type\":\"ImageObject\",\"inLanguage\":\"es\",\"@id\":\"https:\\\/\\\/riberasalud.com\\\/blog-de-salud\\\/cuando-crece-el-pelo-tras-un-implante-capilar\\\/#primaryimage\",\"url\":\"https:\\\/\\\/riberasalud.com\\\/blog-de-salud\\\/wp-content\\\/uploads\\\/2021\\\/05\\\/man-scratching-his-head.jpg\",\"contentUrl\":\"https:\\\/\\\/riberasalud.com\\\/blog-de-salud\\\/wp-content\\\/uploads\\\/2021\\\/05\\\/man-scratching-his-head.jpg\",\"width\":1000,\"height\":667,\"caption\":\"capilar\"},{\"@type\":\"BreadcrumbList\",\"@id\":\"https:\\\/\\\/riberasalud.com\\\/blog-de-salud\\\/cuando-crece-el-pelo-tras-un-implante-capilar\\\/#breadcrumb\",\"itemListElement\":[{\"@type\":\"ListItem\",\"position\":1,\"name\":\"Portada\",\"item\":\"https:\\\/\\\/riberasalud.com\\\/blog-de-salud\\\/\"},{\"@type\":\"ListItem\",\"position\":2,\"name\":\"Cu\u00e1ndo crece el pelo tras un implante capilar\"}]},{\"@type\":\"WebSite\",\"@id\":\"https:\\\/\\\/riberasalud.com\\\/blog-de-salud\\\/#website\",\"url\":\"https:\\\/\\\/riberasalud.com\\\/blog-de-salud\\\/\",\"name\":\"Blog de Salud\",\"description\":\"Grupo Ribera\",\"publisher\":{\"@id\":\"https:\\\/\\\/riberasalud.com\\\/blog-de-salud\\\/#organization\"},\"potentialAction\":[{\"@type\":\"SearchAction\",\"target\":{\"@type\":\"EntryPoint\",\"urlTemplate\":\"https:\\\/\\\/riberasalud.com\\\/blog-de-salud\\\/?s={search_term_string}\"},\"query-input\":{\"@type\":\"PropertyValueSpecification\",\"valueRequired\":true,\"valueName\":\"search_term_string\"}}],\"inLanguage\":\"es\"},{\"@type\":\"Organization\",\"@id\":\"https:\\\/\\\/riberasalud.com\\\/blog-de-salud\\\/#organization\",\"name\":\"Blog de Salud\",\"url\":\"https:\\\/\\\/riberasalud.com\\\/blog-de-salud\\\/\",\"logo\":{\"@type\":\"ImageObject\",\"inLanguage\":\"es\",\"@id\":\"https:\\\/\\\/riberasalud.com\\\/blog-de-salud\\\/#\\\/schema\\\/logo\\\/image\\\/\",\"url\":\"https:\\\/\\\/riberasalud.com\\\/blog-de-salud\\\/wp-content\\\/uploads\\\/2022\\\/09\\\/cropped-Logotipo-Red-qgbhgk.png\",\"contentUrl\":\"https:\\\/\\\/riberasalud.com\\\/blog-de-salud\\\/wp-content\\\/uploads\\\/2022\\\/09\\\/cropped-Logotipo-Red-qgbhgk.png\",\"width\":5001,\"height\":1976,\"caption\":\"Blog de Salud\"},\"image\":{\"@id\":\"https:\\\/\\\/riberasalud.com\\\/blog-de-salud\\\/#\\\/schema\\\/logo\\\/image\\\/\"}},{\"@type\":\"Person\",\"@id\":\"https:\\\/\\\/riberasalud.com\\\/blog-de-salud\\\/#\\\/schema\\\/person\\\/1a9d003ba2617ae5a993bd3bf5e8b3a1\",\"name\":\"S0p0rt3\",\"image\":{\"@type\":\"ImageObject\",\"inLanguage\":\"es\",\"@id\":\"https:\\\/\\\/secure.gravatar.com\\\/avatar\\\/e5b3b6b2275d2f0c6e6938ee9e2d59daf6431012b823f7e1394a18a1bc05d7bd?s=96&d=mm&r=g\",\"url\":\"https:\\\/\\\/secure.gravatar.com\\\/avatar\\\/e5b3b6b2275d2f0c6e6938ee9e2d59daf6431012b823f7e1394a18a1bc05d7bd?s=96&d=mm&r=g\",\"contentUrl\":\"https:\\\/\\\/secure.gravatar.com\\\/avatar\\\/e5b3b6b2275d2f0c6e6938ee9e2d59daf6431012b823f7e1394a18a1bc05d7bd?s=96&d=mm&r=g\",\"caption\":\"S0p0rt3\"},\"url\":\"https:\\\/\\\/riberasalud.com\\\/blog-de-salud\\\/author\\\/s0p0rt3\\\/\"}]}<\/script>\n<!-- \/ Yoast SEO plugin. -->","yoast_head_json":{"title":"Cu\u00e1ndo crece el pelo tras un implante capilar - Blog de Salud","description":"Tras un implante capilar, el pelo empieza a crecer en la zona trasplantada a partir del tercer o cuarto mes desde la intervenci\u00f3n","robots":{"index":"index","follow":"follow","max-snippet":"max-snippet:-1","max-image-preview":"max-image-preview:large","max-video-preview":"max-video-preview:-1"},"canonical":"https:\/\/riberasalud.com\/blog-de-salud\/cuando-crece-el-pelo-tras-un-implante-capilar\/","og_locale":"es_ES","og_type":"article","og_title":"Cu\u00e1ndo crece el pelo tras un implante capilar - Blog de Salud","og_description":"Tras un implante capilar, el pelo empieza a crecer en la zona trasplantada a partir del tercer o cuarto mes desde la intervenci\u00f3n","og_url":"https:\/\/riberasalud.com\/blog-de-salud\/cuando-crece-el-pelo-tras-un-implante-capilar\/","og_site_name":"Blog de Salud","article_published_time":"2021-05-19T17:09:41+00:00","og_image":[{"width":1000,"height":667,"url":"https:\/\/riberasalud.com\/blog-de-salud\/wp-content\/uploads\/2021\/05\/man-scratching-his-head.jpg","type":"image\/jpeg"}],"author":"S0p0rt3","twitter_card":"summary_large_image","twitter_misc":{"Escrito por":"S0p0rt3","Tiempo de lectura":"3 minutos"},"schema":{"@context":"https:\/\/schema.org","@graph":[{"@type":"Article","@id":"https:\/\/riberasalud.com\/blog-de-salud\/cuando-crece-el-pelo-tras-un-implante-capilar\/#article","isPartOf":{"@id":"https:\/\/riberasalud.com\/blog-de-salud\/cuando-crece-el-pelo-tras-un-implante-capilar\/"},"author":{"name":"S0p0rt3","@id":"https:\/\/riberasalud.com\/blog-de-salud\/#\/schema\/person\/1a9d003ba2617ae5a993bd3bf5e8b3a1"},"headline":"Cu\u00e1ndo crece el pelo tras un implante capilar","datePublished":"2021-05-19T17:09:41+00:00","mainEntityOfPage":{"@id":"https:\/\/riberasalud.com\/blog-de-salud\/cuando-crece-el-pelo-tras-un-implante-capilar\/"},"wordCount":611,"commentCount":5,"publisher":{"@id":"https:\/\/riberasalud.com\/blog-de-salud\/#organization"},"image":{"@id":"https:\/\/riberasalud.com\/blog-de-salud\/cuando-crece-el-pelo-tras-un-implante-capilar\/#primaryimage"},"thumbnailUrl":"https:\/\/riberasalud.com\/blog-de-salud\/wp-content\/uploads\/2021\/05\/man-scratching-his-head.jpg","keywords":["capilar","implante","pelo","trasplante"],"articleSection":["Bienestar"],"inLanguage":"es","potentialAction":[{"@type":"CommentAction","name":"Comment","target":["https:\/\/riberasalud.com\/blog-de-salud\/cuando-crece-el-pelo-tras-un-implante-capilar\/#respond"]}]},{"@type":"WebPage","@id":"https:\/\/riberasalud.com\/blog-de-salud\/cuando-crece-el-pelo-tras-un-implante-capilar\/","url":"https:\/\/riberasalud.com\/blog-de-salud\/cuando-crece-el-pelo-tras-un-implante-capilar\/","name":"Cu\u00e1ndo crece el pelo tras un implante capilar - Blog de Salud","isPartOf":{"@id":"https:\/\/riberasalud.com\/blog-de-salud\/#website"},"primaryImageOfPage":{"@id":"https:\/\/riberasalud.com\/blog-de-salud\/cuando-crece-el-pelo-tras-un-implante-capilar\/#primaryimage"},"image":{"@id":"https:\/\/riberasalud.com\/blog-de-salud\/cuando-crece-el-pelo-tras-un-implante-capilar\/#primaryimage"},"thumbnailUrl":"https:\/\/riberasalud.com\/blog-de-salud\/wp-content\/uploads\/2021\/05\/man-scratching-his-head.jpg","datePublished":"2021-05-19T17:09:41+00:00","description":"Tras un implante capilar, el pelo empieza a crecer en la zona trasplantada a partir del tercer o cuarto mes desde la intervenci\u00f3n","breadcrumb":{"@id":"https:\/\/riberasalud.com\/blog-de-salud\/cuando-crece-el-pelo-tras-un-implante-capilar\/#breadcrumb"},"inLanguage":"es","potentialAction":[{"@type":"ReadAction","target":["https:\/\/riberasalud.com\/blog-de-salud\/cuando-crece-el-pelo-tras-un-implante-capilar\/"]}]},{"@type":"ImageObject","inLanguage":"es","@id":"https:\/\/riberasalud.com\/blog-de-salud\/cuando-crece-el-pelo-tras-un-implante-capilar\/#primaryimage","url":"https:\/\/riberasalud.com\/blog-de-salud\/wp-content\/uploads\/2021\/05\/man-scratching-his-head.jpg","contentUrl":"https:\/\/riberasalud.com\/blog-de-salud\/wp-content\/uploads\/2021\/05\/man-scratching-his-head.jpg","width":1000,"height":667,"caption":"capilar"},{"@type":"BreadcrumbList","@id":"https:\/\/riberasalud.com\/blog-de-salud\/cuando-crece-el-pelo-tras-un-implante-capilar\/#breadcrumb","itemListElement":[{"@type":"ListItem","position":1,"name":"Portada","item":"https:\/\/riberasalud.com\/blog-de-salud\/"},{"@type":"ListItem","position":2,"name":"Cu\u00e1ndo crece el pelo tras un implante capilar"}]},{"@type":"WebSite","@id":"https:\/\/riberasalud.com\/blog-de-salud\/#website","url":"https:\/\/riberasalud.com\/blog-de-salud\/","name":"Blog de Salud","description":"Grupo Ribera","publisher":{"@id":"https:\/\/riberasalud.com\/blog-de-salud\/#organization"},"potentialAction":[{"@type":"SearchAction","target":{"@type":"EntryPoint","urlTemplate":"https:\/\/riberasalud.com\/blog-de-salud\/?s={search_term_string}"},"query-input":{"@type":"PropertyValueSpecification","valueRequired":true,"valueName":"search_term_string"}}],"inLanguage":"es"},{"@type":"Organization","@id":"https:\/\/riberasalud.com\/blog-de-salud\/#organization","name":"Blog de Salud","url":"https:\/\/riberasalud.com\/blog-de-salud\/","logo":{"@type":"ImageObject","inLanguage":"es","@id":"https:\/\/riberasalud.com\/blog-de-salud\/#\/schema\/logo\/image\/","url":"https:\/\/riberasalud.com\/blog-de-salud\/wp-content\/uploads\/2022\/09\/cropped-Logotipo-Red-qgbhgk.png","contentUrl":"https:\/\/riberasalud.com\/blog-de-salud\/wp-content\/uploads\/2022\/09\/cropped-Logotipo-Red-qgbhgk.png","width":5001,"height":1976,"caption":"Blog de Salud"},"image":{"@id":"https:\/\/riberasalud.com\/blog-de-salud\/#\/schema\/logo\/image\/"}},{"@type":"Person","@id":"https:\/\/riberasalud.com\/blog-de-salud\/#\/schema\/person\/1a9d003ba2617ae5a993bd3bf5e8b3a1","name":"S0p0rt3","image":{"@type":"ImageObject","inLanguage":"es","@id":"https:\/\/secure.gravatar.com\/avatar\/e5b3b6b2275d2f0c6e6938ee9e2d59daf6431012b823f7e1394a18a1bc05d7bd?s=96&d=mm&r=g","url":"https:\/\/secure.gravatar.com\/avatar\/e5b3b6b2275d2f0c6e6938ee9e2d59daf6431012b823f7e1394a18a1bc05d7bd?s=96&d=mm&r=g","contentUrl":"https:\/\/secure.gravatar.com\/avatar\/e5b3b6b2275d2f0c6e6938ee9e2d59daf6431012b823f7e1394a18a1bc05d7bd?s=96&d=mm&r=g","caption":"S0p0rt3"},"url":"https:\/\/riberasalud.com\/blog-de-salud\/author\/s0p0rt3\/"}]}},"_links":{"self":[{"href":"https:\/\/riberasalud.com\/blog-de-salud\/wp-json\/wp\/v2\/posts\/7413","targetHints":{"allow":["GET"]}}],"collection":[{"href":"https:\/\/riberasalud.com\/blog-de-salud\/wp-json\/wp\/v2\/posts"}],"about":[{"href":"https:\/\/riberasalud.com\/blog-de-salud\/wp-json\/wp\/v2\/types\/post"}],"author":[{"embeddable":true,"href":"https:\/\/riberasalud.com\/blog-de-salud\/wp-json\/wp\/v2\/users\/5"}],"replies":[{"embeddable":true,"href":"https:\/\/riberasalud.com\/blog-de-salud\/wp-json\/wp\/v2\/comments?post=7413"}],"version-history":[{"count":0,"href":"https:\/\/riberasalud.com\/blog-de-salud\/wp-json\/wp\/v2\/posts\/7413\/revisions"}],"wp:featuredmedia":[{"embeddable":true,"href":"https:\/\/riberasalud.com\/blog-de-salud\/wp-json\/wp\/v2\/media\/7414"}],"wp:attachment":[{"href":"https:\/\/riberasalud.com\/blog-de-salud\/wp-json\/wp\/v2\/media?parent=7413"}],"wp:term":[{"taxonomy":"category","embeddable":true,"href":"https:\/\/riberasalud.com\/blog-de-salud\/wp-json\/wp\/v2\/categories?post=7413"},{"taxonomy":"post_tag","embeddable":true,"href":"https:\/\/riberasalud.com\/blog-de-salud\/wp-json\/wp\/v2\/tags?post=7413"}],"curies":[{"name":"wp","href":"https:\/\/api.w.org\/{rel}","templated":true}]}}