{"id":7298,"date":"2021-01-06T09:00:30","date_gmt":"2021-01-06T08:00:30","guid":{"rendered":"https:\/\/www.blogdesalud.riberasalud.com\/?p=7298"},"modified":"2021-01-06T09:00:30","modified_gmt":"2021-01-06T08:00:30","slug":"embarazo-en-la-era-covid-emociones-en-positivo","status":"publish","type":"post","link":"https:\/\/riberasalud.com\/blog-de-salud\/embarazo-en-la-era-covid-emociones-en-positivo\/","title":{"rendered":"Embarazo en la era COVID. Emociones en positivo."},"content":{"rendered":"<p class=\"p1\"><span class=\"s1\">Un <b>embarazo<\/b> en la era COVID puede suponer un esfuerzo extra para encauzar nuestras <b>emociones<\/b> y situarlas en el lado positivo que supone dar a luz una nueva vida. Nos levantamos y nos acostamos oyendo palabras como virus, pandemia, COVID, confinamiento, contagio y UCI. Pero no podemos dejar que los problemas que nos rodean condicionen un momento que es \u00fanico en la vida: los meses de preparaci\u00f3n para la llegada de nuestro beb\u00e9 y el momento del parto.<\/span><\/p>\n<p class=\"p1\"><span class=\"s1\">Acabamos de conocer a los primeros beb\u00e9s de 2021. <a href=\"https:\/\/www.hospitaldetorrejon.es\/noticia\/adrian-payo-ramos-primer-bebe-nacido-en-el-hospital-universitario-de-torrejon-en-2021\/321\/\"><span class=\"s2\">Adri\u00e1n<\/span><\/a>, <a href=\"https:\/\/www.vinaloposalud.com\/el-hospital-universitario-del-vinalopo-recibe-al-primer-bebe-del-ano-3\/\"><span class=\"s2\">Derek Ant\u00f3n<\/span><\/a> y <a href=\"https:\/\/www.torrevieja-salud.com\/el-hospital-universitario-de-torrevieja-recibe-al-primer-bebe-del-ano-3\/\"><span class=\"s2\">Marta<\/span><\/a> son los primeros beb\u00e9s nacidos en los hospitales universitarios de Torrej\u00f3n, Vinalop\u00f3 y Torrevieja, del <a href=\"https:\/\/www.riberasalud.com\/\"><span class=\"s2\">grupo sanitario Ribera<\/span><\/a> este nuevo a\u00f1o y todos ellos son <b>beb\u00e9s de la era COVID<\/b>. Su gestaci\u00f3n tuvo lugar durante el confinamiento de la primera ola y el Estado de Alarma y sus mam\u00e1s han vivido un <b>embarazo diferente<\/b>, con un confinamiento y medidas de seguridad extraordinarias, pero no por ello menos ilusionante y motivador. <\/span><\/p>\n<p class=\"p1\"><span class=\"s1\">La mayor\u00eda de las embarazadas vive con alegr\u00eda y emoci\u00f3n la llegada de un hijo y son esas emociones las que las futuras mam\u00e1s tienen que trabajar con su pareja, su familia y los profesionales que vigilan su embarazo. Se trata de una etapa de gran <b>sensibilidad<\/b>, en la que la mayor\u00eda siente y reacciona de forma intensa ante todo tipo de situaciones. <a href=\"https:\/\/youtu.be\/RoySVSjKpTI\"><span class=\"s2\">Elena Revilla<\/span><\/a>, matrona de Ribera en el <a href=\"https:\/\/www.hospitaldetorrejon.es\"><span class=\"s2\">Hospital Universitario de Torrej\u00f3n<\/span><\/a>, lo define como un \u201ccocktail de emociones\u201d en un <a href=\"https:\/\/youtu.be\/RoySVSjKpTI\"><span class=\"s2\">v\u00eddeo<\/span><\/a> muy did\u00e1ctico, que sin duda os recomendamos. \u201cSe trata de una etapa \u00fanica e irrepetible y esta requiere de una preparaci\u00f3n f\u00edsica y psicol\u00f3gica de las madres\u201d, a\u00f1ade.<\/span><\/p>\n<p class=\"p1\"><span class=\"s1\">Nuestra matrona nos da algunos <b>consejos para las futuras mam\u00e1s<\/b> que son de gran utilidad:<\/span><\/p>\n<ol class=\"ol1\">\n<li class=\"li1\"><span class=\"s1\">Centrarse en el momento presente, sin proyectarse m\u00e1s all\u00e1.<\/span><\/li>\n<li class=\"li1\"><span class=\"s1\">Reservar un rato al d\u00eda para conectar con el beb\u00e9 tranquilamente.<\/span><\/li>\n<li class=\"li1\"><span class=\"s1\">Aceptar el cambio que sufre el cuerpo de la mujer, tanto f\u00edsico como emocional.<\/span><\/li>\n<li class=\"li1\"><span class=\"s1\">Dejar de intentar controlar lo que no podemos controlar, como el desarrollo del embarazo y el parto. Si no, puede generarse una rigidez y tensi\u00f3n emocional, que es la base para futuras frustraciones.<\/span><\/li>\n<li class=\"li1\"><span class=\"s1\">Estar bien informadas, pero tambi\u00e9n abiertas a caminos nuevos y opciones que nos planteen los profesionales que cuidan de la mam\u00e1 y el beb\u00e9.<\/span><\/li>\n<\/ol>\n<p class=\"p1\"><span class=\"s1\">Para Elena Revilla, es muy importante confiar en el poder femenino. \u201cLa mujer sabe c\u00f3mo parir, siempre lo ha sabido\u201d. Y bajo esa premisa, anima a las mujeres a \u201cvivir con normalidad una experiencia y unas emociones que son totalmente naturales\u201d y que matronas y obstetras ayudan a canalizar siempre en la mejor direcci\u00f3n, en beneficio de la salud f\u00edsica y emocional de la madre y el beb\u00e9.<\/span><\/p>\n<p class=\"p1\"><span class=\"s1\">Porque s\u00ed. Estamos en medio de una pandemia mundial. Pero los hospitales en general y los del grupo sanitario Ribera en particular, est\u00e1n perfectamente <b>preparados para atender a las futuras mam\u00e1s y sus beb\u00e9s en tiempos de COVID<\/b>. <a href=\"https:\/\/youtu.be\/r9CaXV3r71w\"><span class=\"s2\">Irene Fern\u00e1ndez<\/span><\/a>, obstetra del Hospital Universitario de Torrej\u00f3n, asegura que este centro, como todos los del grupo, \u201ccuenta con <b>protocolos<\/b> para hacer del hospital un <b>entorno seguro<\/b>\u201d. \u201cHemos priorizado las consultas con ecograf\u00edas como presenciales y el resto, salvo excepciones, se hacen telef\u00f3nicamente para reducir el riesgo de contagio\u201d, explica. Y recomienda a las embarazadas que cuando vayan al hospital acudan con una mascarilla de alta protecci\u00f3n, gel e intenten tocar pocas superficies. Incluso a las consultas del embarazo se permite que la embarazada acuda con un acompa\u00f1ante, que deber\u00e1 cumplir con las mismas medidas de seguridad e higiene. <\/span><\/p>\n<p class=\"p1\"><span class=\"s1\">El grupo Ribera ha preparado una serie de <a href=\"https:\/\/sermama.riberasalud.com\/conoce_nuestro_paritorio_torrejon\/\"><span class=\"s2\"><b>v\u00eddeos did\u00e1cticos<\/b><\/span><\/a> a trav\u00e9s de su canal <a href=\"https:\/\/sermama.riberasalud.com\/\"><span class=\"s2\">Ser Mam\u00e1<\/span><\/a>, para las mujeres embarazadas en tiempos de COVID, con el fin de explicarles los protocolos y pasos que afrontar\u00e1n en las visitas a las consultas y tambi\u00e9n en el momento del parto, tanto si son positivo en COVID como si no lo son. Puedes acceder a estos v\u00eddeos <a href=\"https:\/\/sermama.riberasalud.com\/conoce_nuestro_paritorio_torrejon\/\"><span class=\"s2\">aqu\u00ed<\/span><\/a>.<\/span><\/p>\n<p class=\"p1\"><span class=\"s1\">En los hospitales del grupo Ribera, se cuida f\u00edsica y emocionalmente a las madres durante el embarazo y el parto. Y es por eso que incluso para las pacientes que dan positivo en COVID en el momento del parto se ha previsto un protocolo que <b>permite<\/b> estar con ellas a un <b>acompa\u00f1ante<\/b>, que suele ser su pareja, y por supuesto, el beb\u00e9 permanece con la madre todo el tiempo, salvo que por motivos m\u00e9dicos no sea posible. Solo en el caso de ces\u00e1rea, la pareja deber\u00e1 esperar fuera del quir\u00f3fano. Y cuando el beb\u00e9 nace, siguiendo siempre nuestros programas de <a href=\"https:\/\/www.hospitaldetorrejon.es\/especialidad-interna\/programa-de-parto-respetado\/4\/34\/\"><span class=\"s2\">Parto Respetado<\/span><\/a>, se facilita el <b>piel con piel<\/b>, llevando a cabo las medidas de higiene y seguridad necesarias para reducir el riesgo de contagio del peque\u00f1o, que se aplican tambi\u00e9n para facilitar la lactancia materna en el caso de que la madre as\u00ed lo desee. <a href=\"https:\/\/youtu.be\/kwMj2E3Wi0g\"><span class=\"s2\">Beatriz Repullo<\/span><\/a>, tambi\u00e9n matrona en el Hospital de Torrej\u00f3n, asegura que no se ha reconocido virus en la leche materna y los especialistas recomiendan la lactancia, incluso aunque la madre haya dado positivo, porque aseguran que ayuda a prevenir el contagio al beb\u00e9.<\/span><\/p>\n<p class=\"p1\"><span class=\"s1\">El objetivo de todos los profesionales del grupo Ribera es que las madres y los beb\u00e9s est\u00e9n sanos y seguros. Y que las mam\u00e1s est\u00e9n c\u00f3modas y tranquilas, confiadas en que el nacimiento de su beb\u00e9 y su recuperaci\u00f3n ser\u00e1 satisfactoria y que comienzan en ese momento una nueva y apasionante vida juntos.<\/span><\/p>\n","protected":false},"excerpt":{"rendered":"<p>Un embarazo en la era COVID puede suponer un esfuerzo &#8230; <a title=\"Embarazo en la era COVID. Emociones en positivo.\" class=\"read-more\" href=\"https:\/\/riberasalud.com\/blog-de-salud\/embarazo-en-la-era-covid-emociones-en-positivo\/\" aria-label=\"Leer m\u00e1s sobre Embarazo en la era COVID. Emociones en positivo.\">Leer m\u00e1s<\/a><\/p>\n","protected":false},"author":5,"featured_media":7299,"comment_status":"open","ping_status":"open","sticky":false,"template":"","format":"standard","meta":{"_mi_skip_tracking":false,"footnotes":""},"categories":[616],"tags":[1326,1268,127,1319,129,1315],"class_list":["post-7298","post","type-post","status-publish","format-standard","has-post-thumbnail","hentry","category-bienestar","tag-bebes","tag-covid","tag-embarazo","tag-grupo-ribera","tag-parto","tag-parto-respetado","generate-columns","tablet-grid-50","mobile-grid-100","grid-parent","grid-33"],"yoast_head":"<!-- This site is optimized with the Yoast SEO plugin v27.4 - https:\/\/yoast.com\/product\/yoast-seo-wordpress\/ -->\n<title>Embarazo en la era COVID. Emociones en positivo. - Blog de Salud<\/title>\n<meta name=\"description\" content=\"Un embarazo en la era COVID puede suponer un esfuerzo extra para encauzar nuestras emociones y situarlas en el lado positivo que supone dar a luz una nueva vida. Nos levantamos y nos acostamos oyendo palabras como virus, pandemia, COVID, confinamiento, contagio y UCI.\" \/>\n<meta name=\"robots\" content=\"index, follow, max-snippet:-1, max-image-preview:large, max-video-preview:-1\" \/>\n<link rel=\"canonical\" href=\"https:\/\/riberasalud.com\/blog-de-salud\/embarazo-en-la-era-covid-emociones-en-positivo\/\" \/>\n<meta property=\"og:locale\" content=\"es_ES\" \/>\n<meta property=\"og:type\" content=\"article\" \/>\n<meta property=\"og:title\" content=\"Embarazo en la era COVID. Emociones en positivo. - Blog de Salud\" \/>\n<meta property=\"og:description\" content=\"Un embarazo en la era COVID puede suponer un esfuerzo extra para encauzar nuestras emociones y situarlas en el lado positivo que supone dar a luz una nueva vida. Nos levantamos y nos acostamos oyendo palabras como virus, pandemia, COVID, confinamiento, contagio y UCI.\" \/>\n<meta property=\"og:url\" content=\"https:\/\/riberasalud.com\/blog-de-salud\/embarazo-en-la-era-covid-emociones-en-positivo\/\" \/>\n<meta property=\"og:site_name\" content=\"Blog de Salud\" \/>\n<meta property=\"article:published_time\" content=\"2021-01-06T08:00:30+00:00\" \/>\n<meta property=\"og:image\" content=\"https:\/\/riberasalud.com\/blog-de-salud\/wp-content\/uploads\/2021\/01\/strain-of-abdominal-muscles-during-pregnancy-preterm-labor-and-pregnant-women-health.jpg\" \/>\n\t<meta property=\"og:image:width\" content=\"900\" \/>\n\t<meta property=\"og:image:height\" content=\"600\" \/>\n\t<meta property=\"og:image:type\" content=\"image\/jpeg\" \/>\n<meta name=\"author\" content=\"S0p0rt3\" \/>\n<meta name=\"twitter:card\" content=\"summary_large_image\" \/>\n<meta name=\"twitter:label1\" content=\"Escrito por\" \/>\n\t<meta name=\"twitter:data1\" content=\"S0p0rt3\" \/>\n\t<meta name=\"twitter:label2\" content=\"Tiempo de lectura\" \/>\n\t<meta name=\"twitter:data2\" content=\"5 minutos\" \/>\n<script type=\"application\/ld+json\" class=\"yoast-schema-graph\">{\"@context\":\"https:\\\/\\\/schema.org\",\"@graph\":[{\"@type\":\"Article\",\"@id\":\"https:\\\/\\\/riberasalud.com\\\/blog-de-salud\\\/embarazo-en-la-era-covid-emociones-en-positivo\\\/#article\",\"isPartOf\":{\"@id\":\"https:\\\/\\\/riberasalud.com\\\/blog-de-salud\\\/embarazo-en-la-era-covid-emociones-en-positivo\\\/\"},\"author\":{\"name\":\"S0p0rt3\",\"@id\":\"https:\\\/\\\/riberasalud.com\\\/blog-de-salud\\\/#\\\/schema\\\/person\\\/1a9d003ba2617ae5a993bd3bf5e8b3a1\"},\"headline\":\"Embarazo en la era COVID. Emociones en positivo.\",\"datePublished\":\"2021-01-06T08:00:30+00:00\",\"mainEntityOfPage\":{\"@id\":\"https:\\\/\\\/riberasalud.com\\\/blog-de-salud\\\/embarazo-en-la-era-covid-emociones-en-positivo\\\/\"},\"wordCount\":960,\"commentCount\":0,\"publisher\":{\"@id\":\"https:\\\/\\\/riberasalud.com\\\/blog-de-salud\\\/#organization\"},\"image\":{\"@id\":\"https:\\\/\\\/riberasalud.com\\\/blog-de-salud\\\/embarazo-en-la-era-covid-emociones-en-positivo\\\/#primaryimage\"},\"thumbnailUrl\":\"https:\\\/\\\/riberasalud.com\\\/blog-de-salud\\\/wp-content\\\/uploads\\\/2021\\\/01\\\/strain-of-abdominal-muscles-during-pregnancy-preterm-labor-and-pregnant-women-health.jpg\",\"keywords\":[\"bebes\",\"covid\",\"embarazo\",\"grupo Ribera\",\"parto\",\"parto respetado\"],\"articleSection\":[\"Bienestar\"],\"inLanguage\":\"es\",\"potentialAction\":[{\"@type\":\"CommentAction\",\"name\":\"Comment\",\"target\":[\"https:\\\/\\\/riberasalud.com\\\/blog-de-salud\\\/embarazo-en-la-era-covid-emociones-en-positivo\\\/#respond\"]}]},{\"@type\":\"WebPage\",\"@id\":\"https:\\\/\\\/riberasalud.com\\\/blog-de-salud\\\/embarazo-en-la-era-covid-emociones-en-positivo\\\/\",\"url\":\"https:\\\/\\\/riberasalud.com\\\/blog-de-salud\\\/embarazo-en-la-era-covid-emociones-en-positivo\\\/\",\"name\":\"Embarazo en la era COVID. Emociones en positivo. - Blog de Salud\",\"isPartOf\":{\"@id\":\"https:\\\/\\\/riberasalud.com\\\/blog-de-salud\\\/#website\"},\"primaryImageOfPage\":{\"@id\":\"https:\\\/\\\/riberasalud.com\\\/blog-de-salud\\\/embarazo-en-la-era-covid-emociones-en-positivo\\\/#primaryimage\"},\"image\":{\"@id\":\"https:\\\/\\\/riberasalud.com\\\/blog-de-salud\\\/embarazo-en-la-era-covid-emociones-en-positivo\\\/#primaryimage\"},\"thumbnailUrl\":\"https:\\\/\\\/riberasalud.com\\\/blog-de-salud\\\/wp-content\\\/uploads\\\/2021\\\/01\\\/strain-of-abdominal-muscles-during-pregnancy-preterm-labor-and-pregnant-women-health.jpg\",\"datePublished\":\"2021-01-06T08:00:30+00:00\",\"description\":\"Un embarazo en la era COVID puede suponer un esfuerzo extra para encauzar nuestras emociones y situarlas en el lado positivo que supone dar a luz una nueva vida. Nos levantamos y nos acostamos oyendo palabras como virus, pandemia, COVID, confinamiento, contagio y UCI.\",\"breadcrumb\":{\"@id\":\"https:\\\/\\\/riberasalud.com\\\/blog-de-salud\\\/embarazo-en-la-era-covid-emociones-en-positivo\\\/#breadcrumb\"},\"inLanguage\":\"es\",\"potentialAction\":[{\"@type\":\"ReadAction\",\"target\":[\"https:\\\/\\\/riberasalud.com\\\/blog-de-salud\\\/embarazo-en-la-era-covid-emociones-en-positivo\\\/\"]}]},{\"@type\":\"ImageObject\",\"inLanguage\":\"es\",\"@id\":\"https:\\\/\\\/riberasalud.com\\\/blog-de-salud\\\/embarazo-en-la-era-covid-emociones-en-positivo\\\/#primaryimage\",\"url\":\"https:\\\/\\\/riberasalud.com\\\/blog-de-salud\\\/wp-content\\\/uploads\\\/2021\\\/01\\\/strain-of-abdominal-muscles-during-pregnancy-preterm-labor-and-pregnant-women-health.jpg\",\"contentUrl\":\"https:\\\/\\\/riberasalud.com\\\/blog-de-salud\\\/wp-content\\\/uploads\\\/2021\\\/01\\\/strain-of-abdominal-muscles-during-pregnancy-preterm-labor-and-pregnant-women-health.jpg\",\"width\":900,\"height\":600,\"caption\":\"Strain of abdominal muscles during pregnancy, Preterm labor and pregnant women health concept\"},{\"@type\":\"BreadcrumbList\",\"@id\":\"https:\\\/\\\/riberasalud.com\\\/blog-de-salud\\\/embarazo-en-la-era-covid-emociones-en-positivo\\\/#breadcrumb\",\"itemListElement\":[{\"@type\":\"ListItem\",\"position\":1,\"name\":\"Portada\",\"item\":\"https:\\\/\\\/riberasalud.com\\\/blog-de-salud\\\/\"},{\"@type\":\"ListItem\",\"position\":2,\"name\":\"Embarazo en la era COVID. Emociones en positivo.\"}]},{\"@type\":\"WebSite\",\"@id\":\"https:\\\/\\\/riberasalud.com\\\/blog-de-salud\\\/#website\",\"url\":\"https:\\\/\\\/riberasalud.com\\\/blog-de-salud\\\/\",\"name\":\"Blog de Salud\",\"description\":\"Grupo Ribera\",\"publisher\":{\"@id\":\"https:\\\/\\\/riberasalud.com\\\/blog-de-salud\\\/#organization\"},\"potentialAction\":[{\"@type\":\"SearchAction\",\"target\":{\"@type\":\"EntryPoint\",\"urlTemplate\":\"https:\\\/\\\/riberasalud.com\\\/blog-de-salud\\\/?s={search_term_string}\"},\"query-input\":{\"@type\":\"PropertyValueSpecification\",\"valueRequired\":true,\"valueName\":\"search_term_string\"}}],\"inLanguage\":\"es\"},{\"@type\":\"Organization\",\"@id\":\"https:\\\/\\\/riberasalud.com\\\/blog-de-salud\\\/#organization\",\"name\":\"Blog de Salud\",\"url\":\"https:\\\/\\\/riberasalud.com\\\/blog-de-salud\\\/\",\"logo\":{\"@type\":\"ImageObject\",\"inLanguage\":\"es\",\"@id\":\"https:\\\/\\\/riberasalud.com\\\/blog-de-salud\\\/#\\\/schema\\\/logo\\\/image\\\/\",\"url\":\"https:\\\/\\\/riberasalud.com\\\/blog-de-salud\\\/wp-content\\\/uploads\\\/2022\\\/09\\\/cropped-Logotipo-Red-qgbhgk.png\",\"contentUrl\":\"https:\\\/\\\/riberasalud.com\\\/blog-de-salud\\\/wp-content\\\/uploads\\\/2022\\\/09\\\/cropped-Logotipo-Red-qgbhgk.png\",\"width\":5001,\"height\":1976,\"caption\":\"Blog de Salud\"},\"image\":{\"@id\":\"https:\\\/\\\/riberasalud.com\\\/blog-de-salud\\\/#\\\/schema\\\/logo\\\/image\\\/\"}},{\"@type\":\"Person\",\"@id\":\"https:\\\/\\\/riberasalud.com\\\/blog-de-salud\\\/#\\\/schema\\\/person\\\/1a9d003ba2617ae5a993bd3bf5e8b3a1\",\"name\":\"S0p0rt3\",\"image\":{\"@type\":\"ImageObject\",\"inLanguage\":\"es\",\"@id\":\"https:\\\/\\\/secure.gravatar.com\\\/avatar\\\/e5b3b6b2275d2f0c6e6938ee9e2d59daf6431012b823f7e1394a18a1bc05d7bd?s=96&d=mm&r=g\",\"url\":\"https:\\\/\\\/secure.gravatar.com\\\/avatar\\\/e5b3b6b2275d2f0c6e6938ee9e2d59daf6431012b823f7e1394a18a1bc05d7bd?s=96&d=mm&r=g\",\"contentUrl\":\"https:\\\/\\\/secure.gravatar.com\\\/avatar\\\/e5b3b6b2275d2f0c6e6938ee9e2d59daf6431012b823f7e1394a18a1bc05d7bd?s=96&d=mm&r=g\",\"caption\":\"S0p0rt3\"},\"url\":\"https:\\\/\\\/riberasalud.com\\\/blog-de-salud\\\/author\\\/s0p0rt3\\\/\"}]}<\/script>\n<!-- \/ Yoast SEO plugin. -->","yoast_head_json":{"title":"Embarazo en la era COVID. Emociones en positivo. - Blog de Salud","description":"Un embarazo en la era COVID puede suponer un esfuerzo extra para encauzar nuestras emociones y situarlas en el lado positivo que supone dar a luz una nueva vida. Nos levantamos y nos acostamos oyendo palabras como virus, pandemia, COVID, confinamiento, contagio y UCI.","robots":{"index":"index","follow":"follow","max-snippet":"max-snippet:-1","max-image-preview":"max-image-preview:large","max-video-preview":"max-video-preview:-1"},"canonical":"https:\/\/riberasalud.com\/blog-de-salud\/embarazo-en-la-era-covid-emociones-en-positivo\/","og_locale":"es_ES","og_type":"article","og_title":"Embarazo en la era COVID. Emociones en positivo. - Blog de Salud","og_description":"Un embarazo en la era COVID puede suponer un esfuerzo extra para encauzar nuestras emociones y situarlas en el lado positivo que supone dar a luz una nueva vida. Nos levantamos y nos acostamos oyendo palabras como virus, pandemia, COVID, confinamiento, contagio y UCI.","og_url":"https:\/\/riberasalud.com\/blog-de-salud\/embarazo-en-la-era-covid-emociones-en-positivo\/","og_site_name":"Blog de Salud","article_published_time":"2021-01-06T08:00:30+00:00","og_image":[{"width":900,"height":600,"url":"https:\/\/riberasalud.com\/blog-de-salud\/wp-content\/uploads\/2021\/01\/strain-of-abdominal-muscles-during-pregnancy-preterm-labor-and-pregnant-women-health.jpg","type":"image\/jpeg"}],"author":"S0p0rt3","twitter_card":"summary_large_image","twitter_misc":{"Escrito por":"S0p0rt3","Tiempo de lectura":"5 minutos"},"schema":{"@context":"https:\/\/schema.org","@graph":[{"@type":"Article","@id":"https:\/\/riberasalud.com\/blog-de-salud\/embarazo-en-la-era-covid-emociones-en-positivo\/#article","isPartOf":{"@id":"https:\/\/riberasalud.com\/blog-de-salud\/embarazo-en-la-era-covid-emociones-en-positivo\/"},"author":{"name":"S0p0rt3","@id":"https:\/\/riberasalud.com\/blog-de-salud\/#\/schema\/person\/1a9d003ba2617ae5a993bd3bf5e8b3a1"},"headline":"Embarazo en la era COVID. Emociones en positivo.","datePublished":"2021-01-06T08:00:30+00:00","mainEntityOfPage":{"@id":"https:\/\/riberasalud.com\/blog-de-salud\/embarazo-en-la-era-covid-emociones-en-positivo\/"},"wordCount":960,"commentCount":0,"publisher":{"@id":"https:\/\/riberasalud.com\/blog-de-salud\/#organization"},"image":{"@id":"https:\/\/riberasalud.com\/blog-de-salud\/embarazo-en-la-era-covid-emociones-en-positivo\/#primaryimage"},"thumbnailUrl":"https:\/\/riberasalud.com\/blog-de-salud\/wp-content\/uploads\/2021\/01\/strain-of-abdominal-muscles-during-pregnancy-preterm-labor-and-pregnant-women-health.jpg","keywords":["bebes","covid","embarazo","grupo Ribera","parto","parto respetado"],"articleSection":["Bienestar"],"inLanguage":"es","potentialAction":[{"@type":"CommentAction","name":"Comment","target":["https:\/\/riberasalud.com\/blog-de-salud\/embarazo-en-la-era-covid-emociones-en-positivo\/#respond"]}]},{"@type":"WebPage","@id":"https:\/\/riberasalud.com\/blog-de-salud\/embarazo-en-la-era-covid-emociones-en-positivo\/","url":"https:\/\/riberasalud.com\/blog-de-salud\/embarazo-en-la-era-covid-emociones-en-positivo\/","name":"Embarazo en la era COVID. Emociones en positivo. - Blog de Salud","isPartOf":{"@id":"https:\/\/riberasalud.com\/blog-de-salud\/#website"},"primaryImageOfPage":{"@id":"https:\/\/riberasalud.com\/blog-de-salud\/embarazo-en-la-era-covid-emociones-en-positivo\/#primaryimage"},"image":{"@id":"https:\/\/riberasalud.com\/blog-de-salud\/embarazo-en-la-era-covid-emociones-en-positivo\/#primaryimage"},"thumbnailUrl":"https:\/\/riberasalud.com\/blog-de-salud\/wp-content\/uploads\/2021\/01\/strain-of-abdominal-muscles-during-pregnancy-preterm-labor-and-pregnant-women-health.jpg","datePublished":"2021-01-06T08:00:30+00:00","description":"Un embarazo en la era COVID puede suponer un esfuerzo extra para encauzar nuestras emociones y situarlas en el lado positivo que supone dar a luz una nueva vida. Nos levantamos y nos acostamos oyendo palabras como virus, pandemia, COVID, confinamiento, contagio y UCI.","breadcrumb":{"@id":"https:\/\/riberasalud.com\/blog-de-salud\/embarazo-en-la-era-covid-emociones-en-positivo\/#breadcrumb"},"inLanguage":"es","potentialAction":[{"@type":"ReadAction","target":["https:\/\/riberasalud.com\/blog-de-salud\/embarazo-en-la-era-covid-emociones-en-positivo\/"]}]},{"@type":"ImageObject","inLanguage":"es","@id":"https:\/\/riberasalud.com\/blog-de-salud\/embarazo-en-la-era-covid-emociones-en-positivo\/#primaryimage","url":"https:\/\/riberasalud.com\/blog-de-salud\/wp-content\/uploads\/2021\/01\/strain-of-abdominal-muscles-during-pregnancy-preterm-labor-and-pregnant-women-health.jpg","contentUrl":"https:\/\/riberasalud.com\/blog-de-salud\/wp-content\/uploads\/2021\/01\/strain-of-abdominal-muscles-during-pregnancy-preterm-labor-and-pregnant-women-health.jpg","width":900,"height":600,"caption":"Strain of abdominal muscles during pregnancy, Preterm labor and pregnant women health concept"},{"@type":"BreadcrumbList","@id":"https:\/\/riberasalud.com\/blog-de-salud\/embarazo-en-la-era-covid-emociones-en-positivo\/#breadcrumb","itemListElement":[{"@type":"ListItem","position":1,"name":"Portada","item":"https:\/\/riberasalud.com\/blog-de-salud\/"},{"@type":"ListItem","position":2,"name":"Embarazo en la era COVID. Emociones en positivo."}]},{"@type":"WebSite","@id":"https:\/\/riberasalud.com\/blog-de-salud\/#website","url":"https:\/\/riberasalud.com\/blog-de-salud\/","name":"Blog de Salud","description":"Grupo Ribera","publisher":{"@id":"https:\/\/riberasalud.com\/blog-de-salud\/#organization"},"potentialAction":[{"@type":"SearchAction","target":{"@type":"EntryPoint","urlTemplate":"https:\/\/riberasalud.com\/blog-de-salud\/?s={search_term_string}"},"query-input":{"@type":"PropertyValueSpecification","valueRequired":true,"valueName":"search_term_string"}}],"inLanguage":"es"},{"@type":"Organization","@id":"https:\/\/riberasalud.com\/blog-de-salud\/#organization","name":"Blog de Salud","url":"https:\/\/riberasalud.com\/blog-de-salud\/","logo":{"@type":"ImageObject","inLanguage":"es","@id":"https:\/\/riberasalud.com\/blog-de-salud\/#\/schema\/logo\/image\/","url":"https:\/\/riberasalud.com\/blog-de-salud\/wp-content\/uploads\/2022\/09\/cropped-Logotipo-Red-qgbhgk.png","contentUrl":"https:\/\/riberasalud.com\/blog-de-salud\/wp-content\/uploads\/2022\/09\/cropped-Logotipo-Red-qgbhgk.png","width":5001,"height":1976,"caption":"Blog de Salud"},"image":{"@id":"https:\/\/riberasalud.com\/blog-de-salud\/#\/schema\/logo\/image\/"}},{"@type":"Person","@id":"https:\/\/riberasalud.com\/blog-de-salud\/#\/schema\/person\/1a9d003ba2617ae5a993bd3bf5e8b3a1","name":"S0p0rt3","image":{"@type":"ImageObject","inLanguage":"es","@id":"https:\/\/secure.gravatar.com\/avatar\/e5b3b6b2275d2f0c6e6938ee9e2d59daf6431012b823f7e1394a18a1bc05d7bd?s=96&d=mm&r=g","url":"https:\/\/secure.gravatar.com\/avatar\/e5b3b6b2275d2f0c6e6938ee9e2d59daf6431012b823f7e1394a18a1bc05d7bd?s=96&d=mm&r=g","contentUrl":"https:\/\/secure.gravatar.com\/avatar\/e5b3b6b2275d2f0c6e6938ee9e2d59daf6431012b823f7e1394a18a1bc05d7bd?s=96&d=mm&r=g","caption":"S0p0rt3"},"url":"https:\/\/riberasalud.com\/blog-de-salud\/author\/s0p0rt3\/"}]}},"_links":{"self":[{"href":"https:\/\/riberasalud.com\/blog-de-salud\/wp-json\/wp\/v2\/posts\/7298","targetHints":{"allow":["GET"]}}],"collection":[{"href":"https:\/\/riberasalud.com\/blog-de-salud\/wp-json\/wp\/v2\/posts"}],"about":[{"href":"https:\/\/riberasalud.com\/blog-de-salud\/wp-json\/wp\/v2\/types\/post"}],"author":[{"embeddable":true,"href":"https:\/\/riberasalud.com\/blog-de-salud\/wp-json\/wp\/v2\/users\/5"}],"replies":[{"embeddable":true,"href":"https:\/\/riberasalud.com\/blog-de-salud\/wp-json\/wp\/v2\/comments?post=7298"}],"version-history":[{"count":0,"href":"https:\/\/riberasalud.com\/blog-de-salud\/wp-json\/wp\/v2\/posts\/7298\/revisions"}],"wp:featuredmedia":[{"embeddable":true,"href":"https:\/\/riberasalud.com\/blog-de-salud\/wp-json\/wp\/v2\/media\/7299"}],"wp:attachment":[{"href":"https:\/\/riberasalud.com\/blog-de-salud\/wp-json\/wp\/v2\/media?parent=7298"}],"wp:term":[{"taxonomy":"category","embeddable":true,"href":"https:\/\/riberasalud.com\/blog-de-salud\/wp-json\/wp\/v2\/categories?post=7298"},{"taxonomy":"post_tag","embeddable":true,"href":"https:\/\/riberasalud.com\/blog-de-salud\/wp-json\/wp\/v2\/tags?post=7298"}],"curies":[{"name":"wp","href":"https:\/\/api.w.org\/{rel}","templated":true}]}}