{"id":570,"date":"2011-08-25T18:38:11","date_gmt":"2011-08-25T18:38:11","guid":{"rendered":"http:\/\/www.blogdesalud.riberasalud.com\/?p=570"},"modified":"2011-08-25T18:38:11","modified_gmt":"2011-08-25T18:38:11","slug":"la-salud-de-nuestros-oidos-en-verano","status":"publish","type":"post","link":"https:\/\/riberasalud.com\/blog-de-salud\/la-salud-de-nuestros-oidos-en-verano\/","title":{"rendered":"La salud de nuestros o\u00eddos en verano"},"content":{"rendered":"<p>El <strong>departamento de <\/strong><strong>Otorrinolaringolog\u00eda<\/strong> del <strong>Hospital de Torrevieja<\/strong> alerta de las atenciones que hay que prestarle a nuestros o\u00eddos especialmente en verano. Y es que ,desafortunadamente en esta \u00e9poca son frecuentes las <strong>otitis y otras infecciones en nuestros o\u00eddos<\/strong>.<\/p>\n<p><strong>Los ba\u00f1os<\/strong> tanto en la playa como en piscina y el <strong>aire h\u00famedo<\/strong> que abunda en las zonas costeras contribuyen a que especialmente los peque\u00f1os sufran <strong>infecciones en sus o\u00eddos<\/strong>. Y es que el <strong>60%<\/strong> de los casos atendidos corresponde a ni\u00f1os de entre <strong>2 y 12 a\u00f1os<\/strong>, \u00e9stos adem\u00e1s poseen un conducto auditivo m\u00e1s peque\u00f1o que les produce fiebre e inflamaci\u00f3n de la piel.<\/p>\n<p>La com\u00fanmente llamada otitis es una <strong>inflamaci\u00f3n del o\u00eddo<\/strong> que afecta al conducto auditivo externo, el tubo que va desde el t\u00edmpano hasta la oreja. Esta otitis es tambi\u00e9n conocida como \u201co\u00eddo de nadador\u201d y <strong>afecta tanto a ni\u00f1os como a adultos<\/strong>. Su \u00a0desarrollo se ve favorecido por la humedad, la excesiva limpieza del o\u00eddo, la manipulaci\u00f3n con bastoncillos u otros instrumentos, heridas en el conducto, el contacto con sustancias qu\u00edmicas irritantes como sprays de pelo, tintes y problemas de la piel del canal como eczema o dermatitis. <strong>Los pacientes diab\u00e9ticos <\/strong>y con otras enfermedades, que producen una <strong>disminuci\u00f3n de las defensas<\/strong>, tienen m\u00e1s posibilidades de desarrollar este tipo de infecciones<strong>.<\/strong><\/p>\n<p>Para la Dra. <strong>Marta Arroyo<\/strong>, especialista en otorrinolaringolog\u00eda y Jefe de Servicio del Hospital de Torrevieja, indica \u00a0la importancia de realizar una <strong>labor de preventiva para evitar este tipo de patolog\u00edas<\/strong>, por ello, alega que <em>\u201cd<\/em><em>ebe evitarse la manipulaci\u00f3n de los o\u00eddos con bastoncillos, prescindir de ba\u00f1os en zonas contaminadas, no realizar el lavado frecuente de los o\u00eddos con jab\u00f3n y mantenerlos secos cuando sea necesario. As\u00ed, se pueden utilizar tapones de o\u00eddos para el ba\u00f1o, o bien secar el o\u00eddo despu\u00e9s del ba\u00f1o con una toalla o inclinando la cabeza a un lado, e incluso, utilizando un secador de pelo con aire templado\u201d.<\/em><\/p>\n<p>Varios son los g\u00e9rmenes que provocan la otitis, \u00e9stos crecen en la piel del conducto auditivo externo, lo que provoca una inflamaci\u00f3n con dolor intenso, sensaci\u00f3n de taponamiento y sordera. Para <strong>tratar<\/strong> este tipo de infecciones, debemos tener un componente <strong>analg\u00e9sico<\/strong> para frenar el dolor, y un <strong>antibi\u00f3tico t\u00f3pico<\/strong> aplicado dentro del o\u00eddo con el fin de erradicar la infecci\u00f3n. En los casos m\u00e1s leves con gotas t\u00f3picas con \u00e1cido ac\u00e9tico o compuestos b\u00f3ricos ser\u00e1 suficiente, sin embargo en otros casos, el m\u00e9dico le recomendar\u00e1 compuestos con antibi\u00f3ticos con o sin corticoides.<\/p>\n<p>Otra recomendaci\u00f3n es que si contraemos la infecci\u00f3n \u00a0durante al menos una semana, evitemos el contacto de los o\u00eddos con el agua, para as\u00ed garantizar una \u00f3ptima recuperaci\u00f3n.<\/p>\n","protected":false},"excerpt":{"rendered":"<p>El departamento de Otorrinolaringolog\u00eda del Hospital de Torrevieja alerta de &#8230; <a title=\"La salud de nuestros o\u00eddos en verano\" class=\"read-more\" href=\"https:\/\/riberasalud.com\/blog-de-salud\/la-salud-de-nuestros-oidos-en-verano\/\" aria-label=\"Leer m\u00e1s sobre La salud de nuestros o\u00eddos en verano\">Leer m\u00e1s<\/a><\/p>\n","protected":false},"author":5,"featured_media":571,"comment_status":"closed","ping_status":"open","sticky":false,"template":"","format":"standard","meta":{"_mi_skip_tracking":false,"footnotes":""},"categories":[8],"tags":[38,613,614,615],"class_list":["post-570","post","type-post","status-publish","format-standard","has-post-thumbnail","hentry","category-sin-categorizar","tag-hospital-de-torrevieja","tag-infecciones-oido","tag-otitis","tag-salud-auditiva","generate-columns","tablet-grid-50","mobile-grid-100","grid-parent","grid-33"],"yoast_head":"<!-- This site is optimized with the Yoast SEO plugin v27.4 - https:\/\/yoast.com\/product\/yoast-seo-wordpress\/ -->\n<title>La salud de nuestros o\u00eddos en verano - Blog de Salud<\/title>\n<meta name=\"robots\" content=\"index, follow, max-snippet:-1, max-image-preview:large, max-video-preview:-1\" \/>\n<link rel=\"canonical\" href=\"https:\/\/riberasalud.com\/blog-de-salud\/la-salud-de-nuestros-oidos-en-verano\/\" \/>\n<meta property=\"og:locale\" content=\"es_ES\" \/>\n<meta property=\"og:type\" content=\"article\" \/>\n<meta property=\"og:title\" content=\"La salud de nuestros o\u00eddos en verano - Blog de Salud\" \/>\n<meta property=\"og:description\" content=\"El departamento de Otorrinolaringolog\u00eda del Hospital de Torrevieja alerta de ... Leer m\u00e1s\" \/>\n<meta property=\"og:url\" content=\"https:\/\/riberasalud.com\/blog-de-salud\/la-salud-de-nuestros-oidos-en-verano\/\" \/>\n<meta property=\"og:site_name\" content=\"Blog de Salud\" \/>\n<meta property=\"article:published_time\" content=\"2011-08-25T18:38:11+00:00\" \/>\n<meta name=\"author\" content=\"S0p0rt3\" \/>\n<meta name=\"twitter:card\" content=\"summary_large_image\" \/>\n<meta name=\"twitter:label1\" content=\"Escrito por\" \/>\n\t<meta name=\"twitter:data1\" content=\"S0p0rt3\" \/>\n\t<meta name=\"twitter:label2\" content=\"Tiempo de lectura\" \/>\n\t<meta name=\"twitter:data2\" content=\"2 minutos\" \/>\n<script type=\"application\/ld+json\" class=\"yoast-schema-graph\">{\"@context\":\"https:\\\/\\\/schema.org\",\"@graph\":[{\"@type\":\"Article\",\"@id\":\"https:\\\/\\\/riberasalud.com\\\/blog-de-salud\\\/la-salud-de-nuestros-oidos-en-verano\\\/#article\",\"isPartOf\":{\"@id\":\"https:\\\/\\\/riberasalud.com\\\/blog-de-salud\\\/la-salud-de-nuestros-oidos-en-verano\\\/\"},\"author\":{\"name\":\"S0p0rt3\",\"@id\":\"https:\\\/\\\/riberasalud.com\\\/blog-de-salud\\\/#\\\/schema\\\/person\\\/1a9d003ba2617ae5a993bd3bf5e8b3a1\"},\"headline\":\"La salud de nuestros o\u00eddos en verano\",\"datePublished\":\"2011-08-25T18:38:11+00:00\",\"mainEntityOfPage\":{\"@id\":\"https:\\\/\\\/riberasalud.com\\\/blog-de-salud\\\/la-salud-de-nuestros-oidos-en-verano\\\/\"},\"wordCount\":501,\"publisher\":{\"@id\":\"https:\\\/\\\/riberasalud.com\\\/blog-de-salud\\\/#organization\"},\"image\":{\"@id\":\"https:\\\/\\\/riberasalud.com\\\/blog-de-salud\\\/la-salud-de-nuestros-oidos-en-verano\\\/#primaryimage\"},\"thumbnailUrl\":\"\",\"keywords\":[\"Hospital de Torrevieja\",\"infecciones oido\",\"otitis\",\"salud auditiva\"],\"articleSection\":[\"Sin categorizar\"],\"inLanguage\":\"es\"},{\"@type\":\"WebPage\",\"@id\":\"https:\\\/\\\/riberasalud.com\\\/blog-de-salud\\\/la-salud-de-nuestros-oidos-en-verano\\\/\",\"url\":\"https:\\\/\\\/riberasalud.com\\\/blog-de-salud\\\/la-salud-de-nuestros-oidos-en-verano\\\/\",\"name\":\"La salud de nuestros o\u00eddos en verano - Blog de Salud\",\"isPartOf\":{\"@id\":\"https:\\\/\\\/riberasalud.com\\\/blog-de-salud\\\/#website\"},\"primaryImageOfPage\":{\"@id\":\"https:\\\/\\\/riberasalud.com\\\/blog-de-salud\\\/la-salud-de-nuestros-oidos-en-verano\\\/#primaryimage\"},\"image\":{\"@id\":\"https:\\\/\\\/riberasalud.com\\\/blog-de-salud\\\/la-salud-de-nuestros-oidos-en-verano\\\/#primaryimage\"},\"thumbnailUrl\":\"\",\"datePublished\":\"2011-08-25T18:38:11+00:00\",\"breadcrumb\":{\"@id\":\"https:\\\/\\\/riberasalud.com\\\/blog-de-salud\\\/la-salud-de-nuestros-oidos-en-verano\\\/#breadcrumb\"},\"inLanguage\":\"es\",\"potentialAction\":[{\"@type\":\"ReadAction\",\"target\":[\"https:\\\/\\\/riberasalud.com\\\/blog-de-salud\\\/la-salud-de-nuestros-oidos-en-verano\\\/\"]}]},{\"@type\":\"ImageObject\",\"inLanguage\":\"es\",\"@id\":\"https:\\\/\\\/riberasalud.com\\\/blog-de-salud\\\/la-salud-de-nuestros-oidos-en-verano\\\/#primaryimage\",\"url\":\"\",\"contentUrl\":\"\"},{\"@type\":\"BreadcrumbList\",\"@id\":\"https:\\\/\\\/riberasalud.com\\\/blog-de-salud\\\/la-salud-de-nuestros-oidos-en-verano\\\/#breadcrumb\",\"itemListElement\":[{\"@type\":\"ListItem\",\"position\":1,\"name\":\"Portada\",\"item\":\"https:\\\/\\\/riberasalud.com\\\/blog-de-salud\\\/\"},{\"@type\":\"ListItem\",\"position\":2,\"name\":\"La salud de nuestros o\u00eddos en verano\"}]},{\"@type\":\"WebSite\",\"@id\":\"https:\\\/\\\/riberasalud.com\\\/blog-de-salud\\\/#website\",\"url\":\"https:\\\/\\\/riberasalud.com\\\/blog-de-salud\\\/\",\"name\":\"Blog de Salud\",\"description\":\"Grupo Ribera\",\"publisher\":{\"@id\":\"https:\\\/\\\/riberasalud.com\\\/blog-de-salud\\\/#organization\"},\"potentialAction\":[{\"@type\":\"SearchAction\",\"target\":{\"@type\":\"EntryPoint\",\"urlTemplate\":\"https:\\\/\\\/riberasalud.com\\\/blog-de-salud\\\/?s={search_term_string}\"},\"query-input\":{\"@type\":\"PropertyValueSpecification\",\"valueRequired\":true,\"valueName\":\"search_term_string\"}}],\"inLanguage\":\"es\"},{\"@type\":\"Organization\",\"@id\":\"https:\\\/\\\/riberasalud.com\\\/blog-de-salud\\\/#organization\",\"name\":\"Blog de Salud\",\"url\":\"https:\\\/\\\/riberasalud.com\\\/blog-de-salud\\\/\",\"logo\":{\"@type\":\"ImageObject\",\"inLanguage\":\"es\",\"@id\":\"https:\\\/\\\/riberasalud.com\\\/blog-de-salud\\\/#\\\/schema\\\/logo\\\/image\\\/\",\"url\":\"https:\\\/\\\/riberasalud.com\\\/blog-de-salud\\\/wp-content\\\/uploads\\\/2022\\\/09\\\/cropped-Logotipo-Red-qgbhgk.png\",\"contentUrl\":\"https:\\\/\\\/riberasalud.com\\\/blog-de-salud\\\/wp-content\\\/uploads\\\/2022\\\/09\\\/cropped-Logotipo-Red-qgbhgk.png\",\"width\":5001,\"height\":1976,\"caption\":\"Blog de Salud\"},\"image\":{\"@id\":\"https:\\\/\\\/riberasalud.com\\\/blog-de-salud\\\/#\\\/schema\\\/logo\\\/image\\\/\"}},{\"@type\":\"Person\",\"@id\":\"https:\\\/\\\/riberasalud.com\\\/blog-de-salud\\\/#\\\/schema\\\/person\\\/1a9d003ba2617ae5a993bd3bf5e8b3a1\",\"name\":\"S0p0rt3\",\"image\":{\"@type\":\"ImageObject\",\"inLanguage\":\"es\",\"@id\":\"https:\\\/\\\/secure.gravatar.com\\\/avatar\\\/e5b3b6b2275d2f0c6e6938ee9e2d59daf6431012b823f7e1394a18a1bc05d7bd?s=96&d=mm&r=g\",\"url\":\"https:\\\/\\\/secure.gravatar.com\\\/avatar\\\/e5b3b6b2275d2f0c6e6938ee9e2d59daf6431012b823f7e1394a18a1bc05d7bd?s=96&d=mm&r=g\",\"contentUrl\":\"https:\\\/\\\/secure.gravatar.com\\\/avatar\\\/e5b3b6b2275d2f0c6e6938ee9e2d59daf6431012b823f7e1394a18a1bc05d7bd?s=96&d=mm&r=g\",\"caption\":\"S0p0rt3\"},\"url\":\"https:\\\/\\\/riberasalud.com\\\/blog-de-salud\\\/author\\\/s0p0rt3\\\/\"}]}<\/script>\n<!-- \/ Yoast SEO plugin. -->","yoast_head_json":{"title":"La salud de nuestros o\u00eddos en verano - Blog de Salud","robots":{"index":"index","follow":"follow","max-snippet":"max-snippet:-1","max-image-preview":"max-image-preview:large","max-video-preview":"max-video-preview:-1"},"canonical":"https:\/\/riberasalud.com\/blog-de-salud\/la-salud-de-nuestros-oidos-en-verano\/","og_locale":"es_ES","og_type":"article","og_title":"La salud de nuestros o\u00eddos en verano - Blog de Salud","og_description":"El departamento de Otorrinolaringolog\u00eda del Hospital de Torrevieja alerta de ... Leer m\u00e1s","og_url":"https:\/\/riberasalud.com\/blog-de-salud\/la-salud-de-nuestros-oidos-en-verano\/","og_site_name":"Blog de Salud","article_published_time":"2011-08-25T18:38:11+00:00","author":"S0p0rt3","twitter_card":"summary_large_image","twitter_misc":{"Escrito por":"S0p0rt3","Tiempo de lectura":"2 minutos"},"schema":{"@context":"https:\/\/schema.org","@graph":[{"@type":"Article","@id":"https:\/\/riberasalud.com\/blog-de-salud\/la-salud-de-nuestros-oidos-en-verano\/#article","isPartOf":{"@id":"https:\/\/riberasalud.com\/blog-de-salud\/la-salud-de-nuestros-oidos-en-verano\/"},"author":{"name":"S0p0rt3","@id":"https:\/\/riberasalud.com\/blog-de-salud\/#\/schema\/person\/1a9d003ba2617ae5a993bd3bf5e8b3a1"},"headline":"La salud de nuestros o\u00eddos en verano","datePublished":"2011-08-25T18:38:11+00:00","mainEntityOfPage":{"@id":"https:\/\/riberasalud.com\/blog-de-salud\/la-salud-de-nuestros-oidos-en-verano\/"},"wordCount":501,"publisher":{"@id":"https:\/\/riberasalud.com\/blog-de-salud\/#organization"},"image":{"@id":"https:\/\/riberasalud.com\/blog-de-salud\/la-salud-de-nuestros-oidos-en-verano\/#primaryimage"},"thumbnailUrl":"","keywords":["Hospital de Torrevieja","infecciones oido","otitis","salud auditiva"],"articleSection":["Sin categorizar"],"inLanguage":"es"},{"@type":"WebPage","@id":"https:\/\/riberasalud.com\/blog-de-salud\/la-salud-de-nuestros-oidos-en-verano\/","url":"https:\/\/riberasalud.com\/blog-de-salud\/la-salud-de-nuestros-oidos-en-verano\/","name":"La salud de nuestros o\u00eddos en verano - Blog de Salud","isPartOf":{"@id":"https:\/\/riberasalud.com\/blog-de-salud\/#website"},"primaryImageOfPage":{"@id":"https:\/\/riberasalud.com\/blog-de-salud\/la-salud-de-nuestros-oidos-en-verano\/#primaryimage"},"image":{"@id":"https:\/\/riberasalud.com\/blog-de-salud\/la-salud-de-nuestros-oidos-en-verano\/#primaryimage"},"thumbnailUrl":"","datePublished":"2011-08-25T18:38:11+00:00","breadcrumb":{"@id":"https:\/\/riberasalud.com\/blog-de-salud\/la-salud-de-nuestros-oidos-en-verano\/#breadcrumb"},"inLanguage":"es","potentialAction":[{"@type":"ReadAction","target":["https:\/\/riberasalud.com\/blog-de-salud\/la-salud-de-nuestros-oidos-en-verano\/"]}]},{"@type":"ImageObject","inLanguage":"es","@id":"https:\/\/riberasalud.com\/blog-de-salud\/la-salud-de-nuestros-oidos-en-verano\/#primaryimage","url":"","contentUrl":""},{"@type":"BreadcrumbList","@id":"https:\/\/riberasalud.com\/blog-de-salud\/la-salud-de-nuestros-oidos-en-verano\/#breadcrumb","itemListElement":[{"@type":"ListItem","position":1,"name":"Portada","item":"https:\/\/riberasalud.com\/blog-de-salud\/"},{"@type":"ListItem","position":2,"name":"La salud de nuestros o\u00eddos en verano"}]},{"@type":"WebSite","@id":"https:\/\/riberasalud.com\/blog-de-salud\/#website","url":"https:\/\/riberasalud.com\/blog-de-salud\/","name":"Blog de Salud","description":"Grupo Ribera","publisher":{"@id":"https:\/\/riberasalud.com\/blog-de-salud\/#organization"},"potentialAction":[{"@type":"SearchAction","target":{"@type":"EntryPoint","urlTemplate":"https:\/\/riberasalud.com\/blog-de-salud\/?s={search_term_string}"},"query-input":{"@type":"PropertyValueSpecification","valueRequired":true,"valueName":"search_term_string"}}],"inLanguage":"es"},{"@type":"Organization","@id":"https:\/\/riberasalud.com\/blog-de-salud\/#organization","name":"Blog de Salud","url":"https:\/\/riberasalud.com\/blog-de-salud\/","logo":{"@type":"ImageObject","inLanguage":"es","@id":"https:\/\/riberasalud.com\/blog-de-salud\/#\/schema\/logo\/image\/","url":"https:\/\/riberasalud.com\/blog-de-salud\/wp-content\/uploads\/2022\/09\/cropped-Logotipo-Red-qgbhgk.png","contentUrl":"https:\/\/riberasalud.com\/blog-de-salud\/wp-content\/uploads\/2022\/09\/cropped-Logotipo-Red-qgbhgk.png","width":5001,"height":1976,"caption":"Blog de Salud"},"image":{"@id":"https:\/\/riberasalud.com\/blog-de-salud\/#\/schema\/logo\/image\/"}},{"@type":"Person","@id":"https:\/\/riberasalud.com\/blog-de-salud\/#\/schema\/person\/1a9d003ba2617ae5a993bd3bf5e8b3a1","name":"S0p0rt3","image":{"@type":"ImageObject","inLanguage":"es","@id":"https:\/\/secure.gravatar.com\/avatar\/e5b3b6b2275d2f0c6e6938ee9e2d59daf6431012b823f7e1394a18a1bc05d7bd?s=96&d=mm&r=g","url":"https:\/\/secure.gravatar.com\/avatar\/e5b3b6b2275d2f0c6e6938ee9e2d59daf6431012b823f7e1394a18a1bc05d7bd?s=96&d=mm&r=g","contentUrl":"https:\/\/secure.gravatar.com\/avatar\/e5b3b6b2275d2f0c6e6938ee9e2d59daf6431012b823f7e1394a18a1bc05d7bd?s=96&d=mm&r=g","caption":"S0p0rt3"},"url":"https:\/\/riberasalud.com\/blog-de-salud\/author\/s0p0rt3\/"}]}},"_links":{"self":[{"href":"https:\/\/riberasalud.com\/blog-de-salud\/wp-json\/wp\/v2\/posts\/570","targetHints":{"allow":["GET"]}}],"collection":[{"href":"https:\/\/riberasalud.com\/blog-de-salud\/wp-json\/wp\/v2\/posts"}],"about":[{"href":"https:\/\/riberasalud.com\/blog-de-salud\/wp-json\/wp\/v2\/types\/post"}],"author":[{"embeddable":true,"href":"https:\/\/riberasalud.com\/blog-de-salud\/wp-json\/wp\/v2\/users\/5"}],"replies":[{"embeddable":true,"href":"https:\/\/riberasalud.com\/blog-de-salud\/wp-json\/wp\/v2\/comments?post=570"}],"version-history":[{"count":0,"href":"https:\/\/riberasalud.com\/blog-de-salud\/wp-json\/wp\/v2\/posts\/570\/revisions"}],"wp:featuredmedia":[{"embeddable":true,"href":"https:\/\/riberasalud.com\/blog-de-salud\/wp-json\/"}],"wp:attachment":[{"href":"https:\/\/riberasalud.com\/blog-de-salud\/wp-json\/wp\/v2\/media?parent=570"}],"wp:term":[{"taxonomy":"category","embeddable":true,"href":"https:\/\/riberasalud.com\/blog-de-salud\/wp-json\/wp\/v2\/categories?post=570"},{"taxonomy":"post_tag","embeddable":true,"href":"https:\/\/riberasalud.com\/blog-de-salud\/wp-json\/wp\/v2\/tags?post=570"}],"curies":[{"name":"wp","href":"https:\/\/api.w.org\/{rel}","templated":true}]}}