{"id":11862,"date":"2026-04-29T14:50:18","date_gmt":"2026-04-29T14:50:18","guid":{"rendered":"https:\/\/riberasalud.com\/blog-de-salud\/?p=11862"},"modified":"2026-04-29T14:50:21","modified_gmt":"2026-04-29T14:50:21","slug":"el-inhalador-mucho-mas-que-un-gesto-resolver-dudas-clave-para-controlar-el-asma","status":"publish","type":"post","link":"https:\/\/riberasalud.com\/blog-de-salud\/el-inhalador-mucho-mas-que-un-gesto-resolver-dudas-clave-para-controlar-el-asma\/","title":{"rendered":"El inhalador, mucho m\u00e1s que un gesto: resolver dudas clave para controlar el asma"},"content":{"rendered":"\n<p>En el contexto del D\u00eda Mundial del Asma, en esta entrada del grupo sanitario Ribera comparte esta gu\u00eda pr\u00e1ctica para pacientes y familias, centrada en una de las claves del control de la enfermedad: entender bien el tratamiento inhalado y utilizarlo correctamente.<\/p>\n\n\n\n<p>El asma es una enfermedad respiratoria cr\u00f3nica muy frecuente, pero tambi\u00e9n muy controlable. Sin embargo, su manejo sigue generando dudas en la vida diaria. Como explica la doctora Dolores Corbacho, jefa del servicio de Neumolog\u00eda de <a href=\"https:\/\/riberasalud.com\/povisa\/\">Ribera Povisa<\/a>, \u201cla educaci\u00f3n del paciente con asma es un elemento b\u00e1sico del tratamiento, ya que reduce el riesgo de padecer crisis y mejora su calidad de vida\u201d.<\/p>\n\n\n\n<h2 class=\"wp-block-heading\"><strong>Qu\u00e9 es realmente el asma y por qu\u00e9 aparece<\/strong><\/h2>\n\n\n\n<p>El asma es una enfermedad inflamatoria cr\u00f3nica de las v\u00edas respiratorias caracterizada por una hiperreactividad bronquial. Esto significa que los bronquios reaccionan de forma exagerada ante distintos est\u00edmulos, provocando dificultad para respirar.<\/p>\n\n\n\n<p>Tal y como se\u00f1ala el neum\u00f3logo de <a href=\"https:\/\/www.imske.com\/\">Ribera Imske<\/a> y Ribera Pasarela, Sergio Calvache, \u201cno se trata solo de una disnea puntual, sino de una inflamaci\u00f3n que puede extenderse desde la tr\u00e1quea hasta las unidades alveolares\u201d.<\/p>\n\n\n\n<p>Su evoluci\u00f3n es variable: hay pacientes con s\u00edntomas leves y otros que pueden sufrir crisis ante infecciones respiratorias, al\u00e9rgenos o cambios ambientales como la humedad.<\/p>\n\n\n\n<h2 class=\"wp-block-heading\"><strong>Por qu\u00e9 el inhalador es la base del tratamiento<\/strong><\/h2>\n\n\n\n<p>El inhalador es el pilar fundamental del tratamiento porque permite que el medicamento llegue directamente a las v\u00edas respiratorias.<\/p>\n\n\n\n<p>\u201cLa gran ventaja es su acci\u00f3n localizada, que permite alcanzar niveles terap\u00e9uticos \u00f3ptimos con dosis m\u00ednimas y menos efectos secundarios\u201d, explica el doctor Calvache.<\/p>\n\n\n\n<p>Adem\u00e1s, la doctora Dolores Calvacho destaca que \u201csu efecto es r\u00e1pido y, en muchos casos, tambi\u00e9n preventivo si se utiliza de forma adecuada seg\u00fan las indicaciones m\u00e9dicas\u201d.<\/p>\n\n\n\n<h3 class=\"wp-block-heading\"><strong>\u00bfTodos los inhaladores son iguales o necesito uno espec\u00edfico para m\u00ed?<\/strong><\/h3>\n\n\n\n<p>No existe un inhalador \u00fanico v\u00e1lido para todos los pacientes. El tratamiento debe adaptarse de forma individual.<\/p>\n\n\n\n<p>\u201cElegimos el dispositivo en funci\u00f3n del tipo de f\u00e1rmaco y de la capacidad inspiratoria del paciente\u201d, se\u00f1ala el doctor Calvache. \u201cNo es lo mismo un paciente joven que uno mayor con menor flujo inspiratorio\u201d.<\/p>\n\n\n\n<p>Esta personalizaci\u00f3n es clave para garantizar la eficacia del tratamiento.<\/p>\n\n\n\n<h3 class=\"wp-block-heading\"><strong>\u00bfEstoy usando bien mi inhalador? Claves para no fallar en la t\u00e9cnica<\/strong><\/h3>\n\n\n\n<p>La t\u00e9cnica inhalatoria es uno de los factores m\u00e1s importantes \u2014y a la vez m\u00e1s descuidados\u2014 en el control del asma.<\/p>\n\n\n\n<p>Seg\u00fan los especialistas, los pasos b\u00e1sicos incluyen:<\/p>\n\n\n\n<ul class=\"wp-block-list\">\n<li>Preparar el dispositivo correctamente (agitar si es necesario)\u00a0<\/li>\n\n\n\n<li>Vaciar completamente los pulmones antes de inhalar\u00a0<\/li>\n\n\n\n<li>Inhalar de forma adecuada seg\u00fan el tipo de dispositivo\u00a0<\/li>\n\n\n\n<li>Mantener la respiraci\u00f3n unos segundos tras la dosis\u00a0<\/li>\n\n\n\n<li>Esperar entre inhalaciones si hay m\u00e1s de una\u00a0<\/li>\n<\/ul>\n\n\n\n<p>Adem\u00e1s, es recomendable enjuagarse la boca tras el uso de corticoides inhalados para evitar efectos secundarios.<\/p>\n\n\n\n<h3 class=\"wp-block-heading\"><strong>Los errores m\u00e1s comunes al usar inhaladores (y c\u00f3mo evitarlos)<\/strong><\/h3>\n\n\n\n<p>Muchos fallos en el uso del inhalador son m\u00e1s frecuentes de lo que parece y pueden reducir notablemente su eficacia:<\/p>\n\n\n\n<ul class=\"wp-block-list\">\n<li>No coordinar la inhalaci\u00f3n con la pulsaci\u00f3n\u00a0<\/li>\n\n\n\n<li>Inspirar demasiado r\u00e1pido o insuficiente\u00a0<\/li>\n\n\n\n<li>Respirar por la nariz en lugar de por la boca\u00a0<\/li>\n\n\n\n<li>No mantener la respiraci\u00f3n tras la dosis\u00a0<\/li>\n\n\n\n<li>No respetar los tiempos entre inhalaciones\u00a0<\/li>\n<\/ul>\n\n\n\n<p>\u201cUna mala ejecuci\u00f3n puede anular el beneficio del tratamiento y aumentar el riesgo de crisis\u201d, advierte Calvache.<\/p>\n\n\n\n<h3 class=\"wp-block-heading\"><strong>\u00bfCu\u00e1ndo debo usar el inhalador de rescate y cu\u00e1ndo el de mantenimiento?<\/strong><\/h3>\n\n\n\n<p>Una de las dudas m\u00e1s habituales es diferenciar entre los tipos de inhaladores.<\/p>\n\n\n\n<p>El inhalador de mantenimiento se utiliza a diario para controlar la inflamaci\u00f3n y prevenir s\u00edntomas. El de rescate, en cambio, se usa de forma puntual para aliviar una crisis o s\u00edntomas agudos.<\/p>\n\n\n\n<p>\u201cEs importante no abusar del inhalador de rescate sin indicaci\u00f3n m\u00e9dica\u201d, recuerda la doctora Calvacho.<\/p>\n\n\n\n<h3 class=\"wp-block-heading\"><strong>\u00bfQu\u00e9 pasa si dejo de usar el inhalador cuando me encuentro bien?<\/strong><\/h3>\n\n\n\n<p>Abandonar el tratamiento cuando desaparecen los s\u00edntomas es un error frecuente.<\/p>\n\n\n\n<p>El asma es una enfermedad cr\u00f3nica, por lo que la inflamaci\u00f3n puede persistir aunque el paciente se encuentre bien. Suspender la medicaci\u00f3n preventiva aumenta el riesgo de crisis.<\/p>\n\n\n\n<p>La adherencia al tratamiento es clave para mantener el control a largo plazo.<\/p>\n\n\n\n<h3 class=\"wp-block-heading\"><strong>\u00bfLos inhaladores tienen efectos secundarios o crean dependencia?<\/strong><\/h3>\n\n\n\n<p>Otra preocupaci\u00f3n habitual es si estos tratamientos pueden generar dependencia.<\/p>\n\n\n\n<p>\u201cLos inhaladores no crean adicci\u00f3n\u201d, aclara la doctora Calvacho. \u201cLa sensaci\u00f3n de necesitarlos m\u00e1s suele deberse a un mal control de la enfermedad\u201d.<\/p>\n\n\n\n<p>En cuanto a los corticoides inhalados, las gu\u00edas cl\u00ednicas coinciden en que sus beneficios superan ampliamente los posibles efectos secundarios, que son m\u00ednimos cuando se usan correctamente.<\/p>\n\n\n\n<h3 class=\"wp-block-heading\"><strong>\u00bfC\u00f3mo saber si mi inhalador est\u00e1 vac\u00edo o no funciona correctamente?<\/strong><\/h3>\n\n\n\n<p>Muchos dispositivos incluyen un contador de dosis que indica cu\u00e1ntas quedan disponibles.<\/p>\n\n\n\n<p>Si el contador llega a cero, el inhalador ya no contiene medicamento, aunque pueda parecer que sigue funcionando. Tambi\u00e9n conviene revisar la fecha de caducidad y el estado de la boquilla.<\/p>\n\n\n\n<h3 class=\"wp-block-heading\"><strong>\u00bfC\u00f3mo debo limpiar y conservar mi inhalador?<\/strong><\/h3>\n\n\n\n<p>El mantenimiento del dispositivo es fundamental para su correcto funcionamiento:<\/p>\n\n\n\n<ul class=\"wp-block-list\">\n<li>Mantenerlo en un lugar seco y a temperatura ambiente\u00a0<\/li>\n\n\n\n<li>Limpiar la boquilla regularmente\u00a0<\/li>\n\n\n\n<li>Evitar temperaturas extremas\u00a0<\/li>\n\n\n\n<li>No lavar con agua los inhaladores de polvo seco\u00a0<\/li>\n<\/ul>\n\n\n\n<p>Peque\u00f1os cuidados que garantizan la eficacia del tratamiento.<\/p>\n\n\n\n<h3 class=\"wp-block-heading\"><strong>\u00bfPueden los ni\u00f1os usar inhaladores correctamente? Consejos para familias<\/strong><\/h3>\n\n\n\n<p>El asma es especialmente frecuente en la infancia, por lo que el papel de las familias es clave.<\/p>\n\n\n\n<p>Los especialistas recomiendan:<\/p>\n\n\n\n<ul class=\"wp-block-list\">\n<li>Supervisar el uso del inhalador\u00a0<\/li>\n\n\n\n<li>Ense\u00f1ar la t\u00e9cnica de forma progresiva\u00a0<\/li>\n\n\n\n<li>Favorecer la autonom\u00eda seg\u00fan la edad\u00a0<\/li>\n\n\n\n<li>Coordinar el manejo con el entorno escolar\u00a0<\/li>\n<\/ul>\n\n\n\n<p>Una buena educaci\u00f3n desde edades tempranas mejora el control de la enfermedad.<\/p>\n\n\n\n<h3 class=\"wp-block-heading\"><strong>\u00bfEs seguro hacer deporte si tengo asma?<\/strong><\/h3>\n\n\n\n<p>S\u00ed. De hecho, el objetivo del tratamiento es que el paciente pueda realizar actividad f\u00edsica con normalidad.<\/p>\n\n\n\n<p>\u201cUn buen control del asma permite hacer ejercicio sin limitaciones\u201d, afirma la doctora Calvacho. En el caso de deportistas, es importante ajustar el tratamiento bajo supervisi\u00f3n m\u00e9dica.<\/p>\n\n\n\n<h3 class=\"wp-block-heading\"><strong>\u00bfQu\u00e9 hago si tengo una crisis de asma?<\/strong><\/h3>\n\n\n\n<p>Ante una exacerbaci\u00f3n, es fundamental seguir el plan de acci\u00f3n indicado por el especialista. Esto incluye el uso del inhalador de rescate y la identificaci\u00f3n de signos de alarma que requieran atenci\u00f3n m\u00e9dica. Reconocer los s\u00edntomas a tiempo puede evitar complicaciones.<\/p>\n\n\n\n<h3 class=\"wp-block-heading\"><strong>\u00bfCada cu\u00e1nto debo revisar mi tratamiento con el especialista?<\/strong><\/h3>\n\n\n\n<p>El seguimiento m\u00e9dico peri\u00f3dico es esencial para evaluar el control del asma, ajustar el tratamiento y revisar la t\u00e9cnica inhalatoria. Los especialistas insisten en llevar el inhalador a consulta para comprobar que se utiliza correctamente.<\/p>\n\n\n\n<h3 class=\"wp-block-heading\"><strong>\u00bfSe puede llevar una vida normal con asma?<\/strong><\/h3>\n\n\n\n<p>La respuesta es clara: s\u00ed.<\/p>\n\n\n\n<p>Aunque el asma no tiene cura, con un tratamiento adecuado, una buena t\u00e9cnica inhalatoria y educaci\u00f3n sanitaria, la mayor\u00eda de los pacientes puede llevar una vida completamente normal. Como resume la doctora Corbacho, \u201cel objetivo es mejorar el control de la enfermedad y la calidad de vida del paciente\u201d.<\/p>\n\n\n\n<p style=\"font-size:10px\"><em>AVISO: La finalidad de este blog es proporcionar informaci\u00f3n de salud que, en ning\u00fan caso sustituye la consulta con un m\u00e9dico. El grupo sanitario Ribera no se hace responsable de los contenidos, opiniones e im\u00e1genes que aparezcan relacionados con los blogs, pero si es informado de que existe cualquier contenido inapropiado o il\u00edcito, proceder\u00e1 a su eliminaci\u00f3n de forma inmediata.<\/em><\/p>\n\n\n\n<p style=\"font-size:10px\"><em>Los textos, art\u00edculos y contenidos de este blog est\u00e1n sujetos y protegidos por derechos de propiedad intelectual e industrial, disponiendo el grupo sanitario Ribera de los permisos necesarios para la utilizaci\u00f3n de las im\u00e1genes, fotograf\u00edas, textos, dise\u00f1os, animaciones y dem\u00e1s contenido o elementos que en \u00e9l aparezcan. El acceso y utilizaci\u00f3n de este blog no confiere al visitante ning\u00fan tipo de licencia o derecho de uso o explotaci\u00f3n alguno, por lo que el uso, reproducci\u00f3n, distribuci\u00f3n, comunicaci\u00f3n p\u00fablica, transformaci\u00f3n o cualquier otra actividad similar o an\u00e1loga, queda totalmente prohibida, salvo que medie expresa autorizaci\u00f3n por escrito del grupo sanitario Ribera.<\/em><\/p>\n\n\n\n<p style=\"font-size:10px\"><em>El grupo sanitario Ribera se reserva la facultad de retirar o suspender temporal o definitivamente, en cualquier momento y sin necesidad de aviso previo, el acceso al blog y\/o a los contenidos del mismo a aquellos visitantes, internautas o usuarios de internet que incumplan lo establecido en el presente Aviso, todo ello sin perjuicio del ejercicio de las acciones contra los mismos que procedan conforme a la Ley y al Derech<\/em>o<\/p>\n","protected":false},"excerpt":{"rendered":"<p>En el contexto del D\u00eda Mundial del Asma, en esta &#8230; <a title=\"El inhalador, mucho m\u00e1s que un gesto: resolver dudas clave para controlar el asma\" class=\"read-more\" href=\"https:\/\/riberasalud.com\/blog-de-salud\/el-inhalador-mucho-mas-que-un-gesto-resolver-dudas-clave-para-controlar-el-asma\/\" aria-label=\"Leer m\u00e1s sobre El inhalador, mucho m\u00e1s que un gesto: resolver dudas clave para controlar el asma\">Leer m\u00e1s<\/a><\/p>\n","protected":false},"author":6,"featured_media":11863,"comment_status":"open","ping_status":"open","sticky":false,"template":"","format":"standard","meta":{"_mi_skip_tracking":false,"footnotes":""},"categories":[1458,1466],"tags":[112,1766,1303],"class_list":["post-11862","post","type-post","status-publish","format-standard","has-post-thumbnail","hentry","category-consejos-de-salud","category-neumologia","tag-asma","tag-inhalador","tag-neumologia","generate-columns","tablet-grid-50","mobile-grid-100","grid-parent","grid-33"],"yoast_head":"<!-- This site is optimized with the Yoast SEO plugin v27.4 - https:\/\/yoast.com\/product\/yoast-seo-wordpress\/ -->\n<title>El inhalador, mucho m\u00e1s que un gesto: resolver dudas clave para controlar el asma - Blog de Salud<\/title>\n<meta name=\"description\" content=\"El inhalador es el pilar fundamental del tratamiento porque permite que el medicamento llegue directamente a las v\u00edas respiratorias.\" \/>\n<meta name=\"robots\" content=\"index, follow, max-snippet:-1, max-image-preview:large, max-video-preview:-1\" \/>\n<link rel=\"canonical\" href=\"https:\/\/riberasalud.com\/blog-de-salud\/el-inhalador-mucho-mas-que-un-gesto-resolver-dudas-clave-para-controlar-el-asma\/\" \/>\n<meta property=\"og:locale\" content=\"es_ES\" \/>\n<meta property=\"og:type\" content=\"article\" \/>\n<meta property=\"og:title\" content=\"El inhalador, mucho m\u00e1s que un gesto: resolver dudas clave para controlar el asma - Blog de Salud\" \/>\n<meta property=\"og:description\" content=\"El inhalador es el pilar fundamental del tratamiento porque permite que el medicamento llegue directamente a las v\u00edas respiratorias.\" \/>\n<meta property=\"og:url\" content=\"https:\/\/riberasalud.com\/blog-de-salud\/el-inhalador-mucho-mas-que-un-gesto-resolver-dudas-clave-para-controlar-el-asma\/\" \/>\n<meta property=\"og:site_name\" content=\"Blog de Salud\" \/>\n<meta property=\"article:published_time\" content=\"2026-04-29T14:50:18+00:00\" \/>\n<meta property=\"article:modified_time\" content=\"2026-04-29T14:50:21+00:00\" \/>\n<meta property=\"og:image\" content=\"https:\/\/riberasalud.com\/blog-de-salud\/wp-content\/uploads\/2026\/04\/young-woman-holds-asthma-inhaler-close-up.jpg\" \/>\n\t<meta property=\"og:image:width\" content=\"800\" \/>\n\t<meta property=\"og:image:height\" content=\"533\" \/>\n\t<meta property=\"og:image:type\" content=\"image\/jpeg\" \/>\n<meta name=\"author\" content=\"Grupo Sanitario Ribera\" \/>\n<meta name=\"twitter:card\" content=\"summary_large_image\" \/>\n<meta name=\"twitter:label1\" content=\"Escrito por\" \/>\n\t<meta name=\"twitter:data1\" content=\"Grupo Sanitario Ribera\" \/>\n\t<meta name=\"twitter:label2\" content=\"Tiempo de lectura\" \/>\n\t<meta name=\"twitter:data2\" content=\"7 minutos\" \/>\n<script type=\"application\/ld+json\" class=\"yoast-schema-graph\">{\"@context\":\"https:\\\/\\\/schema.org\",\"@graph\":[{\"@type\":\"Article\",\"@id\":\"https:\\\/\\\/riberasalud.com\\\/blog-de-salud\\\/el-inhalador-mucho-mas-que-un-gesto-resolver-dudas-clave-para-controlar-el-asma\\\/#article\",\"isPartOf\":{\"@id\":\"https:\\\/\\\/riberasalud.com\\\/blog-de-salud\\\/el-inhalador-mucho-mas-que-un-gesto-resolver-dudas-clave-para-controlar-el-asma\\\/\"},\"author\":{\"name\":\"Grupo Sanitario Ribera\",\"@id\":\"https:\\\/\\\/riberasalud.com\\\/blog-de-salud\\\/#\\\/schema\\\/person\\\/cb8206dc7accca50a7b7fc404fc6fd29\"},\"headline\":\"El inhalador, mucho m\u00e1s que un gesto: resolver dudas clave para controlar el asma\",\"datePublished\":\"2026-04-29T14:50:18+00:00\",\"dateModified\":\"2026-04-29T14:50:21+00:00\",\"mainEntityOfPage\":{\"@id\":\"https:\\\/\\\/riberasalud.com\\\/blog-de-salud\\\/el-inhalador-mucho-mas-que-un-gesto-resolver-dudas-clave-para-controlar-el-asma\\\/\"},\"wordCount\":1485,\"commentCount\":0,\"publisher\":{\"@id\":\"https:\\\/\\\/riberasalud.com\\\/blog-de-salud\\\/#organization\"},\"image\":{\"@id\":\"https:\\\/\\\/riberasalud.com\\\/blog-de-salud\\\/el-inhalador-mucho-mas-que-un-gesto-resolver-dudas-clave-para-controlar-el-asma\\\/#primaryimage\"},\"thumbnailUrl\":\"https:\\\/\\\/riberasalud.com\\\/blog-de-salud\\\/wp-content\\\/uploads\\\/2026\\\/04\\\/young-woman-holds-asthma-inhaler-close-up.jpg\",\"keywords\":[\"asma\",\"inhalador\",\"Neumolog\u00eda\"],\"articleSection\":[\"Consejos de salud\",\"Neumolog\u00eda\"],\"inLanguage\":\"es\",\"potentialAction\":[{\"@type\":\"CommentAction\",\"name\":\"Comment\",\"target\":[\"https:\\\/\\\/riberasalud.com\\\/blog-de-salud\\\/el-inhalador-mucho-mas-que-un-gesto-resolver-dudas-clave-para-controlar-el-asma\\\/#respond\"]}]},{\"@type\":\"WebPage\",\"@id\":\"https:\\\/\\\/riberasalud.com\\\/blog-de-salud\\\/el-inhalador-mucho-mas-que-un-gesto-resolver-dudas-clave-para-controlar-el-asma\\\/\",\"url\":\"https:\\\/\\\/riberasalud.com\\\/blog-de-salud\\\/el-inhalador-mucho-mas-que-un-gesto-resolver-dudas-clave-para-controlar-el-asma\\\/\",\"name\":\"El inhalador, mucho m\u00e1s que un gesto: resolver dudas clave para controlar el asma - Blog de Salud\",\"isPartOf\":{\"@id\":\"https:\\\/\\\/riberasalud.com\\\/blog-de-salud\\\/#website\"},\"primaryImageOfPage\":{\"@id\":\"https:\\\/\\\/riberasalud.com\\\/blog-de-salud\\\/el-inhalador-mucho-mas-que-un-gesto-resolver-dudas-clave-para-controlar-el-asma\\\/#primaryimage\"},\"image\":{\"@id\":\"https:\\\/\\\/riberasalud.com\\\/blog-de-salud\\\/el-inhalador-mucho-mas-que-un-gesto-resolver-dudas-clave-para-controlar-el-asma\\\/#primaryimage\"},\"thumbnailUrl\":\"https:\\\/\\\/riberasalud.com\\\/blog-de-salud\\\/wp-content\\\/uploads\\\/2026\\\/04\\\/young-woman-holds-asthma-inhaler-close-up.jpg\",\"datePublished\":\"2026-04-29T14:50:18+00:00\",\"dateModified\":\"2026-04-29T14:50:21+00:00\",\"description\":\"El inhalador es el pilar fundamental del tratamiento porque permite que el medicamento llegue directamente a las v\u00edas respiratorias.\",\"breadcrumb\":{\"@id\":\"https:\\\/\\\/riberasalud.com\\\/blog-de-salud\\\/el-inhalador-mucho-mas-que-un-gesto-resolver-dudas-clave-para-controlar-el-asma\\\/#breadcrumb\"},\"inLanguage\":\"es\",\"potentialAction\":[{\"@type\":\"ReadAction\",\"target\":[\"https:\\\/\\\/riberasalud.com\\\/blog-de-salud\\\/el-inhalador-mucho-mas-que-un-gesto-resolver-dudas-clave-para-controlar-el-asma\\\/\"]}]},{\"@type\":\"ImageObject\",\"inLanguage\":\"es\",\"@id\":\"https:\\\/\\\/riberasalud.com\\\/blog-de-salud\\\/el-inhalador-mucho-mas-que-un-gesto-resolver-dudas-clave-para-controlar-el-asma\\\/#primaryimage\",\"url\":\"https:\\\/\\\/riberasalud.com\\\/blog-de-salud\\\/wp-content\\\/uploads\\\/2026\\\/04\\\/young-woman-holds-asthma-inhaler-close-up.jpg\",\"contentUrl\":\"https:\\\/\\\/riberasalud.com\\\/blog-de-salud\\\/wp-content\\\/uploads\\\/2026\\\/04\\\/young-woman-holds-asthma-inhaler-close-up.jpg\",\"width\":800,\"height\":533,\"caption\":\"Young woman holds asthma inhaler, close up\"},{\"@type\":\"BreadcrumbList\",\"@id\":\"https:\\\/\\\/riberasalud.com\\\/blog-de-salud\\\/el-inhalador-mucho-mas-que-un-gesto-resolver-dudas-clave-para-controlar-el-asma\\\/#breadcrumb\",\"itemListElement\":[{\"@type\":\"ListItem\",\"position\":1,\"name\":\"Portada\",\"item\":\"https:\\\/\\\/riberasalud.com\\\/blog-de-salud\\\/\"},{\"@type\":\"ListItem\",\"position\":2,\"name\":\"El inhalador, mucho m\u00e1s que un gesto: resolver dudas clave para controlar el asma\"}]},{\"@type\":\"WebSite\",\"@id\":\"https:\\\/\\\/riberasalud.com\\\/blog-de-salud\\\/#website\",\"url\":\"https:\\\/\\\/riberasalud.com\\\/blog-de-salud\\\/\",\"name\":\"Blog de Salud\",\"description\":\"Grupo Ribera\",\"publisher\":{\"@id\":\"https:\\\/\\\/riberasalud.com\\\/blog-de-salud\\\/#organization\"},\"potentialAction\":[{\"@type\":\"SearchAction\",\"target\":{\"@type\":\"EntryPoint\",\"urlTemplate\":\"https:\\\/\\\/riberasalud.com\\\/blog-de-salud\\\/?s={search_term_string}\"},\"query-input\":{\"@type\":\"PropertyValueSpecification\",\"valueRequired\":true,\"valueName\":\"search_term_string\"}}],\"inLanguage\":\"es\"},{\"@type\":\"Organization\",\"@id\":\"https:\\\/\\\/riberasalud.com\\\/blog-de-salud\\\/#organization\",\"name\":\"Blog de Salud\",\"url\":\"https:\\\/\\\/riberasalud.com\\\/blog-de-salud\\\/\",\"logo\":{\"@type\":\"ImageObject\",\"inLanguage\":\"es\",\"@id\":\"https:\\\/\\\/riberasalud.com\\\/blog-de-salud\\\/#\\\/schema\\\/logo\\\/image\\\/\",\"url\":\"https:\\\/\\\/riberasalud.com\\\/blog-de-salud\\\/wp-content\\\/uploads\\\/2022\\\/09\\\/cropped-Logotipo-Red-qgbhgk.png\",\"contentUrl\":\"https:\\\/\\\/riberasalud.com\\\/blog-de-salud\\\/wp-content\\\/uploads\\\/2022\\\/09\\\/cropped-Logotipo-Red-qgbhgk.png\",\"width\":5001,\"height\":1976,\"caption\":\"Blog de Salud\"},\"image\":{\"@id\":\"https:\\\/\\\/riberasalud.com\\\/blog-de-salud\\\/#\\\/schema\\\/logo\\\/image\\\/\"}},{\"@type\":\"Person\",\"@id\":\"https:\\\/\\\/riberasalud.com\\\/blog-de-salud\\\/#\\\/schema\\\/person\\\/cb8206dc7accca50a7b7fc404fc6fd29\",\"name\":\"Grupo Sanitario Ribera\",\"image\":{\"@type\":\"ImageObject\",\"inLanguage\":\"es\",\"@id\":\"https:\\\/\\\/secure.gravatar.com\\\/avatar\\\/4fbc514e206acdf97ee26602f375be0b2a370574f96ff09ba3630e4b313d1d29?s=96&d=mm&r=g\",\"url\":\"https:\\\/\\\/secure.gravatar.com\\\/avatar\\\/4fbc514e206acdf97ee26602f375be0b2a370574f96ff09ba3630e4b313d1d29?s=96&d=mm&r=g\",\"contentUrl\":\"https:\\\/\\\/secure.gravatar.com\\\/avatar\\\/4fbc514e206acdf97ee26602f375be0b2a370574f96ff09ba3630e4b313d1d29?s=96&d=mm&r=g\",\"caption\":\"Grupo Sanitario Ribera\"},\"url\":\"https:\\\/\\\/riberasalud.com\\\/blog-de-salud\\\/author\\\/marsanchez\\\/\"}]}<\/script>\n<!-- \/ Yoast SEO plugin. -->","yoast_head_json":{"title":"El inhalador, mucho m\u00e1s que un gesto: resolver dudas clave para controlar el asma - Blog de Salud","description":"El inhalador es el pilar fundamental del tratamiento porque permite que el medicamento llegue directamente a las v\u00edas respiratorias.","robots":{"index":"index","follow":"follow","max-snippet":"max-snippet:-1","max-image-preview":"max-image-preview:large","max-video-preview":"max-video-preview:-1"},"canonical":"https:\/\/riberasalud.com\/blog-de-salud\/el-inhalador-mucho-mas-que-un-gesto-resolver-dudas-clave-para-controlar-el-asma\/","og_locale":"es_ES","og_type":"article","og_title":"El inhalador, mucho m\u00e1s que un gesto: resolver dudas clave para controlar el asma - Blog de Salud","og_description":"El inhalador es el pilar fundamental del tratamiento porque permite que el medicamento llegue directamente a las v\u00edas respiratorias.","og_url":"https:\/\/riberasalud.com\/blog-de-salud\/el-inhalador-mucho-mas-que-un-gesto-resolver-dudas-clave-para-controlar-el-asma\/","og_site_name":"Blog de Salud","article_published_time":"2026-04-29T14:50:18+00:00","article_modified_time":"2026-04-29T14:50:21+00:00","og_image":[{"width":800,"height":533,"url":"https:\/\/riberasalud.com\/blog-de-salud\/wp-content\/uploads\/2026\/04\/young-woman-holds-asthma-inhaler-close-up.jpg","type":"image\/jpeg"}],"author":"Grupo Sanitario Ribera","twitter_card":"summary_large_image","twitter_misc":{"Escrito por":"Grupo Sanitario Ribera","Tiempo de lectura":"7 minutos"},"schema":{"@context":"https:\/\/schema.org","@graph":[{"@type":"Article","@id":"https:\/\/riberasalud.com\/blog-de-salud\/el-inhalador-mucho-mas-que-un-gesto-resolver-dudas-clave-para-controlar-el-asma\/#article","isPartOf":{"@id":"https:\/\/riberasalud.com\/blog-de-salud\/el-inhalador-mucho-mas-que-un-gesto-resolver-dudas-clave-para-controlar-el-asma\/"},"author":{"name":"Grupo Sanitario Ribera","@id":"https:\/\/riberasalud.com\/blog-de-salud\/#\/schema\/person\/cb8206dc7accca50a7b7fc404fc6fd29"},"headline":"El inhalador, mucho m\u00e1s que un gesto: resolver dudas clave para controlar el asma","datePublished":"2026-04-29T14:50:18+00:00","dateModified":"2026-04-29T14:50:21+00:00","mainEntityOfPage":{"@id":"https:\/\/riberasalud.com\/blog-de-salud\/el-inhalador-mucho-mas-que-un-gesto-resolver-dudas-clave-para-controlar-el-asma\/"},"wordCount":1485,"commentCount":0,"publisher":{"@id":"https:\/\/riberasalud.com\/blog-de-salud\/#organization"},"image":{"@id":"https:\/\/riberasalud.com\/blog-de-salud\/el-inhalador-mucho-mas-que-un-gesto-resolver-dudas-clave-para-controlar-el-asma\/#primaryimage"},"thumbnailUrl":"https:\/\/riberasalud.com\/blog-de-salud\/wp-content\/uploads\/2026\/04\/young-woman-holds-asthma-inhaler-close-up.jpg","keywords":["asma","inhalador","Neumolog\u00eda"],"articleSection":["Consejos de salud","Neumolog\u00eda"],"inLanguage":"es","potentialAction":[{"@type":"CommentAction","name":"Comment","target":["https:\/\/riberasalud.com\/blog-de-salud\/el-inhalador-mucho-mas-que-un-gesto-resolver-dudas-clave-para-controlar-el-asma\/#respond"]}]},{"@type":"WebPage","@id":"https:\/\/riberasalud.com\/blog-de-salud\/el-inhalador-mucho-mas-que-un-gesto-resolver-dudas-clave-para-controlar-el-asma\/","url":"https:\/\/riberasalud.com\/blog-de-salud\/el-inhalador-mucho-mas-que-un-gesto-resolver-dudas-clave-para-controlar-el-asma\/","name":"El inhalador, mucho m\u00e1s que un gesto: resolver dudas clave para controlar el asma - Blog de Salud","isPartOf":{"@id":"https:\/\/riberasalud.com\/blog-de-salud\/#website"},"primaryImageOfPage":{"@id":"https:\/\/riberasalud.com\/blog-de-salud\/el-inhalador-mucho-mas-que-un-gesto-resolver-dudas-clave-para-controlar-el-asma\/#primaryimage"},"image":{"@id":"https:\/\/riberasalud.com\/blog-de-salud\/el-inhalador-mucho-mas-que-un-gesto-resolver-dudas-clave-para-controlar-el-asma\/#primaryimage"},"thumbnailUrl":"https:\/\/riberasalud.com\/blog-de-salud\/wp-content\/uploads\/2026\/04\/young-woman-holds-asthma-inhaler-close-up.jpg","datePublished":"2026-04-29T14:50:18+00:00","dateModified":"2026-04-29T14:50:21+00:00","description":"El inhalador es el pilar fundamental del tratamiento porque permite que el medicamento llegue directamente a las v\u00edas respiratorias.","breadcrumb":{"@id":"https:\/\/riberasalud.com\/blog-de-salud\/el-inhalador-mucho-mas-que-un-gesto-resolver-dudas-clave-para-controlar-el-asma\/#breadcrumb"},"inLanguage":"es","potentialAction":[{"@type":"ReadAction","target":["https:\/\/riberasalud.com\/blog-de-salud\/el-inhalador-mucho-mas-que-un-gesto-resolver-dudas-clave-para-controlar-el-asma\/"]}]},{"@type":"ImageObject","inLanguage":"es","@id":"https:\/\/riberasalud.com\/blog-de-salud\/el-inhalador-mucho-mas-que-un-gesto-resolver-dudas-clave-para-controlar-el-asma\/#primaryimage","url":"https:\/\/riberasalud.com\/blog-de-salud\/wp-content\/uploads\/2026\/04\/young-woman-holds-asthma-inhaler-close-up.jpg","contentUrl":"https:\/\/riberasalud.com\/blog-de-salud\/wp-content\/uploads\/2026\/04\/young-woman-holds-asthma-inhaler-close-up.jpg","width":800,"height":533,"caption":"Young woman holds asthma inhaler, close up"},{"@type":"BreadcrumbList","@id":"https:\/\/riberasalud.com\/blog-de-salud\/el-inhalador-mucho-mas-que-un-gesto-resolver-dudas-clave-para-controlar-el-asma\/#breadcrumb","itemListElement":[{"@type":"ListItem","position":1,"name":"Portada","item":"https:\/\/riberasalud.com\/blog-de-salud\/"},{"@type":"ListItem","position":2,"name":"El inhalador, mucho m\u00e1s que un gesto: resolver dudas clave para controlar el asma"}]},{"@type":"WebSite","@id":"https:\/\/riberasalud.com\/blog-de-salud\/#website","url":"https:\/\/riberasalud.com\/blog-de-salud\/","name":"Blog de Salud","description":"Grupo Ribera","publisher":{"@id":"https:\/\/riberasalud.com\/blog-de-salud\/#organization"},"potentialAction":[{"@type":"SearchAction","target":{"@type":"EntryPoint","urlTemplate":"https:\/\/riberasalud.com\/blog-de-salud\/?s={search_term_string}"},"query-input":{"@type":"PropertyValueSpecification","valueRequired":true,"valueName":"search_term_string"}}],"inLanguage":"es"},{"@type":"Organization","@id":"https:\/\/riberasalud.com\/blog-de-salud\/#organization","name":"Blog de Salud","url":"https:\/\/riberasalud.com\/blog-de-salud\/","logo":{"@type":"ImageObject","inLanguage":"es","@id":"https:\/\/riberasalud.com\/blog-de-salud\/#\/schema\/logo\/image\/","url":"https:\/\/riberasalud.com\/blog-de-salud\/wp-content\/uploads\/2022\/09\/cropped-Logotipo-Red-qgbhgk.png","contentUrl":"https:\/\/riberasalud.com\/blog-de-salud\/wp-content\/uploads\/2022\/09\/cropped-Logotipo-Red-qgbhgk.png","width":5001,"height":1976,"caption":"Blog de Salud"},"image":{"@id":"https:\/\/riberasalud.com\/blog-de-salud\/#\/schema\/logo\/image\/"}},{"@type":"Person","@id":"https:\/\/riberasalud.com\/blog-de-salud\/#\/schema\/person\/cb8206dc7accca50a7b7fc404fc6fd29","name":"Grupo Sanitario Ribera","image":{"@type":"ImageObject","inLanguage":"es","@id":"https:\/\/secure.gravatar.com\/avatar\/4fbc514e206acdf97ee26602f375be0b2a370574f96ff09ba3630e4b313d1d29?s=96&d=mm&r=g","url":"https:\/\/secure.gravatar.com\/avatar\/4fbc514e206acdf97ee26602f375be0b2a370574f96ff09ba3630e4b313d1d29?s=96&d=mm&r=g","contentUrl":"https:\/\/secure.gravatar.com\/avatar\/4fbc514e206acdf97ee26602f375be0b2a370574f96ff09ba3630e4b313d1d29?s=96&d=mm&r=g","caption":"Grupo Sanitario Ribera"},"url":"https:\/\/riberasalud.com\/blog-de-salud\/author\/marsanchez\/"}]}},"_links":{"self":[{"href":"https:\/\/riberasalud.com\/blog-de-salud\/wp-json\/wp\/v2\/posts\/11862","targetHints":{"allow":["GET"]}}],"collection":[{"href":"https:\/\/riberasalud.com\/blog-de-salud\/wp-json\/wp\/v2\/posts"}],"about":[{"href":"https:\/\/riberasalud.com\/blog-de-salud\/wp-json\/wp\/v2\/types\/post"}],"author":[{"embeddable":true,"href":"https:\/\/riberasalud.com\/blog-de-salud\/wp-json\/wp\/v2\/users\/6"}],"replies":[{"embeddable":true,"href":"https:\/\/riberasalud.com\/blog-de-salud\/wp-json\/wp\/v2\/comments?post=11862"}],"version-history":[{"count":1,"href":"https:\/\/riberasalud.com\/blog-de-salud\/wp-json\/wp\/v2\/posts\/11862\/revisions"}],"predecessor-version":[{"id":11864,"href":"https:\/\/riberasalud.com\/blog-de-salud\/wp-json\/wp\/v2\/posts\/11862\/revisions\/11864"}],"wp:featuredmedia":[{"embeddable":true,"href":"https:\/\/riberasalud.com\/blog-de-salud\/wp-json\/wp\/v2\/media\/11863"}],"wp:attachment":[{"href":"https:\/\/riberasalud.com\/blog-de-salud\/wp-json\/wp\/v2\/media?parent=11862"}],"wp:term":[{"taxonomy":"category","embeddable":true,"href":"https:\/\/riberasalud.com\/blog-de-salud\/wp-json\/wp\/v2\/categories?post=11862"},{"taxonomy":"post_tag","embeddable":true,"href":"https:\/\/riberasalud.com\/blog-de-salud\/wp-json\/wp\/v2\/tags?post=11862"}],"curies":[{"name":"wp","href":"https:\/\/api.w.org\/{rel}","templated":true}]}}