{"id":11267,"date":"2024-02-28T16:22:35","date_gmt":"2024-02-28T16:22:35","guid":{"rendered":"https:\/\/riberasalud.com\/blog-de-salud\/?p=11267"},"modified":"2024-02-28T16:23:26","modified_gmt":"2024-02-28T16:23:26","slug":"auriculares-y-perdida-de-audicion-causas-y-consejos","status":"publish","type":"post","link":"https:\/\/riberasalud.com\/blog-de-salud\/auriculares-y-perdida-de-audicion-causas-y-consejos\/","title":{"rendered":"Auriculares y p\u00e9rdida de audici\u00f3n: causas y consejos\u00a0"},"content":{"rendered":"\n<p>Cuidar la salud auditiva no se considera una prioridad para una parte importante de la poblaci\u00f3n y lo es, al menos, en la misma medida que otros sentidos y sistemas de nuestro organismo. Se calcula que una tercera parte de la poblaci\u00f3n mundial y 3 de cada 4 habitantes de ciudades industrializadas tienen alg\u00fan grado de p\u00e9rdida auditiva como consecuencia de la exposici\u00f3n a sonidos de alta intensidad. Solo en Espa\u00f1a se calcula que unos cinco millones de personas sufren hipoacusia o sordera. El pr\u00f3ximo domingo se conmemora el <strong>D\u00eda Mundial de la Audici\u00f3n<\/strong>, como cada 3 de marzo y, en este contexto, vamos a hablar hoy sobre este problema de salud y sus causas m\u00e1s frecuentes. Adem\u00e1s, de la mano de nuestros profesionales, te damos algunos consejos para prevenir estos problemas.&nbsp;<\/p>\n\n\n\n<p>La Organizaci\u00f3n Mundial de la Salud (<a href=\"https:\/\/www.who.int\/es\" target=\"_blank\" rel=\"noreferrer noopener\">OMS<\/a>) define el ruido como \u201ccomo un sonido desagradable y molesto que es potencialmente nocivo para la audici\u00f3n\u201d y ha se\u00f1alado que los eventos por el <a href=\"https:\/\/www.who.int\/es\/campaigns\/world-hearing-day\/2024\" target=\"_blank\" rel=\"noreferrer noopener\">D\u00eda Mundial de la Audici\u00f3n<\/a> este a\u00f1o \u201cgirar\u00e1n en torno a los problemas derivados de las ideas err\u00f3neas y las mentalidades estigmatizantes de la sociedad, abordando para ello la falta de sensibilizaci\u00f3n y de informaci\u00f3n exacta que existe tanto en la poblaci\u00f3n en general como entre los proveedores de atenci\u00f3n de salud\u201d.&nbsp;<\/p>\n\n\n\n<h2 class=\"wp-block-heading\"><strong>Causas y fuentes de ruido que afectan al o\u00eddo<\/strong>&nbsp;<\/h2>\n\n\n\n<p>El jefe de Otorrinolaringolog\u00eda del hospital <a href=\"http:\/\/riberasalud.com\/povisa\/\" target=\"_blank\" rel=\"noreferrer noopener\">Ribera Povisa<\/a> (Vigo), el doctor Roberto Vald\u00e9s, se\u00f1ala como principales fuentes de ruido \u201cque pueden da\u00f1ar los o\u00eddos y la salud en general\u201d el tr\u00e1fico, transportes como aviones o trenes, conciertos y discotecas y el uso continuado de reproductores personales de m\u00fasica, \u201ccon un volumen excesivamente elevado\u201d. Y advierte: \u201cSu uso es la actividad diaria m\u00e1s popular entre los universitarios, lo que est\u00e1 condicionando que la p\u00e9rdida auditiva aparezca a edades m\u00e1s tempranas, adelantando la aparici\u00f3n de d\u00e9ficit de audici\u00f3n asociado a los 20 a\u00f1os\u201d.&nbsp;<\/p>\n\n\n\n<p>El especialista del grupo sanitario <a href=\"https:\/\/www.riberasalud.com\/\" target=\"_blank\" rel=\"noreferrer noopener\">Ribera<\/a> asegura que la p\u00e9rdida de audici\u00f3n o hipoacusia, inducida por el ruido \u201cse denomina traumatismo ac\u00fastico (agudo o cr\u00f3nico) y es un problema importante de salud\u201d. \u201cEl traumatismo ac\u00fastico agudo se produce cuando hay una exposici\u00f3n a un ruido \u00fanico de muy corta duraci\u00f3n, pero de muy alta intensidad, como una explosi\u00f3n, disparos, petardos, determinados ruidos industriales o los generados en discotecas o conciertos. Y el traumatismo ac\u00fastico cr\u00f3nico, llamado tambi\u00e9n da\u00f1o auditivo inducido por el ruido, es la p\u00e9rdida auditiva continua, permanente y acumulativa, de origen neurosensorial que se desarrolla de forma gradual a lo largo de los a\u00f1os\u201d, explica.&nbsp;<\/p>\n\n\n\n<h2 class=\"wp-block-heading\"><strong>Consejos para prevenir la p\u00e9rdida de audici\u00f3n por ruidos fuertes<\/strong>&nbsp;<\/h2>\n\n\n\n<p>El doctor Vald\u00e9s facilita algunos consejos para prevenir la p\u00e9rdida de audici\u00f3n, muchos relacionados con el uso de auriculares, pero tambi\u00e9n con otros ruidos fuertes que pueden afectar a la salud de nuestros o\u00eddos.&nbsp;<\/p>\n\n\n\n<ul class=\"wp-block-list\">\n<li>Establecer el est\u00e1ndar m\u00ednimo de salida autom\u00e1tico de audio con auriculares en 85 decibelios (dB) o menos. La OMS establece que 65 dB es el volumen id\u00f3neo para garantizar la salud auditiva.&nbsp;<\/li>\n\n\n\n<li>Si el usuario decide voluntariamente incrementar los niveles a m\u00e1s de 85 dB, estos dispositivos deber\u00edan incorporar medidas de aviso cada 20 horas, alertando del riesgo.&nbsp;<\/li>\n\n\n\n<li>Nunca se deben de sobrepasar los 100 dB.&nbsp;&nbsp;<\/li>\n\n\n\n<li>El uso de \u201cinsertores auriculares\u201d es a\u00fan m\u00e1s peligroso.&nbsp;<\/li>\n\n\n\n<li>Instalar un son\u00f3metro como aplicaci\u00f3n en el m\u00f3vil y activar las alertas que muchos dispositivos ya incorporan para la seguridad auditiva.&nbsp;<\/li>\n\n\n\n<li>Aplicar la f\u00f3rmula 60-60: hacer uso de este tipo de aparatos no m\u00e1s de 60 minutos (1 hora al d\u00eda) y no superar el 60% de su volumen potencial.&nbsp;<\/li>\n\n\n\n<li>Alejarse de las fuentes de ruido (por ejemplo, los altavoces)&nbsp;<\/li>\n\n\n\n<li>Amortiguar el ruido con el uso de protectores o tapones&nbsp;<\/li>\n\n\n\n<li>Procurar no generar ruidos que molesten a otros&nbsp;<\/li>\n<\/ul>\n\n\n\n<h2 class=\"wp-block-heading\"><strong>Otros problemas de salud asociados<\/strong>&nbsp;<\/h2>\n\n\n\n<p>M\u00e1s all\u00e1 de la p\u00e9rdida de audici\u00f3n o hipoacusia, que puede desembocar incluso en sordera, los efectos sobre la salud de la poblaci\u00f3n son muy importantes, tal y como explica el doctor Vald\u00e9s y que enumeramos a continuaci\u00f3n, avalados por la Comisi\u00f3n de Audiolog\u00eda de la Sociedad Espa\u00f1ola de Otorrinolaringolog\u00eda (<a href=\"https:\/\/seorl.net\/\" target=\"_blank\" rel=\"noreferrer noopener\">SEORL<\/a>). Y recuerda: \u201cLos da\u00f1os en el o\u00eddo causados por el ruido son irreversibles. Cuando la exposici\u00f3n al ruido deteriora las c\u00e9lulas ciliadas del o\u00eddo interno, el da\u00f1o sufrido es permanente y las c\u00e9lulas ciliadas no se pueden recuperar\u201d.&nbsp;<\/p>\n\n\n\n<ul class=\"wp-block-list\">\n<li>Dificulta la comunicaci\u00f3n&nbsp;<\/li>\n\n\n\n<li>Aumenta el riesgo de enfermedades cardiovasculares&nbsp;<\/li>\n\n\n\n<li>Produce insomnio&nbsp;<\/li>\n\n\n\n<li>Genera estr\u00e9s y problemas psicol\u00f3gicos&nbsp;<\/li>\n\n\n\n<li>Dificulta el aprendizaje al disminuir la capacidad de atenci\u00f3n y concentraci\u00f3n&nbsp;&nbsp;<\/li>\n\n\n\n<li>Puede afectar a la memoria y la motivaci\u00f3n\u00a0<\/li>\n<\/ul>\n\n\n\n<p class=\"has-small-font-size\"><em>AVISO: La finalidad de este blog es proporcionar informaci\u00f3n de salud que, en ning\u00fan caso sustituye la consulta con un m\u00e9dico. El grupo sanitario Ribera no se hace responsable de los contenidos, opiniones e im\u00e1genes que aparezcan relacionados con los blogs, pero si es informado de que existe cualquier contenido inapropiado o il\u00edcito, proceder\u00e1 a su eliminaci\u00f3n de forma inmediata.<\/em><\/p>\n\n\n\n<p class=\"has-small-font-size\"><em>Los textos, art\u00edculos y contenidos de este blog est\u00e1n sujetos y protegidos por derechos de propiedad intelectual e industrial, disponiendo el grupo sanitario Ribera de los permisos necesarios para la utilizaci\u00f3n de las im\u00e1genes, fotograf\u00edas, textos, dise\u00f1os, animaciones y dem\u00e1s contenido o elementos que en \u00e9l aparezcan. El acceso y utilizaci\u00f3n de este blog no confiere al visitante ning\u00fan tipo de licencia o derecho de uso o explotaci\u00f3n alguno, por lo que el uso, reproducci\u00f3n, distribuci\u00f3n, comunicaci\u00f3n p\u00fablica, transformaci\u00f3n o cualquier otra actividad similar o an\u00e1loga, queda totalmente prohibida, salvo que medie expresa autorizaci\u00f3n por escrito del grupo sanitario Ribera.<\/em><\/p>\n\n\n\n<p class=\"has-small-font-size\"><em>El grupo sanitario Ribera se reserva la facultad de retirar o suspender temporal o definitivamente, en cualquier momento y sin necesidad de aviso previo, el acceso al blog y\/o a los contenidos del mismo a aquellos visitantes, internautas o usuarios de internet que incumplan lo establecido en el presente Aviso, todo ello sin perjuicio del ejercicio de las acciones contra los mismos que procedan conforme a la Ley y al Derech<\/em>o.<\/p>\n","protected":false},"excerpt":{"rendered":"<p>Cuidar la salud auditiva no se considera una prioridad para &#8230; <a title=\"Auriculares y p\u00e9rdida de audici\u00f3n: causas y consejos\u00a0\" class=\"read-more\" href=\"https:\/\/riberasalud.com\/blog-de-salud\/auriculares-y-perdida-de-audicion-causas-y-consejos\/\" aria-label=\"Leer m\u00e1s sobre Auriculares y p\u00e9rdida de audici\u00f3n: causas y consejos\u00a0\">Leer m\u00e1s<\/a><\/p>\n","protected":false},"author":1,"featured_media":11268,"comment_status":"open","ping_status":"open","sticky":false,"template":"","format":"standard","meta":{"_mi_skip_tracking":false,"footnotes":""},"categories":[1474],"tags":[],"class_list":["post-11267","post","type-post","status-publish","format-standard","has-post-thumbnail","hentry","category-otorrinolaringologia","generate-columns","tablet-grid-50","mobile-grid-100","grid-parent","grid-33"],"yoast_head":"<!-- This site is optimized with the Yoast SEO plugin v27.4 - https:\/\/yoast.com\/product\/yoast-seo-wordpress\/ -->\n<title>Auriculares y p\u00e9rdida de audici\u00f3n: causas y consejos\u00a0 - Blog de Salud<\/title>\n<meta name=\"robots\" content=\"index, follow, max-snippet:-1, max-image-preview:large, max-video-preview:-1\" \/>\n<link rel=\"canonical\" href=\"https:\/\/riberasalud.com\/blog-de-salud\/auriculares-y-perdida-de-audicion-causas-y-consejos\/\" \/>\n<meta property=\"og:locale\" content=\"es_ES\" \/>\n<meta property=\"og:type\" content=\"article\" \/>\n<meta property=\"og:title\" content=\"Auriculares y p\u00e9rdida de audici\u00f3n: causas y consejos\u00a0 - Blog de Salud\" \/>\n<meta property=\"og:description\" content=\"Cuidar la salud auditiva no se considera una prioridad para ... Leer m\u00e1s\" \/>\n<meta property=\"og:url\" content=\"https:\/\/riberasalud.com\/blog-de-salud\/auriculares-y-perdida-de-audicion-causas-y-consejos\/\" \/>\n<meta property=\"og:site_name\" content=\"Blog de Salud\" \/>\n<meta property=\"article:published_time\" content=\"2024-02-28T16:22:35+00:00\" \/>\n<meta property=\"article:modified_time\" content=\"2024-02-28T16:23:26+00:00\" \/>\n<meta property=\"og:image\" content=\"https:\/\/riberasalud.com\/blog-de-salud\/wp-content\/uploads\/2024\/02\/home-technology-and-music-concept-teen-girl-wit-2023-11-27-05-16-08-utc-scaled.jpg\" \/>\n\t<meta property=\"og:image:width\" content=\"2560\" \/>\n\t<meta property=\"og:image:height\" content=\"1709\" \/>\n\t<meta property=\"og:image:type\" content=\"image\/jpeg\" \/>\n<meta name=\"author\" content=\"jorge@quois.com\" \/>\n<meta name=\"twitter:card\" content=\"summary_large_image\" \/>\n<meta name=\"twitter:label1\" content=\"Escrito por\" \/>\n\t<meta name=\"twitter:data1\" content=\"jorge@quois.com\" \/>\n\t<meta name=\"twitter:label2\" content=\"Tiempo de lectura\" \/>\n\t<meta name=\"twitter:data2\" content=\"5 minutos\" \/>\n<script type=\"application\/ld+json\" class=\"yoast-schema-graph\">{\"@context\":\"https:\\\/\\\/schema.org\",\"@graph\":[{\"@type\":\"Article\",\"@id\":\"https:\\\/\\\/riberasalud.com\\\/blog-de-salud\\\/auriculares-y-perdida-de-audicion-causas-y-consejos\\\/#article\",\"isPartOf\":{\"@id\":\"https:\\\/\\\/riberasalud.com\\\/blog-de-salud\\\/auriculares-y-perdida-de-audicion-causas-y-consejos\\\/\"},\"author\":{\"name\":\"jorge@quois.com\",\"@id\":\"https:\\\/\\\/riberasalud.com\\\/blog-de-salud\\\/#\\\/schema\\\/person\\\/cfc87031d4c466e3bdbd04f366a43213\"},\"headline\":\"Auriculares y p\u00e9rdida de audici\u00f3n: causas y consejos\u00a0\",\"datePublished\":\"2024-02-28T16:22:35+00:00\",\"dateModified\":\"2024-02-28T16:23:26+00:00\",\"mainEntityOfPage\":{\"@id\":\"https:\\\/\\\/riberasalud.com\\\/blog-de-salud\\\/auriculares-y-perdida-de-audicion-causas-y-consejos\\\/\"},\"wordCount\":1123,\"commentCount\":0,\"publisher\":{\"@id\":\"https:\\\/\\\/riberasalud.com\\\/blog-de-salud\\\/#organization\"},\"image\":{\"@id\":\"https:\\\/\\\/riberasalud.com\\\/blog-de-salud\\\/auriculares-y-perdida-de-audicion-causas-y-consejos\\\/#primaryimage\"},\"thumbnailUrl\":\"https:\\\/\\\/riberasalud.com\\\/blog-de-salud\\\/wp-content\\\/uploads\\\/2024\\\/02\\\/home-technology-and-music-concept-teen-girl-wit-2023-11-27-05-16-08-utc-scaled.jpg\",\"articleSection\":[\"Otorrinolaringolog\u00eda\"],\"inLanguage\":\"es\",\"potentialAction\":[{\"@type\":\"CommentAction\",\"name\":\"Comment\",\"target\":[\"https:\\\/\\\/riberasalud.com\\\/blog-de-salud\\\/auriculares-y-perdida-de-audicion-causas-y-consejos\\\/#respond\"]}]},{\"@type\":\"WebPage\",\"@id\":\"https:\\\/\\\/riberasalud.com\\\/blog-de-salud\\\/auriculares-y-perdida-de-audicion-causas-y-consejos\\\/\",\"url\":\"https:\\\/\\\/riberasalud.com\\\/blog-de-salud\\\/auriculares-y-perdida-de-audicion-causas-y-consejos\\\/\",\"name\":\"Auriculares y p\u00e9rdida de audici\u00f3n: causas y consejos\u00a0 - Blog de Salud\",\"isPartOf\":{\"@id\":\"https:\\\/\\\/riberasalud.com\\\/blog-de-salud\\\/#website\"},\"primaryImageOfPage\":{\"@id\":\"https:\\\/\\\/riberasalud.com\\\/blog-de-salud\\\/auriculares-y-perdida-de-audicion-causas-y-consejos\\\/#primaryimage\"},\"image\":{\"@id\":\"https:\\\/\\\/riberasalud.com\\\/blog-de-salud\\\/auriculares-y-perdida-de-audicion-causas-y-consejos\\\/#primaryimage\"},\"thumbnailUrl\":\"https:\\\/\\\/riberasalud.com\\\/blog-de-salud\\\/wp-content\\\/uploads\\\/2024\\\/02\\\/home-technology-and-music-concept-teen-girl-wit-2023-11-27-05-16-08-utc-scaled.jpg\",\"datePublished\":\"2024-02-28T16:22:35+00:00\",\"dateModified\":\"2024-02-28T16:23:26+00:00\",\"breadcrumb\":{\"@id\":\"https:\\\/\\\/riberasalud.com\\\/blog-de-salud\\\/auriculares-y-perdida-de-audicion-causas-y-consejos\\\/#breadcrumb\"},\"inLanguage\":\"es\",\"potentialAction\":[{\"@type\":\"ReadAction\",\"target\":[\"https:\\\/\\\/riberasalud.com\\\/blog-de-salud\\\/auriculares-y-perdida-de-audicion-causas-y-consejos\\\/\"]}]},{\"@type\":\"ImageObject\",\"inLanguage\":\"es\",\"@id\":\"https:\\\/\\\/riberasalud.com\\\/blog-de-salud\\\/auriculares-y-perdida-de-audicion-causas-y-consejos\\\/#primaryimage\",\"url\":\"https:\\\/\\\/riberasalud.com\\\/blog-de-salud\\\/wp-content\\\/uploads\\\/2024\\\/02\\\/home-technology-and-music-concept-teen-girl-wit-2023-11-27-05-16-08-utc-scaled.jpg\",\"contentUrl\":\"https:\\\/\\\/riberasalud.com\\\/blog-de-salud\\\/wp-content\\\/uploads\\\/2024\\\/02\\\/home-technology-and-music-concept-teen-girl-wit-2023-11-27-05-16-08-utc-scaled.jpg\",\"width\":2560,\"height\":1709,\"caption\":\"home, technology and music concept - teen girl with headphones at home\"},{\"@type\":\"BreadcrumbList\",\"@id\":\"https:\\\/\\\/riberasalud.com\\\/blog-de-salud\\\/auriculares-y-perdida-de-audicion-causas-y-consejos\\\/#breadcrumb\",\"itemListElement\":[{\"@type\":\"ListItem\",\"position\":1,\"name\":\"Portada\",\"item\":\"https:\\\/\\\/riberasalud.com\\\/blog-de-salud\\\/\"},{\"@type\":\"ListItem\",\"position\":2,\"name\":\"Auriculares y p\u00e9rdida de audici\u00f3n: causas y consejos\u00a0\"}]},{\"@type\":\"WebSite\",\"@id\":\"https:\\\/\\\/riberasalud.com\\\/blog-de-salud\\\/#website\",\"url\":\"https:\\\/\\\/riberasalud.com\\\/blog-de-salud\\\/\",\"name\":\"Blog de Salud\",\"description\":\"Grupo Ribera\",\"publisher\":{\"@id\":\"https:\\\/\\\/riberasalud.com\\\/blog-de-salud\\\/#organization\"},\"potentialAction\":[{\"@type\":\"SearchAction\",\"target\":{\"@type\":\"EntryPoint\",\"urlTemplate\":\"https:\\\/\\\/riberasalud.com\\\/blog-de-salud\\\/?s={search_term_string}\"},\"query-input\":{\"@type\":\"PropertyValueSpecification\",\"valueRequired\":true,\"valueName\":\"search_term_string\"}}],\"inLanguage\":\"es\"},{\"@type\":\"Organization\",\"@id\":\"https:\\\/\\\/riberasalud.com\\\/blog-de-salud\\\/#organization\",\"name\":\"Blog de Salud\",\"url\":\"https:\\\/\\\/riberasalud.com\\\/blog-de-salud\\\/\",\"logo\":{\"@type\":\"ImageObject\",\"inLanguage\":\"es\",\"@id\":\"https:\\\/\\\/riberasalud.com\\\/blog-de-salud\\\/#\\\/schema\\\/logo\\\/image\\\/\",\"url\":\"https:\\\/\\\/riberasalud.com\\\/blog-de-salud\\\/wp-content\\\/uploads\\\/2022\\\/09\\\/cropped-Logotipo-Red-qgbhgk.png\",\"contentUrl\":\"https:\\\/\\\/riberasalud.com\\\/blog-de-salud\\\/wp-content\\\/uploads\\\/2022\\\/09\\\/cropped-Logotipo-Red-qgbhgk.png\",\"width\":5001,\"height\":1976,\"caption\":\"Blog de Salud\"},\"image\":{\"@id\":\"https:\\\/\\\/riberasalud.com\\\/blog-de-salud\\\/#\\\/schema\\\/logo\\\/image\\\/\"}},{\"@type\":\"Person\",\"@id\":\"https:\\\/\\\/riberasalud.com\\\/blog-de-salud\\\/#\\\/schema\\\/person\\\/cfc87031d4c466e3bdbd04f366a43213\",\"name\":\"jorge@quois.com\",\"image\":{\"@type\":\"ImageObject\",\"inLanguage\":\"es\",\"@id\":\"https:\\\/\\\/secure.gravatar.com\\\/avatar\\\/bca8cccf11ce6757dcdec6ce293d120c16d33c83aeb423357cce3f49f3abae94?s=96&d=mm&r=g\",\"url\":\"https:\\\/\\\/secure.gravatar.com\\\/avatar\\\/bca8cccf11ce6757dcdec6ce293d120c16d33c83aeb423357cce3f49f3abae94?s=96&d=mm&r=g\",\"contentUrl\":\"https:\\\/\\\/secure.gravatar.com\\\/avatar\\\/bca8cccf11ce6757dcdec6ce293d120c16d33c83aeb423357cce3f49f3abae94?s=96&d=mm&r=g\",\"caption\":\"jorge@quois.com\"},\"sameAs\":[\"https:\\\/\\\/riberasalud.com\\\/blog-de-salud\"],\"url\":\"https:\\\/\\\/riberasalud.com\\\/blog-de-salud\\\/author\\\/jorgequois-com\\\/\"}]}<\/script>\n<!-- \/ Yoast SEO plugin. -->","yoast_head_json":{"title":"Auriculares y p\u00e9rdida de audici\u00f3n: causas y consejos\u00a0 - Blog de Salud","robots":{"index":"index","follow":"follow","max-snippet":"max-snippet:-1","max-image-preview":"max-image-preview:large","max-video-preview":"max-video-preview:-1"},"canonical":"https:\/\/riberasalud.com\/blog-de-salud\/auriculares-y-perdida-de-audicion-causas-y-consejos\/","og_locale":"es_ES","og_type":"article","og_title":"Auriculares y p\u00e9rdida de audici\u00f3n: causas y consejos\u00a0 - Blog de Salud","og_description":"Cuidar la salud auditiva no se considera una prioridad para ... Leer m\u00e1s","og_url":"https:\/\/riberasalud.com\/blog-de-salud\/auriculares-y-perdida-de-audicion-causas-y-consejos\/","og_site_name":"Blog de Salud","article_published_time":"2024-02-28T16:22:35+00:00","article_modified_time":"2024-02-28T16:23:26+00:00","og_image":[{"width":2560,"height":1709,"url":"https:\/\/riberasalud.com\/blog-de-salud\/wp-content\/uploads\/2024\/02\/home-technology-and-music-concept-teen-girl-wit-2023-11-27-05-16-08-utc-scaled.jpg","type":"image\/jpeg"}],"author":"jorge@quois.com","twitter_card":"summary_large_image","twitter_misc":{"Escrito por":"jorge@quois.com","Tiempo de lectura":"5 minutos"},"schema":{"@context":"https:\/\/schema.org","@graph":[{"@type":"Article","@id":"https:\/\/riberasalud.com\/blog-de-salud\/auriculares-y-perdida-de-audicion-causas-y-consejos\/#article","isPartOf":{"@id":"https:\/\/riberasalud.com\/blog-de-salud\/auriculares-y-perdida-de-audicion-causas-y-consejos\/"},"author":{"name":"jorge@quois.com","@id":"https:\/\/riberasalud.com\/blog-de-salud\/#\/schema\/person\/cfc87031d4c466e3bdbd04f366a43213"},"headline":"Auriculares y p\u00e9rdida de audici\u00f3n: causas y consejos\u00a0","datePublished":"2024-02-28T16:22:35+00:00","dateModified":"2024-02-28T16:23:26+00:00","mainEntityOfPage":{"@id":"https:\/\/riberasalud.com\/blog-de-salud\/auriculares-y-perdida-de-audicion-causas-y-consejos\/"},"wordCount":1123,"commentCount":0,"publisher":{"@id":"https:\/\/riberasalud.com\/blog-de-salud\/#organization"},"image":{"@id":"https:\/\/riberasalud.com\/blog-de-salud\/auriculares-y-perdida-de-audicion-causas-y-consejos\/#primaryimage"},"thumbnailUrl":"https:\/\/riberasalud.com\/blog-de-salud\/wp-content\/uploads\/2024\/02\/home-technology-and-music-concept-teen-girl-wit-2023-11-27-05-16-08-utc-scaled.jpg","articleSection":["Otorrinolaringolog\u00eda"],"inLanguage":"es","potentialAction":[{"@type":"CommentAction","name":"Comment","target":["https:\/\/riberasalud.com\/blog-de-salud\/auriculares-y-perdida-de-audicion-causas-y-consejos\/#respond"]}]},{"@type":"WebPage","@id":"https:\/\/riberasalud.com\/blog-de-salud\/auriculares-y-perdida-de-audicion-causas-y-consejos\/","url":"https:\/\/riberasalud.com\/blog-de-salud\/auriculares-y-perdida-de-audicion-causas-y-consejos\/","name":"Auriculares y p\u00e9rdida de audici\u00f3n: causas y consejos\u00a0 - Blog de Salud","isPartOf":{"@id":"https:\/\/riberasalud.com\/blog-de-salud\/#website"},"primaryImageOfPage":{"@id":"https:\/\/riberasalud.com\/blog-de-salud\/auriculares-y-perdida-de-audicion-causas-y-consejos\/#primaryimage"},"image":{"@id":"https:\/\/riberasalud.com\/blog-de-salud\/auriculares-y-perdida-de-audicion-causas-y-consejos\/#primaryimage"},"thumbnailUrl":"https:\/\/riberasalud.com\/blog-de-salud\/wp-content\/uploads\/2024\/02\/home-technology-and-music-concept-teen-girl-wit-2023-11-27-05-16-08-utc-scaled.jpg","datePublished":"2024-02-28T16:22:35+00:00","dateModified":"2024-02-28T16:23:26+00:00","breadcrumb":{"@id":"https:\/\/riberasalud.com\/blog-de-salud\/auriculares-y-perdida-de-audicion-causas-y-consejos\/#breadcrumb"},"inLanguage":"es","potentialAction":[{"@type":"ReadAction","target":["https:\/\/riberasalud.com\/blog-de-salud\/auriculares-y-perdida-de-audicion-causas-y-consejos\/"]}]},{"@type":"ImageObject","inLanguage":"es","@id":"https:\/\/riberasalud.com\/blog-de-salud\/auriculares-y-perdida-de-audicion-causas-y-consejos\/#primaryimage","url":"https:\/\/riberasalud.com\/blog-de-salud\/wp-content\/uploads\/2024\/02\/home-technology-and-music-concept-teen-girl-wit-2023-11-27-05-16-08-utc-scaled.jpg","contentUrl":"https:\/\/riberasalud.com\/blog-de-salud\/wp-content\/uploads\/2024\/02\/home-technology-and-music-concept-teen-girl-wit-2023-11-27-05-16-08-utc-scaled.jpg","width":2560,"height":1709,"caption":"home, technology and music concept - teen girl with headphones at home"},{"@type":"BreadcrumbList","@id":"https:\/\/riberasalud.com\/blog-de-salud\/auriculares-y-perdida-de-audicion-causas-y-consejos\/#breadcrumb","itemListElement":[{"@type":"ListItem","position":1,"name":"Portada","item":"https:\/\/riberasalud.com\/blog-de-salud\/"},{"@type":"ListItem","position":2,"name":"Auriculares y p\u00e9rdida de audici\u00f3n: causas y consejos\u00a0"}]},{"@type":"WebSite","@id":"https:\/\/riberasalud.com\/blog-de-salud\/#website","url":"https:\/\/riberasalud.com\/blog-de-salud\/","name":"Blog de Salud","description":"Grupo Ribera","publisher":{"@id":"https:\/\/riberasalud.com\/blog-de-salud\/#organization"},"potentialAction":[{"@type":"SearchAction","target":{"@type":"EntryPoint","urlTemplate":"https:\/\/riberasalud.com\/blog-de-salud\/?s={search_term_string}"},"query-input":{"@type":"PropertyValueSpecification","valueRequired":true,"valueName":"search_term_string"}}],"inLanguage":"es"},{"@type":"Organization","@id":"https:\/\/riberasalud.com\/blog-de-salud\/#organization","name":"Blog de Salud","url":"https:\/\/riberasalud.com\/blog-de-salud\/","logo":{"@type":"ImageObject","inLanguage":"es","@id":"https:\/\/riberasalud.com\/blog-de-salud\/#\/schema\/logo\/image\/","url":"https:\/\/riberasalud.com\/blog-de-salud\/wp-content\/uploads\/2022\/09\/cropped-Logotipo-Red-qgbhgk.png","contentUrl":"https:\/\/riberasalud.com\/blog-de-salud\/wp-content\/uploads\/2022\/09\/cropped-Logotipo-Red-qgbhgk.png","width":5001,"height":1976,"caption":"Blog de Salud"},"image":{"@id":"https:\/\/riberasalud.com\/blog-de-salud\/#\/schema\/logo\/image\/"}},{"@type":"Person","@id":"https:\/\/riberasalud.com\/blog-de-salud\/#\/schema\/person\/cfc87031d4c466e3bdbd04f366a43213","name":"jorge@quois.com","image":{"@type":"ImageObject","inLanguage":"es","@id":"https:\/\/secure.gravatar.com\/avatar\/bca8cccf11ce6757dcdec6ce293d120c16d33c83aeb423357cce3f49f3abae94?s=96&d=mm&r=g","url":"https:\/\/secure.gravatar.com\/avatar\/bca8cccf11ce6757dcdec6ce293d120c16d33c83aeb423357cce3f49f3abae94?s=96&d=mm&r=g","contentUrl":"https:\/\/secure.gravatar.com\/avatar\/bca8cccf11ce6757dcdec6ce293d120c16d33c83aeb423357cce3f49f3abae94?s=96&d=mm&r=g","caption":"jorge@quois.com"},"sameAs":["https:\/\/riberasalud.com\/blog-de-salud"],"url":"https:\/\/riberasalud.com\/blog-de-salud\/author\/jorgequois-com\/"}]}},"_links":{"self":[{"href":"https:\/\/riberasalud.com\/blog-de-salud\/wp-json\/wp\/v2\/posts\/11267","targetHints":{"allow":["GET"]}}],"collection":[{"href":"https:\/\/riberasalud.com\/blog-de-salud\/wp-json\/wp\/v2\/posts"}],"about":[{"href":"https:\/\/riberasalud.com\/blog-de-salud\/wp-json\/wp\/v2\/types\/post"}],"author":[{"embeddable":true,"href":"https:\/\/riberasalud.com\/blog-de-salud\/wp-json\/wp\/v2\/users\/1"}],"replies":[{"embeddable":true,"href":"https:\/\/riberasalud.com\/blog-de-salud\/wp-json\/wp\/v2\/comments?post=11267"}],"version-history":[{"count":2,"href":"https:\/\/riberasalud.com\/blog-de-salud\/wp-json\/wp\/v2\/posts\/11267\/revisions"}],"predecessor-version":[{"id":11270,"href":"https:\/\/riberasalud.com\/blog-de-salud\/wp-json\/wp\/v2\/posts\/11267\/revisions\/11270"}],"wp:featuredmedia":[{"embeddable":true,"href":"https:\/\/riberasalud.com\/blog-de-salud\/wp-json\/wp\/v2\/media\/11268"}],"wp:attachment":[{"href":"https:\/\/riberasalud.com\/blog-de-salud\/wp-json\/wp\/v2\/media?parent=11267"}],"wp:term":[{"taxonomy":"category","embeddable":true,"href":"https:\/\/riberasalud.com\/blog-de-salud\/wp-json\/wp\/v2\/categories?post=11267"},{"taxonomy":"post_tag","embeddable":true,"href":"https:\/\/riberasalud.com\/blog-de-salud\/wp-json\/wp\/v2\/tags?post=11267"}],"curies":[{"name":"wp","href":"https:\/\/api.w.org\/{rel}","templated":true}]}}