{"id":11262,"date":"2024-02-21T11:37:09","date_gmt":"2024-02-21T11:37:09","guid":{"rendered":"https:\/\/riberasalud.com\/blog-de-salud\/?p=11262"},"modified":"2024-02-21T11:44:47","modified_gmt":"2024-02-21T11:44:47","slug":"problemas-de-sueno-son-problemas-de-salud-enfermedades-relacionadas","status":"publish","type":"post","link":"https:\/\/riberasalud.com\/blog-de-salud\/problemas-de-sueno-son-problemas-de-salud-enfermedades-relacionadas\/","title":{"rendered":"Problemas de sue\u00f1o son problemas de salud: enfermedades relacionadas\u00a0"},"content":{"rendered":"\n<p>El sue\u00f1o es una parte fundamental de nuestra vida. Es el momento en el que nuestro cuerpo y mente se regeneran y se preparan para enfrentar un nuevo d\u00eda. Sin embargo, para muchas personas, dormir bien puede convertirse en un desaf\u00edo, afectando no solo su rendimiento diario, sino tambi\u00e9n, a largo plazo, a su salud.&nbsp;<\/p>\n\n\n\n<p>Estudios e investigaciones en todo el mundo relacionan ya los trastornos del sue\u00f1o con diferentes patolog\u00edas como las cardiovasculares, la diabetes y las enfermedades neurodegenerativas como la demencia y el Alzheimer.&nbsp;&nbsp;<\/p>\n\n\n\n<h2 class=\"wp-block-heading\"><strong>Problemas de sue\u00f1o m\u00e1s comunes<\/strong>&nbsp;<\/h2>\n\n\n\n<p>Entre los problemas de sue\u00f1o m\u00e1s habituales destacan el insomnio, la apnea del sue\u00f1o, el s\u00edndrome de piernas inquietas y los trastornos del ritmo circadiano. Estos trastornos pueden tener diferentes causas, que van desde el estr\u00e9s y la ansiedad hasta condiciones m\u00e9dicas subyacentes. Desde el Servicio de Neurolog\u00eda del Hospital Universitario de Torrej\u00f3n aseguran que \u201ccualquier trastorno del sue\u00f1o que afecta a la calidad del mismo puede relacionarse con esas enfermedades\u201d.&nbsp;<\/p>\n\n\n\n<h2 class=\"wp-block-heading\"><strong>Consecuencias de una mala higiene del sue\u00f1o<\/strong>&nbsp;<\/h2>\n\n\n\n<p>La falta de sue\u00f1o puede tener un impacto significativo en tu salud f\u00edsica y mental. A corto plazo, puede afectar a la capacidad para concentrarse, al estado de \u00e1nimo y al rendimiento en el trabajo o en la escuela. A largo plazo, puede aumentar el riesgo de desarrollar enfermedades cr\u00f3nicas como la diabetes, la hipertensi\u00f3n y la obesidad, y tambi\u00e9n patolog\u00edas de tipo neurol\u00f3gico, como las antes mencionadas. Adem\u00e1s, puede debilitar el sistema inmunol\u00f3gico, haciendo a la persona m\u00e1s susceptible a enfermedades.&nbsp;<\/p>\n\n\n\n<h3 class=\"wp-block-heading\"><strong>Sue\u00f1o y Alzheimer<\/strong>&nbsp;<\/h3>\n\n\n\n<p>\u201cLa hip\u00f3tesis que mantiene que la mala calidad del sue\u00f1o puede provocar Alzheimer est\u00e1 basada en que durante el sue\u00f1o profundo se produce la limpieza de beta-amiloide, una prote\u00edna que se acumula en el cerebro de las personas con Alzheimer\u201d, introduce la doctora Pilar Alc\u00e1ntara, m\u00e9dica especialista en Neurolog\u00eda del Hospital Universitario de Torrej\u00f3n. \u201cCuando hablamos de mala calidad del sue\u00f1o nos referimos a dificultades para conciliar el sue\u00f1o, permanecer dormido o experimentar un sue\u00f1o fragmentado\u201d, explica. Adem\u00e1s, destaca la importancia del diagn\u00f3stico y el tratamiento de trastornos como la apnea del sue\u00f1o o el insomnio cr\u00f3nico y persistente a lo largo de los a\u00f1os, ya que \u201cse asocian a un mayor riesgo de deterioro cognitivo y demencia\u201d.&nbsp;<\/p>\n\n\n\n<h3 class=\"wp-block-heading\"><strong>Estado de \u00e1nimo y salud mental<\/strong>&nbsp;<\/h3>\n\n\n\n<p>La falta de descanso nocturno de calidad se puede identificar a corto plazo con diferentes alteraciones que interfieren en las capacidades cognitivas y conductas para enfrentar el d\u00eda a d\u00eda. \u201cAparecen dificultades para mantener la concentraci\u00f3n en una tarea, leer y retener informaci\u00f3n\u201d, explica la doctora. \u201cDesde el punto de vista de la conducta, se produce un aumento de la impulsividad, tomando decisiones inapropiadas y optando por comidas m\u00e1s grasas y cal\u00f3ricas. Tambi\u00e9n se altera el procesamiento emocional, aumentando la irritabilidad, percibiendo la realidad de forma negativa o amenazante\u201d, advierte Alc\u00e1ntara. Adem\u00e1s, \u201cafecta a la coordinaci\u00f3n motora, pudiendo triplicar el riesgo de accidentes cuando se mantiene un sue\u00f1o por debajo de cinco horas\u201d.&nbsp;<\/p>\n\n\n\n<p>Todas estas alteraciones a corto y a largo plazo pueden ser reversibles, si se consigue mejorar la calidad e higiene del sue\u00f1o y los h\u00e1bitos de vida. Para ello, es aconsejable acudir a un especialista en sue\u00f1o o a una Unidad del sue\u00f1o, como la del hospital <a href=\"https:\/\/riberasalud.com\/polusa\/unidad-del-sueno\/\" target=\"_blank\" rel=\"noreferrer noopener\">Ribera Polusa<\/a>, tambi\u00e9n del grupo sanitario Ribera. Tambi\u00e9n se recomienda asistir a talleres y formaciones pr\u00e1cticas como la Escuela de Neurolog\u00eda, totalmente gratuita y abierta a todos los p\u00fablicos, del <a href=\"https:\/\/www.hospitaldetorrejon.es\/\" target=\"_blank\" rel=\"noreferrer noopener\">Hospital Universitario de Torrej\u00f3n<\/a>, donde se explica la importancia de mantener una buena calidad del sue\u00f1o para cuidar la salud neurol\u00f3gica, dando diferentes herramientas y medidas beneficiosas que pueden ayudar a mantener una calidad del sue\u00f1o \u00f3ptima y una correcta higiene del sue\u00f1o.&nbsp;<\/p>\n\n\n\n<h2 class=\"wp-block-heading\"><strong>C\u00f3mo saber si tienes un problema de sue\u00f1o<\/strong>&nbsp;<\/h2>\n\n\n\n<p>Es importante prestar atenci\u00f3n a las se\u00f1ales que tu cuerpo te env\u00eda. Si te cuesta conciliar el sue\u00f1o, te despiertas frecuentemente durante la noche o te sientes cansado durante el d\u00eda, es posible que est\u00e9s experimentando un problema de sue\u00f1o. Otros s\u00edntomas pueden incluir dificultad para concentrarte, cambios de humor y dolores de cabeza matutinos.&nbsp;<\/p>\n\n\n\n<p>Desde el servicio de Neurolog\u00eda definen como buena calidad del sue\u00f1o cuando nos quedamos dormidos en menos de 30 minutos, no nos despertamos m\u00e1s de una vez durante el sue\u00f1o ni nos cuesta volver a dormir. \u201cEso implicar\u00eda que se ha pasado con normalidad por todas las fases del sue\u00f1o, al menos durante cuatro o seis ciclos cada noche\u201d, argumenta. Explica que, durante las primeras horas de sue\u00f1o predomina el sue\u00f1o profundo de ondas lentas, mientras que en la segunda parte predomina el sue\u00f1o REM. \u201cPor ese motivo, si se reducen las horas de sue\u00f1o se acabar\u00e1 reduciendo de manera desproporcionada la gran mayor\u00eda del sue\u00f1o REM que se produce al final de la noche\u201d, a\u00f1ade.&nbsp;<\/p>\n\n\n\n<h2 class=\"wp-block-heading\"><strong>Pautas para una buena higiene del sue\u00f1o<\/strong>&nbsp;<\/h2>\n\n\n\n<ol class=\"wp-block-list\" start=\"1\">\n<li><strong>Establece una rutina<\/strong>: Intenta acostarte y levantarte a la misma hora todos los d\u00edas, incluso los fines de semana.\u00a0<\/li>\n<\/ol>\n\n\n\n<ol class=\"wp-block-list\" start=\"2\">\n<li><strong>Crea un ambiente propicio para dormir<\/strong>: Mant\u00e9n tu habitaci\u00f3n oscura, fresca y silenciosa.\u00a0<\/li>\n<\/ol>\n\n\n\n<ol class=\"wp-block-list\" start=\"3\">\n<li><strong>Limita la cafe\u00edna y la nicotina<\/strong>: Evita consumir estas sustancias antes de acostarte, ya que pueden dificultar conciliar el sue\u00f1o.\u00a0<\/li>\n<\/ol>\n\n\n\n<ol class=\"wp-block-list\" start=\"4\">\n<li><strong>Haz ejercicio regularmente<\/strong>: El ejercicio regular puede ayudarte a dormir mejor, pero evita hacerlo justo antes de ir a la cama.\u00a0<\/li>\n<\/ol>\n\n\n\n<ol class=\"wp-block-list\" start=\"5\">\n<li><strong>Limita las siestas<\/strong>: Si decides tomar una siesta, aseg\u00farate de que no sea demasiado larga y que no interfiera con tu horario de sue\u00f1o nocturno.\u00a0<\/li>\n<\/ol>\n\n\n\n<p>Aprende a dormir bien. Tu cuerpo y tu mente te lo agradecer\u00e1n.&nbsp;<\/p>\n","protected":false},"excerpt":{"rendered":"<p>El sue\u00f1o es una parte fundamental de nuestra vida. Es &#8230; <a title=\"Problemas de sue\u00f1o son problemas de salud: enfermedades relacionadas\u00a0\" class=\"read-more\" href=\"https:\/\/riberasalud.com\/blog-de-salud\/problemas-de-sueno-son-problemas-de-salud-enfermedades-relacionadas\/\" aria-label=\"Leer m\u00e1s sobre Problemas de sue\u00f1o son problemas de salud: enfermedades relacionadas\u00a0\">Leer m\u00e1s<\/a><\/p>\n","protected":false},"author":1,"featured_media":11265,"comment_status":"open","ping_status":"open","sticky":false,"template":"","format":"standard","meta":{"_mi_skip_tracking":false,"footnotes":""},"categories":[616],"tags":[],"class_list":["post-11262","post","type-post","status-publish","format-standard","has-post-thumbnail","hentry","category-bienestar","generate-columns","tablet-grid-50","mobile-grid-100","grid-parent","grid-33"],"yoast_head":"<!-- This site is optimized with the Yoast SEO plugin v27.4 - https:\/\/yoast.com\/product\/yoast-seo-wordpress\/ -->\n<title>Problemas de sue\u00f1o son problemas de salud: enfermedades relacionadas\u00a0 - Blog de Salud<\/title>\n<meta name=\"robots\" content=\"index, follow, max-snippet:-1, max-image-preview:large, max-video-preview:-1\" \/>\n<link rel=\"canonical\" href=\"https:\/\/riberasalud.com\/blog-de-salud\/problemas-de-sueno-son-problemas-de-salud-enfermedades-relacionadas\/\" \/>\n<meta property=\"og:locale\" content=\"es_ES\" \/>\n<meta property=\"og:type\" content=\"article\" \/>\n<meta property=\"og:title\" content=\"Problemas de sue\u00f1o son problemas de salud: enfermedades relacionadas\u00a0 - Blog de Salud\" \/>\n<meta property=\"og:description\" content=\"El sue\u00f1o es una parte fundamental de nuestra vida. Es ... Leer m\u00e1s\" \/>\n<meta property=\"og:url\" content=\"https:\/\/riberasalud.com\/blog-de-salud\/problemas-de-sueno-son-problemas-de-salud-enfermedades-relacionadas\/\" \/>\n<meta property=\"og:site_name\" content=\"Blog de Salud\" \/>\n<meta property=\"article:published_time\" content=\"2024-02-21T11:37:09+00:00\" \/>\n<meta property=\"article:modified_time\" content=\"2024-02-21T11:44:47+00:00\" \/>\n<meta property=\"og:image\" content=\"https:\/\/riberasalud.com\/blog-de-salud\/wp-content\/uploads\/2024\/02\/cute-little-boy-lying-in-bed-stretching-hands-and-2023-11-27-05-29-09-utc-scaled.jpg\" \/>\n\t<meta property=\"og:image:width\" content=\"2560\" \/>\n\t<meta property=\"og:image:height\" content=\"1440\" \/>\n\t<meta property=\"og:image:type\" content=\"image\/jpeg\" \/>\n<meta name=\"author\" content=\"jorge@quois.com\" \/>\n<meta name=\"twitter:card\" content=\"summary_large_image\" \/>\n<meta name=\"twitter:label1\" content=\"Escrito por\" \/>\n\t<meta name=\"twitter:data1\" content=\"jorge@quois.com\" \/>\n\t<meta name=\"twitter:label2\" content=\"Tiempo de lectura\" \/>\n\t<meta name=\"twitter:data2\" content=\"5 minutos\" \/>\n<script type=\"application\/ld+json\" class=\"yoast-schema-graph\">{\"@context\":\"https:\\\/\\\/schema.org\",\"@graph\":[{\"@type\":\"Article\",\"@id\":\"https:\\\/\\\/riberasalud.com\\\/blog-de-salud\\\/problemas-de-sueno-son-problemas-de-salud-enfermedades-relacionadas\\\/#article\",\"isPartOf\":{\"@id\":\"https:\\\/\\\/riberasalud.com\\\/blog-de-salud\\\/problemas-de-sueno-son-problemas-de-salud-enfermedades-relacionadas\\\/\"},\"author\":{\"name\":\"jorge@quois.com\",\"@id\":\"https:\\\/\\\/riberasalud.com\\\/blog-de-salud\\\/#\\\/schema\\\/person\\\/cfc87031d4c466e3bdbd04f366a43213\"},\"headline\":\"Problemas de sue\u00f1o son problemas de salud: enfermedades relacionadas\u00a0\",\"datePublished\":\"2024-02-21T11:37:09+00:00\",\"dateModified\":\"2024-02-21T11:44:47+00:00\",\"mainEntityOfPage\":{\"@id\":\"https:\\\/\\\/riberasalud.com\\\/blog-de-salud\\\/problemas-de-sueno-son-problemas-de-salud-enfermedades-relacionadas\\\/\"},\"wordCount\":1035,\"commentCount\":0,\"publisher\":{\"@id\":\"https:\\\/\\\/riberasalud.com\\\/blog-de-salud\\\/#organization\"},\"image\":{\"@id\":\"https:\\\/\\\/riberasalud.com\\\/blog-de-salud\\\/problemas-de-sueno-son-problemas-de-salud-enfermedades-relacionadas\\\/#primaryimage\"},\"thumbnailUrl\":\"https:\\\/\\\/riberasalud.com\\\/blog-de-salud\\\/wp-content\\\/uploads\\\/2024\\\/02\\\/cute-little-boy-lying-in-bed-stretching-hands-and-2023-11-27-05-29-09-utc-scaled.jpg\",\"articleSection\":[\"Bienestar\"],\"inLanguage\":\"es\",\"potentialAction\":[{\"@type\":\"CommentAction\",\"name\":\"Comment\",\"target\":[\"https:\\\/\\\/riberasalud.com\\\/blog-de-salud\\\/problemas-de-sueno-son-problemas-de-salud-enfermedades-relacionadas\\\/#respond\"]}]},{\"@type\":\"WebPage\",\"@id\":\"https:\\\/\\\/riberasalud.com\\\/blog-de-salud\\\/problemas-de-sueno-son-problemas-de-salud-enfermedades-relacionadas\\\/\",\"url\":\"https:\\\/\\\/riberasalud.com\\\/blog-de-salud\\\/problemas-de-sueno-son-problemas-de-salud-enfermedades-relacionadas\\\/\",\"name\":\"Problemas de sue\u00f1o son problemas de salud: enfermedades relacionadas\u00a0 - Blog de Salud\",\"isPartOf\":{\"@id\":\"https:\\\/\\\/riberasalud.com\\\/blog-de-salud\\\/#website\"},\"primaryImageOfPage\":{\"@id\":\"https:\\\/\\\/riberasalud.com\\\/blog-de-salud\\\/problemas-de-sueno-son-problemas-de-salud-enfermedades-relacionadas\\\/#primaryimage\"},\"image\":{\"@id\":\"https:\\\/\\\/riberasalud.com\\\/blog-de-salud\\\/problemas-de-sueno-son-problemas-de-salud-enfermedades-relacionadas\\\/#primaryimage\"},\"thumbnailUrl\":\"https:\\\/\\\/riberasalud.com\\\/blog-de-salud\\\/wp-content\\\/uploads\\\/2024\\\/02\\\/cute-little-boy-lying-in-bed-stretching-hands-and-2023-11-27-05-29-09-utc-scaled.jpg\",\"datePublished\":\"2024-02-21T11:37:09+00:00\",\"dateModified\":\"2024-02-21T11:44:47+00:00\",\"breadcrumb\":{\"@id\":\"https:\\\/\\\/riberasalud.com\\\/blog-de-salud\\\/problemas-de-sueno-son-problemas-de-salud-enfermedades-relacionadas\\\/#breadcrumb\"},\"inLanguage\":\"es\",\"potentialAction\":[{\"@type\":\"ReadAction\",\"target\":[\"https:\\\/\\\/riberasalud.com\\\/blog-de-salud\\\/problemas-de-sueno-son-problemas-de-salud-enfermedades-relacionadas\\\/\"]}]},{\"@type\":\"ImageObject\",\"inLanguage\":\"es\",\"@id\":\"https:\\\/\\\/riberasalud.com\\\/blog-de-salud\\\/problemas-de-sueno-son-problemas-de-salud-enfermedades-relacionadas\\\/#primaryimage\",\"url\":\"https:\\\/\\\/riberasalud.com\\\/blog-de-salud\\\/wp-content\\\/uploads\\\/2024\\\/02\\\/cute-little-boy-lying-in-bed-stretching-hands-and-2023-11-27-05-29-09-utc-scaled.jpg\",\"contentUrl\":\"https:\\\/\\\/riberasalud.com\\\/blog-de-salud\\\/wp-content\\\/uploads\\\/2024\\\/02\\\/cute-little-boy-lying-in-bed-stretching-hands-and-2023-11-27-05-29-09-utc-scaled.jpg\",\"width\":2560,\"height\":1440,\"caption\":\"Cute little boy lying in bed, stretching hands and yawn. Child waking up in bed at morning\"},{\"@type\":\"BreadcrumbList\",\"@id\":\"https:\\\/\\\/riberasalud.com\\\/blog-de-salud\\\/problemas-de-sueno-son-problemas-de-salud-enfermedades-relacionadas\\\/#breadcrumb\",\"itemListElement\":[{\"@type\":\"ListItem\",\"position\":1,\"name\":\"Portada\",\"item\":\"https:\\\/\\\/riberasalud.com\\\/blog-de-salud\\\/\"},{\"@type\":\"ListItem\",\"position\":2,\"name\":\"Problemas de sue\u00f1o son problemas de salud: enfermedades relacionadas\u00a0\"}]},{\"@type\":\"WebSite\",\"@id\":\"https:\\\/\\\/riberasalud.com\\\/blog-de-salud\\\/#website\",\"url\":\"https:\\\/\\\/riberasalud.com\\\/blog-de-salud\\\/\",\"name\":\"Blog de Salud\",\"description\":\"Grupo Ribera\",\"publisher\":{\"@id\":\"https:\\\/\\\/riberasalud.com\\\/blog-de-salud\\\/#organization\"},\"potentialAction\":[{\"@type\":\"SearchAction\",\"target\":{\"@type\":\"EntryPoint\",\"urlTemplate\":\"https:\\\/\\\/riberasalud.com\\\/blog-de-salud\\\/?s={search_term_string}\"},\"query-input\":{\"@type\":\"PropertyValueSpecification\",\"valueRequired\":true,\"valueName\":\"search_term_string\"}}],\"inLanguage\":\"es\"},{\"@type\":\"Organization\",\"@id\":\"https:\\\/\\\/riberasalud.com\\\/blog-de-salud\\\/#organization\",\"name\":\"Blog de Salud\",\"url\":\"https:\\\/\\\/riberasalud.com\\\/blog-de-salud\\\/\",\"logo\":{\"@type\":\"ImageObject\",\"inLanguage\":\"es\",\"@id\":\"https:\\\/\\\/riberasalud.com\\\/blog-de-salud\\\/#\\\/schema\\\/logo\\\/image\\\/\",\"url\":\"https:\\\/\\\/riberasalud.com\\\/blog-de-salud\\\/wp-content\\\/uploads\\\/2022\\\/09\\\/cropped-Logotipo-Red-qgbhgk.png\",\"contentUrl\":\"https:\\\/\\\/riberasalud.com\\\/blog-de-salud\\\/wp-content\\\/uploads\\\/2022\\\/09\\\/cropped-Logotipo-Red-qgbhgk.png\",\"width\":5001,\"height\":1976,\"caption\":\"Blog de Salud\"},\"image\":{\"@id\":\"https:\\\/\\\/riberasalud.com\\\/blog-de-salud\\\/#\\\/schema\\\/logo\\\/image\\\/\"}},{\"@type\":\"Person\",\"@id\":\"https:\\\/\\\/riberasalud.com\\\/blog-de-salud\\\/#\\\/schema\\\/person\\\/cfc87031d4c466e3bdbd04f366a43213\",\"name\":\"jorge@quois.com\",\"image\":{\"@type\":\"ImageObject\",\"inLanguage\":\"es\",\"@id\":\"https:\\\/\\\/secure.gravatar.com\\\/avatar\\\/bca8cccf11ce6757dcdec6ce293d120c16d33c83aeb423357cce3f49f3abae94?s=96&d=mm&r=g\",\"url\":\"https:\\\/\\\/secure.gravatar.com\\\/avatar\\\/bca8cccf11ce6757dcdec6ce293d120c16d33c83aeb423357cce3f49f3abae94?s=96&d=mm&r=g\",\"contentUrl\":\"https:\\\/\\\/secure.gravatar.com\\\/avatar\\\/bca8cccf11ce6757dcdec6ce293d120c16d33c83aeb423357cce3f49f3abae94?s=96&d=mm&r=g\",\"caption\":\"jorge@quois.com\"},\"sameAs\":[\"https:\\\/\\\/riberasalud.com\\\/blog-de-salud\"],\"url\":\"https:\\\/\\\/riberasalud.com\\\/blog-de-salud\\\/author\\\/jorgequois-com\\\/\"}]}<\/script>\n<!-- \/ Yoast SEO plugin. -->","yoast_head_json":{"title":"Problemas de sue\u00f1o son problemas de salud: enfermedades relacionadas\u00a0 - Blog de Salud","robots":{"index":"index","follow":"follow","max-snippet":"max-snippet:-1","max-image-preview":"max-image-preview:large","max-video-preview":"max-video-preview:-1"},"canonical":"https:\/\/riberasalud.com\/blog-de-salud\/problemas-de-sueno-son-problemas-de-salud-enfermedades-relacionadas\/","og_locale":"es_ES","og_type":"article","og_title":"Problemas de sue\u00f1o son problemas de salud: enfermedades relacionadas\u00a0 - Blog de Salud","og_description":"El sue\u00f1o es una parte fundamental de nuestra vida. Es ... Leer m\u00e1s","og_url":"https:\/\/riberasalud.com\/blog-de-salud\/problemas-de-sueno-son-problemas-de-salud-enfermedades-relacionadas\/","og_site_name":"Blog de Salud","article_published_time":"2024-02-21T11:37:09+00:00","article_modified_time":"2024-02-21T11:44:47+00:00","og_image":[{"width":2560,"height":1440,"url":"https:\/\/riberasalud.com\/blog-de-salud\/wp-content\/uploads\/2024\/02\/cute-little-boy-lying-in-bed-stretching-hands-and-2023-11-27-05-29-09-utc-scaled.jpg","type":"image\/jpeg"}],"author":"jorge@quois.com","twitter_card":"summary_large_image","twitter_misc":{"Escrito por":"jorge@quois.com","Tiempo de lectura":"5 minutos"},"schema":{"@context":"https:\/\/schema.org","@graph":[{"@type":"Article","@id":"https:\/\/riberasalud.com\/blog-de-salud\/problemas-de-sueno-son-problemas-de-salud-enfermedades-relacionadas\/#article","isPartOf":{"@id":"https:\/\/riberasalud.com\/blog-de-salud\/problemas-de-sueno-son-problemas-de-salud-enfermedades-relacionadas\/"},"author":{"name":"jorge@quois.com","@id":"https:\/\/riberasalud.com\/blog-de-salud\/#\/schema\/person\/cfc87031d4c466e3bdbd04f366a43213"},"headline":"Problemas de sue\u00f1o son problemas de salud: enfermedades relacionadas\u00a0","datePublished":"2024-02-21T11:37:09+00:00","dateModified":"2024-02-21T11:44:47+00:00","mainEntityOfPage":{"@id":"https:\/\/riberasalud.com\/blog-de-salud\/problemas-de-sueno-son-problemas-de-salud-enfermedades-relacionadas\/"},"wordCount":1035,"commentCount":0,"publisher":{"@id":"https:\/\/riberasalud.com\/blog-de-salud\/#organization"},"image":{"@id":"https:\/\/riberasalud.com\/blog-de-salud\/problemas-de-sueno-son-problemas-de-salud-enfermedades-relacionadas\/#primaryimage"},"thumbnailUrl":"https:\/\/riberasalud.com\/blog-de-salud\/wp-content\/uploads\/2024\/02\/cute-little-boy-lying-in-bed-stretching-hands-and-2023-11-27-05-29-09-utc-scaled.jpg","articleSection":["Bienestar"],"inLanguage":"es","potentialAction":[{"@type":"CommentAction","name":"Comment","target":["https:\/\/riberasalud.com\/blog-de-salud\/problemas-de-sueno-son-problemas-de-salud-enfermedades-relacionadas\/#respond"]}]},{"@type":"WebPage","@id":"https:\/\/riberasalud.com\/blog-de-salud\/problemas-de-sueno-son-problemas-de-salud-enfermedades-relacionadas\/","url":"https:\/\/riberasalud.com\/blog-de-salud\/problemas-de-sueno-son-problemas-de-salud-enfermedades-relacionadas\/","name":"Problemas de sue\u00f1o son problemas de salud: enfermedades relacionadas\u00a0 - Blog de Salud","isPartOf":{"@id":"https:\/\/riberasalud.com\/blog-de-salud\/#website"},"primaryImageOfPage":{"@id":"https:\/\/riberasalud.com\/blog-de-salud\/problemas-de-sueno-son-problemas-de-salud-enfermedades-relacionadas\/#primaryimage"},"image":{"@id":"https:\/\/riberasalud.com\/blog-de-salud\/problemas-de-sueno-son-problemas-de-salud-enfermedades-relacionadas\/#primaryimage"},"thumbnailUrl":"https:\/\/riberasalud.com\/blog-de-salud\/wp-content\/uploads\/2024\/02\/cute-little-boy-lying-in-bed-stretching-hands-and-2023-11-27-05-29-09-utc-scaled.jpg","datePublished":"2024-02-21T11:37:09+00:00","dateModified":"2024-02-21T11:44:47+00:00","breadcrumb":{"@id":"https:\/\/riberasalud.com\/blog-de-salud\/problemas-de-sueno-son-problemas-de-salud-enfermedades-relacionadas\/#breadcrumb"},"inLanguage":"es","potentialAction":[{"@type":"ReadAction","target":["https:\/\/riberasalud.com\/blog-de-salud\/problemas-de-sueno-son-problemas-de-salud-enfermedades-relacionadas\/"]}]},{"@type":"ImageObject","inLanguage":"es","@id":"https:\/\/riberasalud.com\/blog-de-salud\/problemas-de-sueno-son-problemas-de-salud-enfermedades-relacionadas\/#primaryimage","url":"https:\/\/riberasalud.com\/blog-de-salud\/wp-content\/uploads\/2024\/02\/cute-little-boy-lying-in-bed-stretching-hands-and-2023-11-27-05-29-09-utc-scaled.jpg","contentUrl":"https:\/\/riberasalud.com\/blog-de-salud\/wp-content\/uploads\/2024\/02\/cute-little-boy-lying-in-bed-stretching-hands-and-2023-11-27-05-29-09-utc-scaled.jpg","width":2560,"height":1440,"caption":"Cute little boy lying in bed, stretching hands and yawn. Child waking up in bed at morning"},{"@type":"BreadcrumbList","@id":"https:\/\/riberasalud.com\/blog-de-salud\/problemas-de-sueno-son-problemas-de-salud-enfermedades-relacionadas\/#breadcrumb","itemListElement":[{"@type":"ListItem","position":1,"name":"Portada","item":"https:\/\/riberasalud.com\/blog-de-salud\/"},{"@type":"ListItem","position":2,"name":"Problemas de sue\u00f1o son problemas de salud: enfermedades relacionadas\u00a0"}]},{"@type":"WebSite","@id":"https:\/\/riberasalud.com\/blog-de-salud\/#website","url":"https:\/\/riberasalud.com\/blog-de-salud\/","name":"Blog de Salud","description":"Grupo Ribera","publisher":{"@id":"https:\/\/riberasalud.com\/blog-de-salud\/#organization"},"potentialAction":[{"@type":"SearchAction","target":{"@type":"EntryPoint","urlTemplate":"https:\/\/riberasalud.com\/blog-de-salud\/?s={search_term_string}"},"query-input":{"@type":"PropertyValueSpecification","valueRequired":true,"valueName":"search_term_string"}}],"inLanguage":"es"},{"@type":"Organization","@id":"https:\/\/riberasalud.com\/blog-de-salud\/#organization","name":"Blog de Salud","url":"https:\/\/riberasalud.com\/blog-de-salud\/","logo":{"@type":"ImageObject","inLanguage":"es","@id":"https:\/\/riberasalud.com\/blog-de-salud\/#\/schema\/logo\/image\/","url":"https:\/\/riberasalud.com\/blog-de-salud\/wp-content\/uploads\/2022\/09\/cropped-Logotipo-Red-qgbhgk.png","contentUrl":"https:\/\/riberasalud.com\/blog-de-salud\/wp-content\/uploads\/2022\/09\/cropped-Logotipo-Red-qgbhgk.png","width":5001,"height":1976,"caption":"Blog de Salud"},"image":{"@id":"https:\/\/riberasalud.com\/blog-de-salud\/#\/schema\/logo\/image\/"}},{"@type":"Person","@id":"https:\/\/riberasalud.com\/blog-de-salud\/#\/schema\/person\/cfc87031d4c466e3bdbd04f366a43213","name":"jorge@quois.com","image":{"@type":"ImageObject","inLanguage":"es","@id":"https:\/\/secure.gravatar.com\/avatar\/bca8cccf11ce6757dcdec6ce293d120c16d33c83aeb423357cce3f49f3abae94?s=96&d=mm&r=g","url":"https:\/\/secure.gravatar.com\/avatar\/bca8cccf11ce6757dcdec6ce293d120c16d33c83aeb423357cce3f49f3abae94?s=96&d=mm&r=g","contentUrl":"https:\/\/secure.gravatar.com\/avatar\/bca8cccf11ce6757dcdec6ce293d120c16d33c83aeb423357cce3f49f3abae94?s=96&d=mm&r=g","caption":"jorge@quois.com"},"sameAs":["https:\/\/riberasalud.com\/blog-de-salud"],"url":"https:\/\/riberasalud.com\/blog-de-salud\/author\/jorgequois-com\/"}]}},"_links":{"self":[{"href":"https:\/\/riberasalud.com\/blog-de-salud\/wp-json\/wp\/v2\/posts\/11262","targetHints":{"allow":["GET"]}}],"collection":[{"href":"https:\/\/riberasalud.com\/blog-de-salud\/wp-json\/wp\/v2\/posts"}],"about":[{"href":"https:\/\/riberasalud.com\/blog-de-salud\/wp-json\/wp\/v2\/types\/post"}],"author":[{"embeddable":true,"href":"https:\/\/riberasalud.com\/blog-de-salud\/wp-json\/wp\/v2\/users\/1"}],"replies":[{"embeddable":true,"href":"https:\/\/riberasalud.com\/blog-de-salud\/wp-json\/wp\/v2\/comments?post=11262"}],"version-history":[{"count":1,"href":"https:\/\/riberasalud.com\/blog-de-salud\/wp-json\/wp\/v2\/posts\/11262\/revisions"}],"predecessor-version":[{"id":11263,"href":"https:\/\/riberasalud.com\/blog-de-salud\/wp-json\/wp\/v2\/posts\/11262\/revisions\/11263"}],"wp:featuredmedia":[{"embeddable":true,"href":"https:\/\/riberasalud.com\/blog-de-salud\/wp-json\/wp\/v2\/media\/11265"}],"wp:attachment":[{"href":"https:\/\/riberasalud.com\/blog-de-salud\/wp-json\/wp\/v2\/media?parent=11262"}],"wp:term":[{"taxonomy":"category","embeddable":true,"href":"https:\/\/riberasalud.com\/blog-de-salud\/wp-json\/wp\/v2\/categories?post=11262"},{"taxonomy":"post_tag","embeddable":true,"href":"https:\/\/riberasalud.com\/blog-de-salud\/wp-json\/wp\/v2\/tags?post=11262"}],"curies":[{"name":"wp","href":"https:\/\/api.w.org\/{rel}","templated":true}]}}