{"id":11040,"date":"2023-04-13T10:51:52","date_gmt":"2023-04-13T10:51:52","guid":{"rendered":"https:\/\/riberasalud.com\/blog-de-salud\/?p=11040"},"modified":"2023-04-13T10:51:52","modified_gmt":"2023-04-13T10:51:52","slug":"factores-de-riesgo-para-la-voz-que-no-hacer-para-cuidarla","status":"publish","type":"post","link":"https:\/\/riberasalud.com\/blog-de-salud\/factores-de-riesgo-para-la-voz-que-no-hacer-para-cuidarla\/","title":{"rendered":"Factores de riesgo para la voz: qu\u00e9 no hacer para cuidarla"},"content":{"rendered":"\n<p>La voz es el sonido producido por el ser humano o los animales cuando el aire es expulsado a trav\u00e9s de la laringe y hace que vibren las cuerdas vocales. Existen muchos problemas asociados con el mal uso de la voz, as\u00ed como factores de riesgo que afectan de manera negativa a este instrumento b\u00e1sico de la comunicaci\u00f3n. Ma\u00f1ana, d\u00eda 13 de abril, es el <strong>D\u00eda Mundial de la voz<\/strong> y por eso en la entrada al blog de hoy vamos a hablar de los <strong>factores de riesgo<\/strong> que perjudican a la voz.<\/p>\n\n\n\n<p>Porque s\u00ed. La voz nos permite comunicarnos, pero tambi\u00e9n es la herramienta de trabajo de profesionales de la docencia, oradores y cantantes, y de comunicadores de medios tradicionales como la televisi\u00f3n y la radio, y tambi\u00e9n de los m\u00e1s actuales, como Instagram, Tick Tock o Twich. Seg\u00fan la <a href=\"https:\/\/seorl.net\/profesiones-riesgo-voz\/\">Sociedad Espa\u00f1ola de Otorrinolaringolog\u00eda y Cirug\u00eda de Cabeza y Cuello<\/a> (SEORL-CCC), los maestros de Educaci\u00f3n Infantil y Primaria son los profesionales que m\u00e1s enfermedades de la voz padecen. En concreto, aseguran en un estudio reciente que <strong>la disfon\u00eda afecta al 75% de los docentes<\/strong> en alg\u00fan momento de sus vidas.&nbsp;<\/p>\n\n\n\n<p>Por lo que respecta al resto de la poblaci\u00f3n, esta misma entidad asegura que <strong>una de cada 13 personas sufre trastornos de la voz<\/strong>, pero la mayor\u00eda no se tratan adecuadamente. Hoy queremos centrarnos en los factores de riesgo asociados a esas lesiones que afectan a nuestras cuerdas vocales.<\/p>\n\n\n\n<h2 class=\"wp-block-heading\"><strong>Qu\u00e9 no es bueno para la voz<\/strong><\/h2>\n\n\n\n<p>La SEORL-CCC recomienda el siguiente Dec\u00e1logo de consejos para cuidar la voz, que extractamos en esta entrada al blog pero que puedes leer completa en este <a href=\"https:\/\/seorl.net\/profesiones-riesgo-voz\/\">enlace<\/a>:<\/p>\n\n\n\n<ol class=\"wp-block-list\">\n<li><strong>Evitar hablar en ambientes ruidosos<\/strong>. Intentar no hablar sobre un ruido ambiental fuerte porque se produce un abuso vocal. Es mejor hablar cerca y de frente al interlocutor, articular m\u00e1s de lo habitual y hablar claro y lento para evitar repetir.<\/li>\n\n\n\n<li><strong>Dejar de fumar<\/strong>. El tabaco es un factor irritante para la laringe y predispone para que aparezcan lesiones benignas como edemas o p\u00f3lipos. Adem\u00e1s, es la principal causa de c\u00e1ncer de laringe.<\/li>\n\n\n\n<li><strong>No gritar ni hablar gritando<\/strong> puesto que es un comportamiento de esfuerzo vocal. En general, se debe descansar la voz haciendo periodos de 15-20 minutos de silencios dos o tres veces al d\u00eda, limitar el uso del tel\u00e9fono, entre otras medidas. En general, no se debe hablar m\u00e1s de 4 horas seguidas ni cantar m\u00e1s de 2 horas.<\/li>\n\n\n\n<li><strong>Vocalizar y respirar bien<\/strong> para evitar forzar y elevar la voz, sobre todo en profesiones donde el uso de la voz es continuo, como la de los profesores.<\/li>\n\n\n\n<li><strong>Hidratarse correctamente<\/strong>: beber alrededor dos litros de agua diarios para que la mucosa que recubre a las cuerdas vocales est\u00e9 bien hidratada.<\/li>\n\n\n\n<li><strong>Descansar y dormir<\/strong> de forma adecuada. La fatiga corporal se refleja en la voz.&nbsp;<\/li>\n\n\n\n<li><strong>No utilizar el aire pulmonar residual<\/strong> al hablar. Nunca se debe hablar con el resto final de aire y sentir sensaci\u00f3n de ahogo (cuando se marcan las venas del cuello al hablar).<\/li>\n\n\n\n<li><strong>Evitar<\/strong> factores irritantes como el <strong>humo y las \u00e1reas polvorientas<\/strong>, as\u00ed como <strong>ambientes muy secos<\/strong> con mucha calefacci\u00f3n o aire acondicionado. Hay que abrir y ventilar las habitaciones para renovar el aire.<\/li>\n\n\n\n<li><strong>No carraspear<\/strong>. Es un comportamiento de esfuerzo traum\u00e1tico para las cuerdas vocales, un movimiento fuerte y violento. Algunas alternativas para evitarlo pueden ser: tragar saliva, beber peque\u00f1os sorbos de agua, realizar una tos sorda (sin juntar las cuerdas vocales).<\/li>\n\n\n\n<li>Realizar <strong>controles peri\u00f3dicos de la voz<\/strong>, con el otorrinolaring\u00f3logo. Y consultar siempre que una disfon\u00eda se mantenga m\u00e1s de 15 d\u00edas.<\/li>\n<\/ol>\n\n\n\n<p>La mayor\u00eda de las personas hemos sufrido en alguna ocasi\u00f3n episodios aislados de afon\u00eda, provocados por una laringitis o un resfriado com\u00fan. Sin embargo, existen situaciones que pueden ser indicativas de patolog\u00edas que deber\u00edan tratarse y que requieren la intervenci\u00f3n de un especialista.<\/p>\n\n\n\n<h2 class=\"wp-block-heading\"><strong>Cu\u00e1ndo ir al m\u00e9dico por un problema en la voz<\/strong><\/h2>\n\n\n\n<figure class=\"wp-block-embed is-type-video is-provider-youtube wp-block-embed-youtube wp-embed-aspect-16-9 wp-has-aspect-ratio\"><div class=\"wp-block-embed__wrapper\">\n<iframe loading=\"lazy\" title=\"CUIDATE EN CASA | BIENVENIDA PROGRAMA DISFONIA FUNCIONAL\" width=\"1200\" height=\"675\" src=\"https:\/\/www.youtube.com\/embed\/ObcMR3F8Q4o?feature=oembed\" frameborder=\"0\" allow=\"accelerometer; autoplay; clipboard-write; encrypted-media; gyroscope; picture-in-picture; web-share\" allowfullscreen><\/iframe>\n<\/div><\/figure>\n\n\n\n<ul class=\"wp-block-list\">\n<li>Si los episodios de afon\u00eda se repiten peri\u00f3dicamente<\/li>\n\n\n\n<li>Si la afon\u00eda dura m\u00e1s de cuatro d\u00edas<\/li>\n\n\n\n<li>Si no encontramos una causa aparente<\/li>\n<\/ul>\n\n\n\n<h2 class=\"wp-block-heading\"><strong>Programa para el tratamiento y prevenci\u00f3n de la disfon\u00eda funcional<\/strong><\/h2>\n\n\n\n<p>A continuaci\u00f3n, te dejamos un programa de ejercicios para cuidar las cuerdas vocales, reducir el impacto de una lesi\u00f3n o prevenir su aparici\u00f3n en este <a href=\"https:\/\/youtu.be\/HYrPCczgTKE\">enlace<\/a>. Los profesionales del grupo sanitario Ribera, responsables de la grabaci\u00f3n de estos v\u00eddeos, recomiendan practicar cada uno de ellos dos veces al d\u00eda durante cinco d\u00edas. Al terminar las sesiones con cada v\u00eddeo, se pasar\u00e1 al siguiente. En total, el programa de tratamiento online de la disfon\u00eda del grupo Ribera cuenta con cinco v\u00eddeos con ejercicios diferentes.<\/p>\n\n\n\n<p style=\"font-size:12px\"><em>AVISO: La finalidad de este blog es proporcionar informaci\u00f3n de salud que, en ning\u00fan caso sustituye la consulta con un m\u00e9dico. El grupo sanitario Ribera no se hace responsable de los contenidos, opiniones e im\u00e1genes que aparezcan relacionados con los blogs, pero si es informado de que existe cualquier contenido inapropiado o il\u00edcito, proceder\u00e1 a su eliminaci\u00f3n de forma inmediata.<\/em><\/p>\n\n\n\n<p style=\"font-size:12px\">Los textos, art\u00edculos y contenidos de este blog est\u00e1n sujetos y protegidos por derechos de propiedad intelectual e industrial, disponiendo el grupo sanitario Ribera de los permisos necesarios para la utilizaci\u00f3n de las im\u00e1genes, fotograf\u00edas, textos, dise\u00f1os, animaciones y dem\u00e1s contenido o elementos que en \u00e9l aparezcan. El acceso y utilizaci\u00f3n de este blog no confiere al visitante ning\u00fan tipo de licencia o derecho de uso o explotaci\u00f3n alguno, por lo que el uso, reproducci\u00f3n, distribuci\u00f3n, comunicaci\u00f3n p\u00fablica, transformaci\u00f3n o cualquier otra actividad similar o an\u00e1loga, queda totalmente prohibida, salvo que medie expresa autorizaci\u00f3n por escrito del grupo sanitario Ribera.<\/p>\n\n\n\n<p style=\"font-size:12px\">El grupo sanitario Ribera se reserva la facultad de retirar o suspender temporal o definitivamente, en cualquier momento y sin necesidad de aviso previo, el acceso al blog y\/o a los contenidos del mismo a aquellos visitantes, internautas o usuarios de internet que incumplan lo establecido en el presente Aviso, todo ello sin perjuicio del ejercicio de las acciones contra los mismos que procedan conforme a la Ley y al Derecho.<\/p>\n","protected":false},"excerpt":{"rendered":"<p>La voz es el sonido producido por el ser humano &#8230; <a title=\"Factores de riesgo para la voz: qu\u00e9 no hacer para cuidarla\" class=\"read-more\" href=\"https:\/\/riberasalud.com\/blog-de-salud\/factores-de-riesgo-para-la-voz-que-no-hacer-para-cuidarla\/\" aria-label=\"Leer m\u00e1s sobre Factores de riesgo para la voz: qu\u00e9 no hacer para cuidarla\">Leer m\u00e1s<\/a><\/p>\n","protected":false},"author":6,"featured_media":11041,"comment_status":"open","ping_status":"open","sticky":false,"template":"","format":"standard","meta":{"_mi_skip_tracking":false,"footnotes":""},"categories":[1474],"tags":[88,1397,1523],"class_list":["post-11040","post","type-post","status-publish","format-standard","has-post-thumbnail","hentry","category-otorrinolaringologia","tag-cuidados","tag-otorrinolaringologia","tag-voz","generate-columns","tablet-grid-50","mobile-grid-100","grid-parent","grid-33"],"yoast_head":"<!-- This site is optimized with the Yoast SEO plugin v27.4 - https:\/\/yoast.com\/product\/yoast-seo-wordpress\/ -->\n<title>Factores de riesgo para la voz: qu\u00e9 no hacer para cuidarla - Blog de Salud<\/title>\n<meta name=\"description\" content=\"La voz es el sonido producido por el ser humano o los animales cuando el aire es expulsado a trav\u00e9s de la laringe y hace que vibren las cuerdas vocales\" \/>\n<meta name=\"robots\" content=\"index, follow, max-snippet:-1, max-image-preview:large, max-video-preview:-1\" \/>\n<link rel=\"canonical\" href=\"https:\/\/riberasalud.com\/blog-de-salud\/factores-de-riesgo-para-la-voz-que-no-hacer-para-cuidarla\/\" \/>\n<meta property=\"og:locale\" content=\"es_ES\" \/>\n<meta property=\"og:type\" content=\"article\" \/>\n<meta property=\"og:title\" content=\"Factores de riesgo para la voz: qu\u00e9 no hacer para cuidarla - Blog de Salud\" \/>\n<meta property=\"og:description\" content=\"La voz es el sonido producido por el ser humano o los animales cuando el aire es expulsado a trav\u00e9s de la laringe y hace que vibren las cuerdas vocales\" \/>\n<meta property=\"og:url\" content=\"https:\/\/riberasalud.com\/blog-de-salud\/factores-de-riesgo-para-la-voz-que-no-hacer-para-cuidarla\/\" \/>\n<meta property=\"og:site_name\" content=\"Blog de Salud\" \/>\n<meta property=\"article:published_time\" content=\"2023-04-13T10:51:52+00:00\" \/>\n<meta property=\"og:image\" content=\"https:\/\/riberasalud.com\/blog-de-salud\/wp-content\/uploads\/2023\/04\/vista-posterior-medico-examinando-cuello-mujer.jpg\" \/>\n\t<meta property=\"og:image:width\" content=\"800\" \/>\n\t<meta property=\"og:image:height\" content=\"533\" \/>\n\t<meta property=\"og:image:type\" content=\"image\/jpeg\" \/>\n<meta name=\"author\" content=\"Grupo Sanitario Ribera\" \/>\n<meta name=\"twitter:card\" content=\"summary_large_image\" \/>\n<meta name=\"twitter:label1\" content=\"Escrito por\" \/>\n\t<meta name=\"twitter:data1\" content=\"Grupo Sanitario Ribera\" \/>\n\t<meta name=\"twitter:label2\" content=\"Tiempo de lectura\" \/>\n\t<meta name=\"twitter:data2\" content=\"5 minutos\" \/>\n<script type=\"application\/ld+json\" class=\"yoast-schema-graph\">{\"@context\":\"https:\\\/\\\/schema.org\",\"@graph\":[{\"@type\":\"Article\",\"@id\":\"https:\\\/\\\/riberasalud.com\\\/blog-de-salud\\\/factores-de-riesgo-para-la-voz-que-no-hacer-para-cuidarla\\\/#article\",\"isPartOf\":{\"@id\":\"https:\\\/\\\/riberasalud.com\\\/blog-de-salud\\\/factores-de-riesgo-para-la-voz-que-no-hacer-para-cuidarla\\\/\"},\"author\":{\"name\":\"Grupo Sanitario Ribera\",\"@id\":\"https:\\\/\\\/riberasalud.com\\\/blog-de-salud\\\/#\\\/schema\\\/person\\\/cb8206dc7accca50a7b7fc404fc6fd29\"},\"headline\":\"Factores de riesgo para la voz: qu\u00e9 no hacer para cuidarla\",\"datePublished\":\"2023-04-13T10:51:52+00:00\",\"mainEntityOfPage\":{\"@id\":\"https:\\\/\\\/riberasalud.com\\\/blog-de-salud\\\/factores-de-riesgo-para-la-voz-que-no-hacer-para-cuidarla\\\/\"},\"wordCount\":1094,\"commentCount\":0,\"publisher\":{\"@id\":\"https:\\\/\\\/riberasalud.com\\\/blog-de-salud\\\/#organization\"},\"image\":{\"@id\":\"https:\\\/\\\/riberasalud.com\\\/blog-de-salud\\\/factores-de-riesgo-para-la-voz-que-no-hacer-para-cuidarla\\\/#primaryimage\"},\"thumbnailUrl\":\"https:\\\/\\\/riberasalud.com\\\/blog-de-salud\\\/wp-content\\\/uploads\\\/2023\\\/04\\\/vista-posterior-medico-examinando-cuello-mujer.jpg\",\"keywords\":[\"Cuidados\",\"otorrinolaringolog\u00eda\",\"voz\"],\"articleSection\":[\"Otorrinolaringolog\u00eda\"],\"inLanguage\":\"es\",\"potentialAction\":[{\"@type\":\"CommentAction\",\"name\":\"Comment\",\"target\":[\"https:\\\/\\\/riberasalud.com\\\/blog-de-salud\\\/factores-de-riesgo-para-la-voz-que-no-hacer-para-cuidarla\\\/#respond\"]}]},{\"@type\":\"WebPage\",\"@id\":\"https:\\\/\\\/riberasalud.com\\\/blog-de-salud\\\/factores-de-riesgo-para-la-voz-que-no-hacer-para-cuidarla\\\/\",\"url\":\"https:\\\/\\\/riberasalud.com\\\/blog-de-salud\\\/factores-de-riesgo-para-la-voz-que-no-hacer-para-cuidarla\\\/\",\"name\":\"Factores de riesgo para la voz: qu\u00e9 no hacer para cuidarla - Blog de Salud\",\"isPartOf\":{\"@id\":\"https:\\\/\\\/riberasalud.com\\\/blog-de-salud\\\/#website\"},\"primaryImageOfPage\":{\"@id\":\"https:\\\/\\\/riberasalud.com\\\/blog-de-salud\\\/factores-de-riesgo-para-la-voz-que-no-hacer-para-cuidarla\\\/#primaryimage\"},\"image\":{\"@id\":\"https:\\\/\\\/riberasalud.com\\\/blog-de-salud\\\/factores-de-riesgo-para-la-voz-que-no-hacer-para-cuidarla\\\/#primaryimage\"},\"thumbnailUrl\":\"https:\\\/\\\/riberasalud.com\\\/blog-de-salud\\\/wp-content\\\/uploads\\\/2023\\\/04\\\/vista-posterior-medico-examinando-cuello-mujer.jpg\",\"datePublished\":\"2023-04-13T10:51:52+00:00\",\"description\":\"La voz es el sonido producido por el ser humano o los animales cuando el aire es expulsado a trav\u00e9s de la laringe y hace que vibren las cuerdas vocales\",\"breadcrumb\":{\"@id\":\"https:\\\/\\\/riberasalud.com\\\/blog-de-salud\\\/factores-de-riesgo-para-la-voz-que-no-hacer-para-cuidarla\\\/#breadcrumb\"},\"inLanguage\":\"es\",\"potentialAction\":[{\"@type\":\"ReadAction\",\"target\":[\"https:\\\/\\\/riberasalud.com\\\/blog-de-salud\\\/factores-de-riesgo-para-la-voz-que-no-hacer-para-cuidarla\\\/\"]}]},{\"@type\":\"ImageObject\",\"inLanguage\":\"es\",\"@id\":\"https:\\\/\\\/riberasalud.com\\\/blog-de-salud\\\/factores-de-riesgo-para-la-voz-que-no-hacer-para-cuidarla\\\/#primaryimage\",\"url\":\"https:\\\/\\\/riberasalud.com\\\/blog-de-salud\\\/wp-content\\\/uploads\\\/2023\\\/04\\\/vista-posterior-medico-examinando-cuello-mujer.jpg\",\"contentUrl\":\"https:\\\/\\\/riberasalud.com\\\/blog-de-salud\\\/wp-content\\\/uploads\\\/2023\\\/04\\\/vista-posterior-medico-examinando-cuello-mujer.jpg\",\"width\":800,\"height\":533,\"caption\":\"voz\"},{\"@type\":\"BreadcrumbList\",\"@id\":\"https:\\\/\\\/riberasalud.com\\\/blog-de-salud\\\/factores-de-riesgo-para-la-voz-que-no-hacer-para-cuidarla\\\/#breadcrumb\",\"itemListElement\":[{\"@type\":\"ListItem\",\"position\":1,\"name\":\"Portada\",\"item\":\"https:\\\/\\\/riberasalud.com\\\/blog-de-salud\\\/\"},{\"@type\":\"ListItem\",\"position\":2,\"name\":\"Factores de riesgo para la voz: qu\u00e9 no hacer para cuidarla\"}]},{\"@type\":\"WebSite\",\"@id\":\"https:\\\/\\\/riberasalud.com\\\/blog-de-salud\\\/#website\",\"url\":\"https:\\\/\\\/riberasalud.com\\\/blog-de-salud\\\/\",\"name\":\"Blog de Salud\",\"description\":\"Grupo Ribera\",\"publisher\":{\"@id\":\"https:\\\/\\\/riberasalud.com\\\/blog-de-salud\\\/#organization\"},\"potentialAction\":[{\"@type\":\"SearchAction\",\"target\":{\"@type\":\"EntryPoint\",\"urlTemplate\":\"https:\\\/\\\/riberasalud.com\\\/blog-de-salud\\\/?s={search_term_string}\"},\"query-input\":{\"@type\":\"PropertyValueSpecification\",\"valueRequired\":true,\"valueName\":\"search_term_string\"}}],\"inLanguage\":\"es\"},{\"@type\":\"Organization\",\"@id\":\"https:\\\/\\\/riberasalud.com\\\/blog-de-salud\\\/#organization\",\"name\":\"Blog de Salud\",\"url\":\"https:\\\/\\\/riberasalud.com\\\/blog-de-salud\\\/\",\"logo\":{\"@type\":\"ImageObject\",\"inLanguage\":\"es\",\"@id\":\"https:\\\/\\\/riberasalud.com\\\/blog-de-salud\\\/#\\\/schema\\\/logo\\\/image\\\/\",\"url\":\"https:\\\/\\\/riberasalud.com\\\/blog-de-salud\\\/wp-content\\\/uploads\\\/2022\\\/09\\\/cropped-Logotipo-Red-qgbhgk.png\",\"contentUrl\":\"https:\\\/\\\/riberasalud.com\\\/blog-de-salud\\\/wp-content\\\/uploads\\\/2022\\\/09\\\/cropped-Logotipo-Red-qgbhgk.png\",\"width\":5001,\"height\":1976,\"caption\":\"Blog de Salud\"},\"image\":{\"@id\":\"https:\\\/\\\/riberasalud.com\\\/blog-de-salud\\\/#\\\/schema\\\/logo\\\/image\\\/\"}},{\"@type\":\"Person\",\"@id\":\"https:\\\/\\\/riberasalud.com\\\/blog-de-salud\\\/#\\\/schema\\\/person\\\/cb8206dc7accca50a7b7fc404fc6fd29\",\"name\":\"Grupo Sanitario Ribera\",\"image\":{\"@type\":\"ImageObject\",\"inLanguage\":\"es\",\"@id\":\"https:\\\/\\\/secure.gravatar.com\\\/avatar\\\/4fbc514e206acdf97ee26602f375be0b2a370574f96ff09ba3630e4b313d1d29?s=96&d=mm&r=g\",\"url\":\"https:\\\/\\\/secure.gravatar.com\\\/avatar\\\/4fbc514e206acdf97ee26602f375be0b2a370574f96ff09ba3630e4b313d1d29?s=96&d=mm&r=g\",\"contentUrl\":\"https:\\\/\\\/secure.gravatar.com\\\/avatar\\\/4fbc514e206acdf97ee26602f375be0b2a370574f96ff09ba3630e4b313d1d29?s=96&d=mm&r=g\",\"caption\":\"Grupo Sanitario Ribera\"},\"url\":\"https:\\\/\\\/riberasalud.com\\\/blog-de-salud\\\/author\\\/marsanchez\\\/\"}]}<\/script>\n<!-- \/ Yoast SEO plugin. -->","yoast_head_json":{"title":"Factores de riesgo para la voz: qu\u00e9 no hacer para cuidarla - Blog de Salud","description":"La voz es el sonido producido por el ser humano o los animales cuando el aire es expulsado a trav\u00e9s de la laringe y hace que vibren las cuerdas vocales","robots":{"index":"index","follow":"follow","max-snippet":"max-snippet:-1","max-image-preview":"max-image-preview:large","max-video-preview":"max-video-preview:-1"},"canonical":"https:\/\/riberasalud.com\/blog-de-salud\/factores-de-riesgo-para-la-voz-que-no-hacer-para-cuidarla\/","og_locale":"es_ES","og_type":"article","og_title":"Factores de riesgo para la voz: qu\u00e9 no hacer para cuidarla - Blog de Salud","og_description":"La voz es el sonido producido por el ser humano o los animales cuando el aire es expulsado a trav\u00e9s de la laringe y hace que vibren las cuerdas vocales","og_url":"https:\/\/riberasalud.com\/blog-de-salud\/factores-de-riesgo-para-la-voz-que-no-hacer-para-cuidarla\/","og_site_name":"Blog de Salud","article_published_time":"2023-04-13T10:51:52+00:00","og_image":[{"width":800,"height":533,"url":"https:\/\/riberasalud.com\/blog-de-salud\/wp-content\/uploads\/2023\/04\/vista-posterior-medico-examinando-cuello-mujer.jpg","type":"image\/jpeg"}],"author":"Grupo Sanitario Ribera","twitter_card":"summary_large_image","twitter_misc":{"Escrito por":"Grupo Sanitario Ribera","Tiempo de lectura":"5 minutos"},"schema":{"@context":"https:\/\/schema.org","@graph":[{"@type":"Article","@id":"https:\/\/riberasalud.com\/blog-de-salud\/factores-de-riesgo-para-la-voz-que-no-hacer-para-cuidarla\/#article","isPartOf":{"@id":"https:\/\/riberasalud.com\/blog-de-salud\/factores-de-riesgo-para-la-voz-que-no-hacer-para-cuidarla\/"},"author":{"name":"Grupo Sanitario Ribera","@id":"https:\/\/riberasalud.com\/blog-de-salud\/#\/schema\/person\/cb8206dc7accca50a7b7fc404fc6fd29"},"headline":"Factores de riesgo para la voz: qu\u00e9 no hacer para cuidarla","datePublished":"2023-04-13T10:51:52+00:00","mainEntityOfPage":{"@id":"https:\/\/riberasalud.com\/blog-de-salud\/factores-de-riesgo-para-la-voz-que-no-hacer-para-cuidarla\/"},"wordCount":1094,"commentCount":0,"publisher":{"@id":"https:\/\/riberasalud.com\/blog-de-salud\/#organization"},"image":{"@id":"https:\/\/riberasalud.com\/blog-de-salud\/factores-de-riesgo-para-la-voz-que-no-hacer-para-cuidarla\/#primaryimage"},"thumbnailUrl":"https:\/\/riberasalud.com\/blog-de-salud\/wp-content\/uploads\/2023\/04\/vista-posterior-medico-examinando-cuello-mujer.jpg","keywords":["Cuidados","otorrinolaringolog\u00eda","voz"],"articleSection":["Otorrinolaringolog\u00eda"],"inLanguage":"es","potentialAction":[{"@type":"CommentAction","name":"Comment","target":["https:\/\/riberasalud.com\/blog-de-salud\/factores-de-riesgo-para-la-voz-que-no-hacer-para-cuidarla\/#respond"]}]},{"@type":"WebPage","@id":"https:\/\/riberasalud.com\/blog-de-salud\/factores-de-riesgo-para-la-voz-que-no-hacer-para-cuidarla\/","url":"https:\/\/riberasalud.com\/blog-de-salud\/factores-de-riesgo-para-la-voz-que-no-hacer-para-cuidarla\/","name":"Factores de riesgo para la voz: qu\u00e9 no hacer para cuidarla - Blog de Salud","isPartOf":{"@id":"https:\/\/riberasalud.com\/blog-de-salud\/#website"},"primaryImageOfPage":{"@id":"https:\/\/riberasalud.com\/blog-de-salud\/factores-de-riesgo-para-la-voz-que-no-hacer-para-cuidarla\/#primaryimage"},"image":{"@id":"https:\/\/riberasalud.com\/blog-de-salud\/factores-de-riesgo-para-la-voz-que-no-hacer-para-cuidarla\/#primaryimage"},"thumbnailUrl":"https:\/\/riberasalud.com\/blog-de-salud\/wp-content\/uploads\/2023\/04\/vista-posterior-medico-examinando-cuello-mujer.jpg","datePublished":"2023-04-13T10:51:52+00:00","description":"La voz es el sonido producido por el ser humano o los animales cuando el aire es expulsado a trav\u00e9s de la laringe y hace que vibren las cuerdas vocales","breadcrumb":{"@id":"https:\/\/riberasalud.com\/blog-de-salud\/factores-de-riesgo-para-la-voz-que-no-hacer-para-cuidarla\/#breadcrumb"},"inLanguage":"es","potentialAction":[{"@type":"ReadAction","target":["https:\/\/riberasalud.com\/blog-de-salud\/factores-de-riesgo-para-la-voz-que-no-hacer-para-cuidarla\/"]}]},{"@type":"ImageObject","inLanguage":"es","@id":"https:\/\/riberasalud.com\/blog-de-salud\/factores-de-riesgo-para-la-voz-que-no-hacer-para-cuidarla\/#primaryimage","url":"https:\/\/riberasalud.com\/blog-de-salud\/wp-content\/uploads\/2023\/04\/vista-posterior-medico-examinando-cuello-mujer.jpg","contentUrl":"https:\/\/riberasalud.com\/blog-de-salud\/wp-content\/uploads\/2023\/04\/vista-posterior-medico-examinando-cuello-mujer.jpg","width":800,"height":533,"caption":"voz"},{"@type":"BreadcrumbList","@id":"https:\/\/riberasalud.com\/blog-de-salud\/factores-de-riesgo-para-la-voz-que-no-hacer-para-cuidarla\/#breadcrumb","itemListElement":[{"@type":"ListItem","position":1,"name":"Portada","item":"https:\/\/riberasalud.com\/blog-de-salud\/"},{"@type":"ListItem","position":2,"name":"Factores de riesgo para la voz: qu\u00e9 no hacer para cuidarla"}]},{"@type":"WebSite","@id":"https:\/\/riberasalud.com\/blog-de-salud\/#website","url":"https:\/\/riberasalud.com\/blog-de-salud\/","name":"Blog de Salud","description":"Grupo Ribera","publisher":{"@id":"https:\/\/riberasalud.com\/blog-de-salud\/#organization"},"potentialAction":[{"@type":"SearchAction","target":{"@type":"EntryPoint","urlTemplate":"https:\/\/riberasalud.com\/blog-de-salud\/?s={search_term_string}"},"query-input":{"@type":"PropertyValueSpecification","valueRequired":true,"valueName":"search_term_string"}}],"inLanguage":"es"},{"@type":"Organization","@id":"https:\/\/riberasalud.com\/blog-de-salud\/#organization","name":"Blog de Salud","url":"https:\/\/riberasalud.com\/blog-de-salud\/","logo":{"@type":"ImageObject","inLanguage":"es","@id":"https:\/\/riberasalud.com\/blog-de-salud\/#\/schema\/logo\/image\/","url":"https:\/\/riberasalud.com\/blog-de-salud\/wp-content\/uploads\/2022\/09\/cropped-Logotipo-Red-qgbhgk.png","contentUrl":"https:\/\/riberasalud.com\/blog-de-salud\/wp-content\/uploads\/2022\/09\/cropped-Logotipo-Red-qgbhgk.png","width":5001,"height":1976,"caption":"Blog de Salud"},"image":{"@id":"https:\/\/riberasalud.com\/blog-de-salud\/#\/schema\/logo\/image\/"}},{"@type":"Person","@id":"https:\/\/riberasalud.com\/blog-de-salud\/#\/schema\/person\/cb8206dc7accca50a7b7fc404fc6fd29","name":"Grupo Sanitario Ribera","image":{"@type":"ImageObject","inLanguage":"es","@id":"https:\/\/secure.gravatar.com\/avatar\/4fbc514e206acdf97ee26602f375be0b2a370574f96ff09ba3630e4b313d1d29?s=96&d=mm&r=g","url":"https:\/\/secure.gravatar.com\/avatar\/4fbc514e206acdf97ee26602f375be0b2a370574f96ff09ba3630e4b313d1d29?s=96&d=mm&r=g","contentUrl":"https:\/\/secure.gravatar.com\/avatar\/4fbc514e206acdf97ee26602f375be0b2a370574f96ff09ba3630e4b313d1d29?s=96&d=mm&r=g","caption":"Grupo Sanitario Ribera"},"url":"https:\/\/riberasalud.com\/blog-de-salud\/author\/marsanchez\/"}]}},"_links":{"self":[{"href":"https:\/\/riberasalud.com\/blog-de-salud\/wp-json\/wp\/v2\/posts\/11040","targetHints":{"allow":["GET"]}}],"collection":[{"href":"https:\/\/riberasalud.com\/blog-de-salud\/wp-json\/wp\/v2\/posts"}],"about":[{"href":"https:\/\/riberasalud.com\/blog-de-salud\/wp-json\/wp\/v2\/types\/post"}],"author":[{"embeddable":true,"href":"https:\/\/riberasalud.com\/blog-de-salud\/wp-json\/wp\/v2\/users\/6"}],"replies":[{"embeddable":true,"href":"https:\/\/riberasalud.com\/blog-de-salud\/wp-json\/wp\/v2\/comments?post=11040"}],"version-history":[{"count":1,"href":"https:\/\/riberasalud.com\/blog-de-salud\/wp-json\/wp\/v2\/posts\/11040\/revisions"}],"predecessor-version":[{"id":11042,"href":"https:\/\/riberasalud.com\/blog-de-salud\/wp-json\/wp\/v2\/posts\/11040\/revisions\/11042"}],"wp:featuredmedia":[{"embeddable":true,"href":"https:\/\/riberasalud.com\/blog-de-salud\/wp-json\/wp\/v2\/media\/11041"}],"wp:attachment":[{"href":"https:\/\/riberasalud.com\/blog-de-salud\/wp-json\/wp\/v2\/media?parent=11040"}],"wp:term":[{"taxonomy":"category","embeddable":true,"href":"https:\/\/riberasalud.com\/blog-de-salud\/wp-json\/wp\/v2\/categories?post=11040"},{"taxonomy":"post_tag","embeddable":true,"href":"https:\/\/riberasalud.com\/blog-de-salud\/wp-json\/wp\/v2\/tags?post=11040"}],"curies":[{"name":"wp","href":"https:\/\/api.w.org\/{rel}","templated":true}]}}