{"id":10989,"date":"2023-02-08T14:53:31","date_gmt":"2023-02-08T14:53:31","guid":{"rendered":"https:\/\/riberasalud.com\/blog-de-salud\/?p=10989"},"modified":"2023-02-08T15:59:45","modified_gmt":"2023-02-08T15:59:45","slug":"empezar-la-quimioterapia-como-prepararnos","status":"publish","type":"post","link":"https:\/\/riberasalud.com\/blog-de-salud\/empezar-la-quimioterapia-como-prepararnos\/","title":{"rendered":"Empezar la quimioterapia. C\u00f3mo prepararnos"},"content":{"rendered":"\n<p>El s\u00e1bado pasado fue el D\u00eda Mundial contra el C\u00e1ncer y volvimos a ser conscientes de que los nuevos casos de c\u00e1ncer contin\u00faan aumentando cada a\u00f1o. Ello se debe, en gran parte, a los planes de prevenci\u00f3n y a los chequeos y revisiones de la poblaci\u00f3n de riesgo, pero tambi\u00e9n al aumento malos h\u00e1bitos que influyen como factores de riesgo en el desarrollo de esta enfermedad, en sus diferentes formas. Seg\u00fan datos de la Asociaci\u00f3n Espa\u00f1ola contra el C\u00e1ncer (<a href=\"https:\/\/www.contraelcancer.es\/es?utm_source=Google&amp;utm_medium=SearchMarca&amp;utm_content=TextLink&amp;utm_campaign=SEMAlwaysOn&amp;gclid=CjwKCAiAioifBhAXEiwApzCztgCEM_ZatP67oINSHkDYXU6_F1MQ7C_-zlfg13piMiRTp4X2wIZMyxoCCRsQAvD_BwE\">AECC<\/a>), en 2022 se diagnosticaron 290.175 casos nuevos.&nbsp;<\/p>\n\n\n\n<p>Un diagn\u00f3stico de c\u00e1ncer, en cualquiera de sus formas, es un golpe en la vida de cualquier persona. Cada a\u00f1o se registran importantes avances en los tratamientos, aparecen t\u00e9cnicas y medicamentos nuevos y los porcentajes de supervivencia aumentan. Sin embargo, un gran porcentaje de casos se somete a quimioterapia, ciclos de diferente intensidad y duraci\u00f3n. Y aunque tambi\u00e9n estos tratamientos han mejorado mucho por lo que respecta al control de los efectos secundarios, vamos a dedicar la entrada al blog de hoy a facilitar algunas recomendaciones, de la mano de los profesionales del grupo <a href=\"https:\/\/www.riberasalud.com\/\">Ribera<\/a>, a los pacientes que van a empezar una quimioterapia.<\/p>\n\n\n\n<figure class=\"wp-block-embed is-type-video is-provider-youtube wp-block-embed-youtube wp-embed-aspect-16-9 wp-has-aspect-ratio\"><div class=\"wp-block-embed__wrapper\">\n<iframe loading=\"lazy\" title=\"CONVIVIENDO CON EL C\u00c1NCER | Preparaci\u00f3n para la quimioterapia\" width=\"1200\" height=\"675\" src=\"https:\/\/www.youtube.com\/embed\/ahexzKNOKLY?feature=oembed\" frameborder=\"0\" allow=\"accelerometer; autoplay; clipboard-write; encrypted-media; gyroscope; picture-in-picture; web-share\" allowfullscreen><\/iframe>\n<\/div><\/figure>\n\n\n\n<p><strong>Recomendaciones generales para la quimioterapia<\/strong><\/p>\n\n\n\n<ul class=\"wp-block-list\">\n<li><strong>Acompa\u00f1amiento<\/strong>. Generalmente los hospitales permiten acudir acompa\u00f1ado al tratamiento. Es importante no estar solo y, sobre todo al principio, es importante para que toda la nueva informaci\u00f3n se asimile mejor.<\/li>\n\n\n\n<li><strong>Protocolo del primer d\u00eda<\/strong>. Suele pedirse una anal\u00edtica inicial, tras la cual, se pasa visita con el onc\u00f3logo y si todo est\u00e1 correcto, el personal de Enfermer\u00eda procede a la puesta en marcha del tratamiento en el hospital de d\u00eda. Se suele entregar al paciente una gu\u00eda informativa, con consejos y efectos secundarios m\u00e1s habituales del tratamiento, pero lo m\u00e1s recomendable es preguntar a los profesionales cuando tenemos dudas.<\/li>\n\n\n\n<li><strong>Duraci\u00f3n<\/strong>. La duraci\u00f3n del tratamiento depende de lo pautado por el onc\u00f3logo para cada caso: Los ciclos pueden durar de 1 a 6 horas y puede ser semanales, quincenales o cada tres semanas.<\/li>\n\n\n\n<li><strong>Qu\u00e9 debemos evitar<\/strong>. Se recomienda evitar internet porque en general la informaci\u00f3n es muy general y hoy en d\u00eda cada caso es \u00fanico y se pautan los tratamientos de manera personalizada. Tambi\u00e9n se debe evitar el alcohol y las bebidas estimulantes y hacer comidas copiosas.<\/li>\n\n\n\n<li><strong>Entretenimiento y comodidad<\/strong>. Se puede llevar m\u00fasica, una lectura, ordenador o ipad al tratamiento, para pasar el tiempo de forma m\u00e1s amena. Tambi\u00e9n se puede comer y beber, aunque es recomendable evitar las comidas condimentadas, y se aconseja ropa c\u00f3moda.<\/li>\n\n\n\n<li><strong>Efectos secundarios<\/strong>. Generalmente, los efectos secundarios aparecen 2-3 d\u00edas despu\u00e9s del ciclo, aunque en ocasiones alg\u00fan paciente se siente indispuesto en el momento.\n<ul class=\"wp-block-list\">\n<li><strong>N\u00e1useas y v\u00f3mitos<\/strong>. Las n\u00e1useas y v\u00f3mitos se suelen atajar con medicaci\u00f3n que pauta el onc\u00f3logo.<\/li>\n\n\n\n<li><strong>Diarrea<\/strong>. En ocasiones se sufre alg\u00fan episodio de diarrea, porque se altera la mucosa del intestino. En estos casos se recomienda dieta astringente, evitar las gastas y la fibra e ingerir arroz y verdura.&nbsp;<\/li>\n\n\n\n<li><strong>Estre\u00f1imiento<\/strong>. Si por el contrario se experimenta estre\u00f1imiento, hay que tomar alimentos ricos en fibra y aumentar la actividad f\u00edsica.<\/li>\n\n\n\n<li><strong>Mucositis<\/strong>. La mucositis en la boca, garganta o tracto digestivo es otro s\u00edntoma habitual, que puede provocar desde un leve enrojecimiento hasta llagas. Se recomienda utilizar cepillos de cerdas blandas para la higiene dental y colutorio. Hay enjuagues espec\u00edficos para estos casos.&nbsp;<\/li>\n\n\n\n<li><strong>Sequedad en la boca<\/strong>. Es otro efecto habitual que provoca la sensaci\u00f3n de engrosamiento de la lengua y en ocasiones provoca fisuras en las comisuras de los labios. Los especialistas recomiendan infusiones de menta o aloe vera, antes de cada comida.&nbsp;<\/li>\n\n\n\n<li><strong>Alteraci\u00f3n del gusto y el olfato<\/strong>. Se recomiendan carnes blancas porque en las rojas los pacientes notan m\u00e1s sabor met\u00e1lico. Tambi\u00e9n sucede con el agua y por eso se recomiendan los caldos. El olfato se agudiza y olores que antes no se notaban ahora se agudizan y pueden molestar.<\/li>\n<\/ul>\n<\/li>\n<\/ul>\n\n\n\n<p style=\"font-size:12px\"><em>AVISO: La finalidad de este blog es proporcionar informaci\u00f3n de salud que, en ning\u00fan caso sustituye la consulta con un m\u00e9dico. El grupo sanitario Ribera no se hace responsable de los contenidos, opiniones e im\u00e1genes que aparezcan relacionados con los blogs, pero si es informado de que existe cualquier contenido inapropiado o il\u00edcito, proceder\u00e1 a su eliminaci\u00f3n de forma inmediata.<\/em><\/p>\n\n\n\n<p style=\"font-size:12px\">Los textos, art\u00edculos y contenidos de este blog est\u00e1n sujetos y protegidos por derechos de propiedad intelectual e industrial, disponiendo el grupo sanitario Ribera de los permisos necesarios para la utilizaci\u00f3n de las im\u00e1genes, fotograf\u00edas, textos, dise\u00f1os, animaciones y dem\u00e1s contenido o elementos que en \u00e9l aparezcan. El acceso y utilizaci\u00f3n de este blog no confiere al visitante ning\u00fan tipo de licencia o derecho de uso o explotaci\u00f3n alguno, por lo que el uso, reproducci\u00f3n, distribuci\u00f3n, comunicaci\u00f3n p\u00fablica, transformaci\u00f3n o cualquier otra actividad similar o an\u00e1loga, queda totalmente prohibida, salvo que medie expresa autorizaci\u00f3n por escrito del grupo sanitario Ribera.<\/p>\n\n\n\n<p style=\"font-size:12px\">El grupo sanitario Ribera se reserva la facultad de retirar o suspender temporal o definitivamente, en cualquier momento y sin necesidad de aviso previo, el acceso al blog y\/o a los contenidos del mismo a aquellos visitantes, internautas o usuarios de internet que incumplan lo establecido en el presente Aviso, todo ello sin perjuicio del ejercicio de las acciones contra los mismos que procedan conforme a la Ley y al Derecho.<\/p>\n","protected":false},"excerpt":{"rendered":"<p>El s\u00e1bado pasado fue el D\u00eda Mundial contra el C\u00e1ncer &#8230; <a title=\"Empezar la quimioterapia. C\u00f3mo prepararnos\" class=\"read-more\" href=\"https:\/\/riberasalud.com\/blog-de-salud\/empezar-la-quimioterapia-como-prepararnos\/\" aria-label=\"Leer m\u00e1s sobre Empezar la quimioterapia. C\u00f3mo prepararnos\">Leer m\u00e1s<\/a><\/p>\n","protected":false},"author":6,"featured_media":10993,"comment_status":"open","ping_status":"open","sticky":false,"template":"","format":"standard","meta":{"_mi_skip_tracking":false,"footnotes":""},"categories":[1458,1472],"tags":[103,1506,1339,720],"class_list":["post-10989","post","type-post","status-publish","format-standard","has-post-thumbnail","hentry","category-consejos-de-salud","category-oncologia","tag-cancer-2","tag-oncologia-2","tag-quimioterapia","tag-tratamiento","generate-columns","tablet-grid-50","mobile-grid-100","grid-parent","grid-33"],"yoast_head":"<!-- This site is optimized with the Yoast SEO plugin v27.4 - https:\/\/yoast.com\/product\/yoast-seo-wordpress\/ -->\n<title>Empezar la quimioterapia. C\u00f3mo prepararnos - Blog de Salud<\/title>\n<meta name=\"description\" content=\"Cada a\u00f1o se registran importantes avances en los tratamientos, aparecen t\u00e9cnicas y medicamentos nuevos y los porcentajes de supervivencia aumentan.\" \/>\n<meta name=\"robots\" content=\"index, follow, max-snippet:-1, max-image-preview:large, max-video-preview:-1\" \/>\n<link rel=\"canonical\" href=\"https:\/\/riberasalud.com\/blog-de-salud\/empezar-la-quimioterapia-como-prepararnos\/\" \/>\n<meta property=\"og:locale\" content=\"es_ES\" \/>\n<meta property=\"og:type\" content=\"article\" \/>\n<meta property=\"og:title\" content=\"Empezar la quimioterapia. C\u00f3mo prepararnos - Blog de Salud\" \/>\n<meta property=\"og:description\" content=\"Cada a\u00f1o se registran importantes avances en los tratamientos, aparecen t\u00e9cnicas y medicamentos nuevos y los porcentajes de supervivencia aumentan.\" \/>\n<meta property=\"og:url\" content=\"https:\/\/riberasalud.com\/blog-de-salud\/empezar-la-quimioterapia-como-prepararnos\/\" \/>\n<meta property=\"og:site_name\" content=\"Blog de Salud\" \/>\n<meta property=\"article:published_time\" content=\"2023-02-08T14:53:31+00:00\" \/>\n<meta property=\"article:modified_time\" content=\"2023-02-08T15:59:45+00:00\" \/>\n<meta property=\"og:image\" content=\"https:\/\/riberasalud.com\/blog-de-salud\/wp-content\/uploads\/2023\/02\/feliz-madre-e-hija-adulta-enferma-panuelo-abrazandose-mirandose.jpg\" \/>\n\t<meta property=\"og:image:width\" content=\"800\" \/>\n\t<meta property=\"og:image:height\" content=\"533\" \/>\n\t<meta property=\"og:image:type\" content=\"image\/jpeg\" \/>\n<meta name=\"author\" content=\"Grupo Sanitario Ribera\" \/>\n<meta name=\"twitter:card\" content=\"summary_large_image\" \/>\n<meta name=\"twitter:label1\" content=\"Escrito por\" \/>\n\t<meta name=\"twitter:data1\" content=\"Grupo Sanitario Ribera\" \/>\n\t<meta name=\"twitter:label2\" content=\"Tiempo de lectura\" \/>\n\t<meta name=\"twitter:data2\" content=\"4 minutos\" \/>\n<script type=\"application\/ld+json\" class=\"yoast-schema-graph\">{\"@context\":\"https:\\\/\\\/schema.org\",\"@graph\":[{\"@type\":\"Article\",\"@id\":\"https:\\\/\\\/riberasalud.com\\\/blog-de-salud\\\/empezar-la-quimioterapia-como-prepararnos\\\/#article\",\"isPartOf\":{\"@id\":\"https:\\\/\\\/riberasalud.com\\\/blog-de-salud\\\/empezar-la-quimioterapia-como-prepararnos\\\/\"},\"author\":{\"name\":\"Grupo Sanitario Ribera\",\"@id\":\"https:\\\/\\\/riberasalud.com\\\/blog-de-salud\\\/#\\\/schema\\\/person\\\/cb8206dc7accca50a7b7fc404fc6fd29\"},\"headline\":\"Empezar la quimioterapia. C\u00f3mo prepararnos\",\"datePublished\":\"2023-02-08T14:53:31+00:00\",\"dateModified\":\"2023-02-08T15:59:45+00:00\",\"mainEntityOfPage\":{\"@id\":\"https:\\\/\\\/riberasalud.com\\\/blog-de-salud\\\/empezar-la-quimioterapia-como-prepararnos\\\/\"},\"wordCount\":964,\"commentCount\":1,\"publisher\":{\"@id\":\"https:\\\/\\\/riberasalud.com\\\/blog-de-salud\\\/#organization\"},\"image\":{\"@id\":\"https:\\\/\\\/riberasalud.com\\\/blog-de-salud\\\/empezar-la-quimioterapia-como-prepararnos\\\/#primaryimage\"},\"thumbnailUrl\":\"https:\\\/\\\/riberasalud.com\\\/blog-de-salud\\\/wp-content\\\/uploads\\\/2023\\\/02\\\/feliz-madre-e-hija-adulta-enferma-panuelo-abrazandose-mirandose.jpg\",\"keywords\":[\"c\u00e1ncer\",\"oncolog\u00eda\",\"quimioterapia\",\"tratamiento\"],\"articleSection\":[\"Consejos de salud\",\"Oncolog\u00eda\"],\"inLanguage\":\"es\",\"potentialAction\":[{\"@type\":\"CommentAction\",\"name\":\"Comment\",\"target\":[\"https:\\\/\\\/riberasalud.com\\\/blog-de-salud\\\/empezar-la-quimioterapia-como-prepararnos\\\/#respond\"]}]},{\"@type\":\"WebPage\",\"@id\":\"https:\\\/\\\/riberasalud.com\\\/blog-de-salud\\\/empezar-la-quimioterapia-como-prepararnos\\\/\",\"url\":\"https:\\\/\\\/riberasalud.com\\\/blog-de-salud\\\/empezar-la-quimioterapia-como-prepararnos\\\/\",\"name\":\"Empezar la quimioterapia. C\u00f3mo prepararnos - Blog de Salud\",\"isPartOf\":{\"@id\":\"https:\\\/\\\/riberasalud.com\\\/blog-de-salud\\\/#website\"},\"primaryImageOfPage\":{\"@id\":\"https:\\\/\\\/riberasalud.com\\\/blog-de-salud\\\/empezar-la-quimioterapia-como-prepararnos\\\/#primaryimage\"},\"image\":{\"@id\":\"https:\\\/\\\/riberasalud.com\\\/blog-de-salud\\\/empezar-la-quimioterapia-como-prepararnos\\\/#primaryimage\"},\"thumbnailUrl\":\"https:\\\/\\\/riberasalud.com\\\/blog-de-salud\\\/wp-content\\\/uploads\\\/2023\\\/02\\\/feliz-madre-e-hija-adulta-enferma-panuelo-abrazandose-mirandose.jpg\",\"datePublished\":\"2023-02-08T14:53:31+00:00\",\"dateModified\":\"2023-02-08T15:59:45+00:00\",\"description\":\"Cada a\u00f1o se registran importantes avances en los tratamientos, aparecen t\u00e9cnicas y medicamentos nuevos y los porcentajes de supervivencia aumentan.\",\"breadcrumb\":{\"@id\":\"https:\\\/\\\/riberasalud.com\\\/blog-de-salud\\\/empezar-la-quimioterapia-como-prepararnos\\\/#breadcrumb\"},\"inLanguage\":\"es\",\"potentialAction\":[{\"@type\":\"ReadAction\",\"target\":[\"https:\\\/\\\/riberasalud.com\\\/blog-de-salud\\\/empezar-la-quimioterapia-como-prepararnos\\\/\"]}]},{\"@type\":\"ImageObject\",\"inLanguage\":\"es\",\"@id\":\"https:\\\/\\\/riberasalud.com\\\/blog-de-salud\\\/empezar-la-quimioterapia-como-prepararnos\\\/#primaryimage\",\"url\":\"https:\\\/\\\/riberasalud.com\\\/blog-de-salud\\\/wp-content\\\/uploads\\\/2023\\\/02\\\/feliz-madre-e-hija-adulta-enferma-panuelo-abrazandose-mirandose.jpg\",\"contentUrl\":\"https:\\\/\\\/riberasalud.com\\\/blog-de-salud\\\/wp-content\\\/uploads\\\/2023\\\/02\\\/feliz-madre-e-hija-adulta-enferma-panuelo-abrazandose-mirandose.jpg\",\"width\":800,\"height\":533,\"caption\":\"happy mother and sick adult daughter in kerchief hugging and looking at each other\"},{\"@type\":\"BreadcrumbList\",\"@id\":\"https:\\\/\\\/riberasalud.com\\\/blog-de-salud\\\/empezar-la-quimioterapia-como-prepararnos\\\/#breadcrumb\",\"itemListElement\":[{\"@type\":\"ListItem\",\"position\":1,\"name\":\"Portada\",\"item\":\"https:\\\/\\\/riberasalud.com\\\/blog-de-salud\\\/\"},{\"@type\":\"ListItem\",\"position\":2,\"name\":\"Empezar la quimioterapia. C\u00f3mo prepararnos\"}]},{\"@type\":\"WebSite\",\"@id\":\"https:\\\/\\\/riberasalud.com\\\/blog-de-salud\\\/#website\",\"url\":\"https:\\\/\\\/riberasalud.com\\\/blog-de-salud\\\/\",\"name\":\"Blog de Salud\",\"description\":\"Grupo Ribera\",\"publisher\":{\"@id\":\"https:\\\/\\\/riberasalud.com\\\/blog-de-salud\\\/#organization\"},\"potentialAction\":[{\"@type\":\"SearchAction\",\"target\":{\"@type\":\"EntryPoint\",\"urlTemplate\":\"https:\\\/\\\/riberasalud.com\\\/blog-de-salud\\\/?s={search_term_string}\"},\"query-input\":{\"@type\":\"PropertyValueSpecification\",\"valueRequired\":true,\"valueName\":\"search_term_string\"}}],\"inLanguage\":\"es\"},{\"@type\":\"Organization\",\"@id\":\"https:\\\/\\\/riberasalud.com\\\/blog-de-salud\\\/#organization\",\"name\":\"Blog de Salud\",\"url\":\"https:\\\/\\\/riberasalud.com\\\/blog-de-salud\\\/\",\"logo\":{\"@type\":\"ImageObject\",\"inLanguage\":\"es\",\"@id\":\"https:\\\/\\\/riberasalud.com\\\/blog-de-salud\\\/#\\\/schema\\\/logo\\\/image\\\/\",\"url\":\"https:\\\/\\\/riberasalud.com\\\/blog-de-salud\\\/wp-content\\\/uploads\\\/2022\\\/09\\\/cropped-Logotipo-Red-qgbhgk.png\",\"contentUrl\":\"https:\\\/\\\/riberasalud.com\\\/blog-de-salud\\\/wp-content\\\/uploads\\\/2022\\\/09\\\/cropped-Logotipo-Red-qgbhgk.png\",\"width\":5001,\"height\":1976,\"caption\":\"Blog de Salud\"},\"image\":{\"@id\":\"https:\\\/\\\/riberasalud.com\\\/blog-de-salud\\\/#\\\/schema\\\/logo\\\/image\\\/\"}},{\"@type\":\"Person\",\"@id\":\"https:\\\/\\\/riberasalud.com\\\/blog-de-salud\\\/#\\\/schema\\\/person\\\/cb8206dc7accca50a7b7fc404fc6fd29\",\"name\":\"Grupo Sanitario Ribera\",\"image\":{\"@type\":\"ImageObject\",\"inLanguage\":\"es\",\"@id\":\"https:\\\/\\\/secure.gravatar.com\\\/avatar\\\/4fbc514e206acdf97ee26602f375be0b2a370574f96ff09ba3630e4b313d1d29?s=96&d=mm&r=g\",\"url\":\"https:\\\/\\\/secure.gravatar.com\\\/avatar\\\/4fbc514e206acdf97ee26602f375be0b2a370574f96ff09ba3630e4b313d1d29?s=96&d=mm&r=g\",\"contentUrl\":\"https:\\\/\\\/secure.gravatar.com\\\/avatar\\\/4fbc514e206acdf97ee26602f375be0b2a370574f96ff09ba3630e4b313d1d29?s=96&d=mm&r=g\",\"caption\":\"Grupo Sanitario Ribera\"},\"url\":\"https:\\\/\\\/riberasalud.com\\\/blog-de-salud\\\/author\\\/marsanchez\\\/\"}]}<\/script>\n<!-- \/ Yoast SEO plugin. -->","yoast_head_json":{"title":"Empezar la quimioterapia. C\u00f3mo prepararnos - Blog de Salud","description":"Cada a\u00f1o se registran importantes avances en los tratamientos, aparecen t\u00e9cnicas y medicamentos nuevos y los porcentajes de supervivencia aumentan.","robots":{"index":"index","follow":"follow","max-snippet":"max-snippet:-1","max-image-preview":"max-image-preview:large","max-video-preview":"max-video-preview:-1"},"canonical":"https:\/\/riberasalud.com\/blog-de-salud\/empezar-la-quimioterapia-como-prepararnos\/","og_locale":"es_ES","og_type":"article","og_title":"Empezar la quimioterapia. C\u00f3mo prepararnos - Blog de Salud","og_description":"Cada a\u00f1o se registran importantes avances en los tratamientos, aparecen t\u00e9cnicas y medicamentos nuevos y los porcentajes de supervivencia aumentan.","og_url":"https:\/\/riberasalud.com\/blog-de-salud\/empezar-la-quimioterapia-como-prepararnos\/","og_site_name":"Blog de Salud","article_published_time":"2023-02-08T14:53:31+00:00","article_modified_time":"2023-02-08T15:59:45+00:00","og_image":[{"width":800,"height":533,"url":"https:\/\/riberasalud.com\/blog-de-salud\/wp-content\/uploads\/2023\/02\/feliz-madre-e-hija-adulta-enferma-panuelo-abrazandose-mirandose.jpg","type":"image\/jpeg"}],"author":"Grupo Sanitario Ribera","twitter_card":"summary_large_image","twitter_misc":{"Escrito por":"Grupo Sanitario Ribera","Tiempo de lectura":"4 minutos"},"schema":{"@context":"https:\/\/schema.org","@graph":[{"@type":"Article","@id":"https:\/\/riberasalud.com\/blog-de-salud\/empezar-la-quimioterapia-como-prepararnos\/#article","isPartOf":{"@id":"https:\/\/riberasalud.com\/blog-de-salud\/empezar-la-quimioterapia-como-prepararnos\/"},"author":{"name":"Grupo Sanitario Ribera","@id":"https:\/\/riberasalud.com\/blog-de-salud\/#\/schema\/person\/cb8206dc7accca50a7b7fc404fc6fd29"},"headline":"Empezar la quimioterapia. C\u00f3mo prepararnos","datePublished":"2023-02-08T14:53:31+00:00","dateModified":"2023-02-08T15:59:45+00:00","mainEntityOfPage":{"@id":"https:\/\/riberasalud.com\/blog-de-salud\/empezar-la-quimioterapia-como-prepararnos\/"},"wordCount":964,"commentCount":1,"publisher":{"@id":"https:\/\/riberasalud.com\/blog-de-salud\/#organization"},"image":{"@id":"https:\/\/riberasalud.com\/blog-de-salud\/empezar-la-quimioterapia-como-prepararnos\/#primaryimage"},"thumbnailUrl":"https:\/\/riberasalud.com\/blog-de-salud\/wp-content\/uploads\/2023\/02\/feliz-madre-e-hija-adulta-enferma-panuelo-abrazandose-mirandose.jpg","keywords":["c\u00e1ncer","oncolog\u00eda","quimioterapia","tratamiento"],"articleSection":["Consejos de salud","Oncolog\u00eda"],"inLanguage":"es","potentialAction":[{"@type":"CommentAction","name":"Comment","target":["https:\/\/riberasalud.com\/blog-de-salud\/empezar-la-quimioterapia-como-prepararnos\/#respond"]}]},{"@type":"WebPage","@id":"https:\/\/riberasalud.com\/blog-de-salud\/empezar-la-quimioterapia-como-prepararnos\/","url":"https:\/\/riberasalud.com\/blog-de-salud\/empezar-la-quimioterapia-como-prepararnos\/","name":"Empezar la quimioterapia. C\u00f3mo prepararnos - Blog de Salud","isPartOf":{"@id":"https:\/\/riberasalud.com\/blog-de-salud\/#website"},"primaryImageOfPage":{"@id":"https:\/\/riberasalud.com\/blog-de-salud\/empezar-la-quimioterapia-como-prepararnos\/#primaryimage"},"image":{"@id":"https:\/\/riberasalud.com\/blog-de-salud\/empezar-la-quimioterapia-como-prepararnos\/#primaryimage"},"thumbnailUrl":"https:\/\/riberasalud.com\/blog-de-salud\/wp-content\/uploads\/2023\/02\/feliz-madre-e-hija-adulta-enferma-panuelo-abrazandose-mirandose.jpg","datePublished":"2023-02-08T14:53:31+00:00","dateModified":"2023-02-08T15:59:45+00:00","description":"Cada a\u00f1o se registran importantes avances en los tratamientos, aparecen t\u00e9cnicas y medicamentos nuevos y los porcentajes de supervivencia aumentan.","breadcrumb":{"@id":"https:\/\/riberasalud.com\/blog-de-salud\/empezar-la-quimioterapia-como-prepararnos\/#breadcrumb"},"inLanguage":"es","potentialAction":[{"@type":"ReadAction","target":["https:\/\/riberasalud.com\/blog-de-salud\/empezar-la-quimioterapia-como-prepararnos\/"]}]},{"@type":"ImageObject","inLanguage":"es","@id":"https:\/\/riberasalud.com\/blog-de-salud\/empezar-la-quimioterapia-como-prepararnos\/#primaryimage","url":"https:\/\/riberasalud.com\/blog-de-salud\/wp-content\/uploads\/2023\/02\/feliz-madre-e-hija-adulta-enferma-panuelo-abrazandose-mirandose.jpg","contentUrl":"https:\/\/riberasalud.com\/blog-de-salud\/wp-content\/uploads\/2023\/02\/feliz-madre-e-hija-adulta-enferma-panuelo-abrazandose-mirandose.jpg","width":800,"height":533,"caption":"happy mother and sick adult daughter in kerchief hugging and looking at each other"},{"@type":"BreadcrumbList","@id":"https:\/\/riberasalud.com\/blog-de-salud\/empezar-la-quimioterapia-como-prepararnos\/#breadcrumb","itemListElement":[{"@type":"ListItem","position":1,"name":"Portada","item":"https:\/\/riberasalud.com\/blog-de-salud\/"},{"@type":"ListItem","position":2,"name":"Empezar la quimioterapia. C\u00f3mo prepararnos"}]},{"@type":"WebSite","@id":"https:\/\/riberasalud.com\/blog-de-salud\/#website","url":"https:\/\/riberasalud.com\/blog-de-salud\/","name":"Blog de Salud","description":"Grupo Ribera","publisher":{"@id":"https:\/\/riberasalud.com\/blog-de-salud\/#organization"},"potentialAction":[{"@type":"SearchAction","target":{"@type":"EntryPoint","urlTemplate":"https:\/\/riberasalud.com\/blog-de-salud\/?s={search_term_string}"},"query-input":{"@type":"PropertyValueSpecification","valueRequired":true,"valueName":"search_term_string"}}],"inLanguage":"es"},{"@type":"Organization","@id":"https:\/\/riberasalud.com\/blog-de-salud\/#organization","name":"Blog de Salud","url":"https:\/\/riberasalud.com\/blog-de-salud\/","logo":{"@type":"ImageObject","inLanguage":"es","@id":"https:\/\/riberasalud.com\/blog-de-salud\/#\/schema\/logo\/image\/","url":"https:\/\/riberasalud.com\/blog-de-salud\/wp-content\/uploads\/2022\/09\/cropped-Logotipo-Red-qgbhgk.png","contentUrl":"https:\/\/riberasalud.com\/blog-de-salud\/wp-content\/uploads\/2022\/09\/cropped-Logotipo-Red-qgbhgk.png","width":5001,"height":1976,"caption":"Blog de Salud"},"image":{"@id":"https:\/\/riberasalud.com\/blog-de-salud\/#\/schema\/logo\/image\/"}},{"@type":"Person","@id":"https:\/\/riberasalud.com\/blog-de-salud\/#\/schema\/person\/cb8206dc7accca50a7b7fc404fc6fd29","name":"Grupo Sanitario Ribera","image":{"@type":"ImageObject","inLanguage":"es","@id":"https:\/\/secure.gravatar.com\/avatar\/4fbc514e206acdf97ee26602f375be0b2a370574f96ff09ba3630e4b313d1d29?s=96&d=mm&r=g","url":"https:\/\/secure.gravatar.com\/avatar\/4fbc514e206acdf97ee26602f375be0b2a370574f96ff09ba3630e4b313d1d29?s=96&d=mm&r=g","contentUrl":"https:\/\/secure.gravatar.com\/avatar\/4fbc514e206acdf97ee26602f375be0b2a370574f96ff09ba3630e4b313d1d29?s=96&d=mm&r=g","caption":"Grupo Sanitario Ribera"},"url":"https:\/\/riberasalud.com\/blog-de-salud\/author\/marsanchez\/"}]}},"_links":{"self":[{"href":"https:\/\/riberasalud.com\/blog-de-salud\/wp-json\/wp\/v2\/posts\/10989","targetHints":{"allow":["GET"]}}],"collection":[{"href":"https:\/\/riberasalud.com\/blog-de-salud\/wp-json\/wp\/v2\/posts"}],"about":[{"href":"https:\/\/riberasalud.com\/blog-de-salud\/wp-json\/wp\/v2\/types\/post"}],"author":[{"embeddable":true,"href":"https:\/\/riberasalud.com\/blog-de-salud\/wp-json\/wp\/v2\/users\/6"}],"replies":[{"embeddable":true,"href":"https:\/\/riberasalud.com\/blog-de-salud\/wp-json\/wp\/v2\/comments?post=10989"}],"version-history":[{"count":2,"href":"https:\/\/riberasalud.com\/blog-de-salud\/wp-json\/wp\/v2\/posts\/10989\/revisions"}],"predecessor-version":[{"id":10992,"href":"https:\/\/riberasalud.com\/blog-de-salud\/wp-json\/wp\/v2\/posts\/10989\/revisions\/10992"}],"wp:featuredmedia":[{"embeddable":true,"href":"https:\/\/riberasalud.com\/blog-de-salud\/wp-json\/wp\/v2\/media\/10993"}],"wp:attachment":[{"href":"https:\/\/riberasalud.com\/blog-de-salud\/wp-json\/wp\/v2\/media?parent=10989"}],"wp:term":[{"taxonomy":"category","embeddable":true,"href":"https:\/\/riberasalud.com\/blog-de-salud\/wp-json\/wp\/v2\/categories?post=10989"},{"taxonomy":"post_tag","embeddable":true,"href":"https:\/\/riberasalud.com\/blog-de-salud\/wp-json\/wp\/v2\/tags?post=10989"}],"curies":[{"name":"wp","href":"https:\/\/api.w.org\/{rel}","templated":true}]}}