{"id":809,"date":"2016-09-23T10:02:13","date_gmt":"2016-09-23T10:02:13","guid":{"rendered":"https:\/\/www.blogdegestion.riberasalud.com\/?p=809"},"modified":"2023-05-17T09:40:35","modified_gmt":"2023-05-17T09:40:35","slug":"manifiesto-de-los-jefes-de-servicio-y-mandos-intermedios-del-departamento-de-salud-de-la-ribera-dirigido-a-la-consellera-de-sanitat","status":"publish","type":"post","link":"https:\/\/riberasalud.com\/blog-de-gestion\/manifiesto-de-los-jefes-de-servicio-y-mandos-intermedios-del-departamento-de-salud-de-la-ribera-dirigido-a-la-consellera-de-sanitat\/","title":{"rendered":"Manifiesto de los Jefes de servicio y Mandos Intermedios del Departamento de Salud de La Ribera dirigido a la Consellera de Sanitat"},"content":{"rendered":"<p>Los Jefes de servicio y Mandos intermedios asistenciales y no asistenciales del <a href=\"https:\/\/laribera.riberasalud.com\/\">Departamento de Salud de La Ribera<\/a>, que incluye el Hospital y la totalidad de los centros de salud,\u00a0 han firmado un <strong>manifiesto dirigido a la Honorable Consellera de Sanitat, D\u00aa Carmen Mont\u00f3n<\/strong>, en el que solicitan que se les d\u00e9 respuesta a la \u201cmayor brevedad posible\u201d a una serie de cuestiones sobre el futuro de los trabajadores y sobre el modelo de hospital que resultar\u00e1 tras el anuncio del Presidente de la Generalitat Valenciana de la finalizaci\u00f3n de la concesi\u00f3n del Hospital de Alzira.<\/p>\n<p>En el citado escrito, <strong>los firmantes manifiestan su \u201cmalestar, inquietud e incertidumbre\u201d y aseguran que \u201cno han sido informados\u201d de c\u00f3mo va realizarse el proceso de reversi\u00f3n y las consecuencias para los ciudadanos de la comarca de La Ribera.<\/strong><\/p>\n<p><strong>El siguiente\u00a0documento ha sido suscrito por 85 jefes de servicio y mandos intermedios del Departamento de Salud de La Ribera (40 Jefes de Servicio y coordinadores m\u00e9dicos del Hospital y Atenci\u00f3n Primaria, 22 mandos intermedios de Enfermer\u00eda del Hospital y Atenci\u00f3n Primaria, y 23 mandos intermedios no asistenciales del Hospital y Atenci\u00f3n Primaria). <\/strong><\/p>\n<p><strong>La relaci\u00f3n completa con los datos y firmas de los firmantes ha sido entregada en el registro de Conselleria.<\/strong><\/p>\n<p><a href=\"https:\/\/www.blogdegestion.riberasalud.com\/wp-content\/uploads\/2016\/09\/Manifiesto-con-registro-de-entrada.pdf\"><img loading=\"lazy\" decoding=\"async\" class=\"alignnone wp-image-810 size-full\" src=\"https:\/\/riberasalud.com\/blog-de-gestion\/wp-content\/uploads\/2022\/10\/Manifiesto-trabajadores-Departamento-de-Salud-de-la-Ribera.jpg\" alt=\"Manifiesto trabajadores del Departamento de Salud de la Ribera\" width=\"2481\" height=\"3509\" \/><\/a><\/p>\n<h5><\/h5>\n","protected":false},"excerpt":{"rendered":"<p>Los Jefes de servicio y Mandos intermedios asistenciales y no &#8230; <a title=\"Manifiesto de los Jefes de servicio y Mandos Intermedios del Departamento de Salud de La Ribera dirigido a la Consellera de Sanitat\" class=\"read-more\" href=\"https:\/\/riberasalud.com\/blog-de-gestion\/manifiesto-de-los-jefes-de-servicio-y-mandos-intermedios-del-departamento-de-salud-de-la-ribera-dirigido-a-la-consellera-de-sanitat\/\" aria-label=\"Leer m\u00e1s sobre Manifiesto de los Jefes de servicio y Mandos Intermedios del Departamento de Salud de La Ribera dirigido a la Consellera de Sanitat\">Leer m\u00e1s<\/a><\/p>\n","protected":false},"author":8,"featured_media":818,"comment_status":"closed","ping_status":"open","sticky":false,"template":"","format":"standard","meta":{"_mi_skip_tracking":false,"footnotes":""},"categories":[1517],"tags":[1566,1567,1493,1568,1565],"class_list":["post-809","post","type-post","status-publish","format-standard","has-post-thumbnail","hentry","category-gestion_de_personas","tag-conselleria","tag-departamento-de-salud","tag-hospital-universitario-la-ribera","tag-manifiesto","tag-reversion","generate-columns","tablet-grid-50","mobile-grid-100","grid-parent","grid-33"],"yoast_head":"<!-- This site is optimized with the Yoast SEO plugin v27.4 - https:\/\/yoast.com\/product\/yoast-seo-wordpress\/ -->\n<title>Manifiesto de los Jefes de servicio y Mandos Intermedios del Departamento de Salud de La Ribera dirigido a la Consellera de Sanitat - Blog de Gesti\u00f3n<\/title>\n<meta name=\"robots\" content=\"index, follow, max-snippet:-1, max-image-preview:large, max-video-preview:-1\" \/>\n<link rel=\"canonical\" href=\"https:\/\/riberasalud.com\/blog-de-gestion\/manifiesto-de-los-jefes-de-servicio-y-mandos-intermedios-del-departamento-de-salud-de-la-ribera-dirigido-a-la-consellera-de-sanitat\/\" \/>\n<meta property=\"og:locale\" content=\"es_ES\" \/>\n<meta property=\"og:type\" content=\"article\" \/>\n<meta property=\"og:title\" content=\"Manifiesto de los Jefes de servicio y Mandos Intermedios del Departamento de Salud de La Ribera dirigido a la Consellera de Sanitat - Blog de Gesti\u00f3n\" \/>\n<meta property=\"og:description\" content=\"Los Jefes de servicio y Mandos intermedios asistenciales y no ... Leer m\u00e1s\" \/>\n<meta property=\"og:url\" content=\"https:\/\/riberasalud.com\/blog-de-gestion\/manifiesto-de-los-jefes-de-servicio-y-mandos-intermedios-del-departamento-de-salud-de-la-ribera-dirigido-a-la-consellera-de-sanitat\/\" \/>\n<meta property=\"og:site_name\" content=\"Blog de Gesti\u00f3n\" \/>\n<meta property=\"article:published_time\" content=\"2016-09-23T10:02:13+00:00\" \/>\n<meta property=\"article:modified_time\" content=\"2023-05-17T09:40:35+00:00\" \/>\n<meta name=\"author\" content=\"Ribera Salud\" \/>\n<meta name=\"twitter:card\" content=\"summary_large_image\" \/>\n<meta name=\"twitter:label1\" content=\"Escrito por\" \/>\n\t<meta name=\"twitter:data1\" content=\"Ribera Salud\" \/>\n\t<meta name=\"twitter:label2\" content=\"Tiempo de lectura\" \/>\n\t<meta name=\"twitter:data2\" content=\"2 minutos\" \/>\n<script type=\"application\/ld+json\" class=\"yoast-schema-graph\">{\"@context\":\"https:\\\/\\\/schema.org\",\"@graph\":[{\"@type\":\"Article\",\"@id\":\"https:\\\/\\\/riberasalud.com\\\/blog-de-gestion\\\/manifiesto-de-los-jefes-de-servicio-y-mandos-intermedios-del-departamento-de-salud-de-la-ribera-dirigido-a-la-consellera-de-sanitat\\\/#article\",\"isPartOf\":{\"@id\":\"https:\\\/\\\/riberasalud.com\\\/blog-de-gestion\\\/manifiesto-de-los-jefes-de-servicio-y-mandos-intermedios-del-departamento-de-salud-de-la-ribera-dirigido-a-la-consellera-de-sanitat\\\/\"},\"author\":{\"name\":\"Ribera Salud\",\"@id\":\"https:\\\/\\\/riberasalud.com\\\/blog-de-gestion\\\/#\\\/schema\\\/person\\\/8cd4ba4516c36c8da6b7a328ec60c8cc\"},\"headline\":\"Manifiesto de los Jefes de servicio y Mandos Intermedios del Departamento de Salud de La Ribera dirigido a la Consellera de Sanitat\",\"datePublished\":\"2016-09-23T10:02:13+00:00\",\"dateModified\":\"2023-05-17T09:40:35+00:00\",\"mainEntityOfPage\":{\"@id\":\"https:\\\/\\\/riberasalud.com\\\/blog-de-gestion\\\/manifiesto-de-los-jefes-de-servicio-y-mandos-intermedios-del-departamento-de-salud-de-la-ribera-dirigido-a-la-consellera-de-sanitat\\\/\"},\"wordCount\":237,\"publisher\":{\"@id\":\"https:\\\/\\\/riberasalud.com\\\/blog-de-gestion\\\/#organization\"},\"image\":{\"@id\":\"https:\\\/\\\/riberasalud.com\\\/blog-de-gestion\\\/manifiesto-de-los-jefes-de-servicio-y-mandos-intermedios-del-departamento-de-salud-de-la-ribera-dirigido-a-la-consellera-de-sanitat\\\/#primaryimage\"},\"thumbnailUrl\":\"\",\"keywords\":[\"Conselleria\",\"departamento de salud\",\"Hospital Universitario La Ribera\",\"manifiesto\",\"reversi\u00f3n\"],\"articleSection\":[\"Gesti\u00f3n de personas\"],\"inLanguage\":\"es\"},{\"@type\":\"WebPage\",\"@id\":\"https:\\\/\\\/riberasalud.com\\\/blog-de-gestion\\\/manifiesto-de-los-jefes-de-servicio-y-mandos-intermedios-del-departamento-de-salud-de-la-ribera-dirigido-a-la-consellera-de-sanitat\\\/\",\"url\":\"https:\\\/\\\/riberasalud.com\\\/blog-de-gestion\\\/manifiesto-de-los-jefes-de-servicio-y-mandos-intermedios-del-departamento-de-salud-de-la-ribera-dirigido-a-la-consellera-de-sanitat\\\/\",\"name\":\"Manifiesto de los Jefes de servicio y Mandos Intermedios del Departamento de Salud de La Ribera dirigido a la Consellera de Sanitat - Blog de Gesti\u00f3n\",\"isPartOf\":{\"@id\":\"https:\\\/\\\/riberasalud.com\\\/blog-de-gestion\\\/#website\"},\"primaryImageOfPage\":{\"@id\":\"https:\\\/\\\/riberasalud.com\\\/blog-de-gestion\\\/manifiesto-de-los-jefes-de-servicio-y-mandos-intermedios-del-departamento-de-salud-de-la-ribera-dirigido-a-la-consellera-de-sanitat\\\/#primaryimage\"},\"image\":{\"@id\":\"https:\\\/\\\/riberasalud.com\\\/blog-de-gestion\\\/manifiesto-de-los-jefes-de-servicio-y-mandos-intermedios-del-departamento-de-salud-de-la-ribera-dirigido-a-la-consellera-de-sanitat\\\/#primaryimage\"},\"thumbnailUrl\":\"\",\"datePublished\":\"2016-09-23T10:02:13+00:00\",\"dateModified\":\"2023-05-17T09:40:35+00:00\",\"breadcrumb\":{\"@id\":\"https:\\\/\\\/riberasalud.com\\\/blog-de-gestion\\\/manifiesto-de-los-jefes-de-servicio-y-mandos-intermedios-del-departamento-de-salud-de-la-ribera-dirigido-a-la-consellera-de-sanitat\\\/#breadcrumb\"},\"inLanguage\":\"es\",\"potentialAction\":[{\"@type\":\"ReadAction\",\"target\":[\"https:\\\/\\\/riberasalud.com\\\/blog-de-gestion\\\/manifiesto-de-los-jefes-de-servicio-y-mandos-intermedios-del-departamento-de-salud-de-la-ribera-dirigido-a-la-consellera-de-sanitat\\\/\"]}]},{\"@type\":\"ImageObject\",\"inLanguage\":\"es\",\"@id\":\"https:\\\/\\\/riberasalud.com\\\/blog-de-gestion\\\/manifiesto-de-los-jefes-de-servicio-y-mandos-intermedios-del-departamento-de-salud-de-la-ribera-dirigido-a-la-consellera-de-sanitat\\\/#primaryimage\",\"url\":\"\",\"contentUrl\":\"\"},{\"@type\":\"BreadcrumbList\",\"@id\":\"https:\\\/\\\/riberasalud.com\\\/blog-de-gestion\\\/manifiesto-de-los-jefes-de-servicio-y-mandos-intermedios-del-departamento-de-salud-de-la-ribera-dirigido-a-la-consellera-de-sanitat\\\/#breadcrumb\",\"itemListElement\":[{\"@type\":\"ListItem\",\"position\":1,\"name\":\"Portada\",\"item\":\"https:\\\/\\\/riberasalud.com\\\/blog-de-gestion\\\/\"},{\"@type\":\"ListItem\",\"position\":2,\"name\":\"Manifiesto de los Jefes de servicio y Mandos Intermedios del Departamento de Salud de La Ribera dirigido a la Consellera de Sanitat\"}]},{\"@type\":\"WebSite\",\"@id\":\"https:\\\/\\\/riberasalud.com\\\/blog-de-gestion\\\/#website\",\"url\":\"https:\\\/\\\/riberasalud.com\\\/blog-de-gestion\\\/\",\"name\":\"Blog de Gesti\u00f3n\",\"description\":\"Grupo Ribera\",\"publisher\":{\"@id\":\"https:\\\/\\\/riberasalud.com\\\/blog-de-gestion\\\/#organization\"},\"potentialAction\":[{\"@type\":\"SearchAction\",\"target\":{\"@type\":\"EntryPoint\",\"urlTemplate\":\"https:\\\/\\\/riberasalud.com\\\/blog-de-gestion\\\/?s={search_term_string}\"},\"query-input\":{\"@type\":\"PropertyValueSpecification\",\"valueRequired\":true,\"valueName\":\"search_term_string\"}}],\"inLanguage\":\"es\"},{\"@type\":\"Organization\",\"@id\":\"https:\\\/\\\/riberasalud.com\\\/blog-de-gestion\\\/#organization\",\"name\":\"Blog de Gesti\u00f3n\",\"url\":\"https:\\\/\\\/riberasalud.com\\\/blog-de-gestion\\\/\",\"logo\":{\"@type\":\"ImageObject\",\"inLanguage\":\"es\",\"@id\":\"https:\\\/\\\/riberasalud.com\\\/blog-de-gestion\\\/#\\\/schema\\\/logo\\\/image\\\/\",\"url\":\"https:\\\/\\\/riberasalud.com\\\/blog-de-gestion\\\/wp-content\\\/uploads\\\/2022\\\/09\\\/cropped-Logotipo-Red-qgbhgk.png\",\"contentUrl\":\"https:\\\/\\\/riberasalud.com\\\/blog-de-gestion\\\/wp-content\\\/uploads\\\/2022\\\/09\\\/cropped-Logotipo-Red-qgbhgk.png\",\"width\":5001,\"height\":1976,\"caption\":\"Blog de Gesti\u00f3n\"},\"image\":{\"@id\":\"https:\\\/\\\/riberasalud.com\\\/blog-de-gestion\\\/#\\\/schema\\\/logo\\\/image\\\/\"}},{\"@type\":\"Person\",\"@id\":\"https:\\\/\\\/riberasalud.com\\\/blog-de-gestion\\\/#\\\/schema\\\/person\\\/8cd4ba4516c36c8da6b7a328ec60c8cc\",\"name\":\"Ribera Salud\",\"image\":{\"@type\":\"ImageObject\",\"inLanguage\":\"es\",\"@id\":\"https:\\\/\\\/secure.gravatar.com\\\/avatar\\\/562752329ea0bcc424426dba796708836aa2086605ed5876b10d4141ce6ec33e?s=96&d=mm&r=g\",\"url\":\"https:\\\/\\\/secure.gravatar.com\\\/avatar\\\/562752329ea0bcc424426dba796708836aa2086605ed5876b10d4141ce6ec33e?s=96&d=mm&r=g\",\"contentUrl\":\"https:\\\/\\\/secure.gravatar.com\\\/avatar\\\/562752329ea0bcc424426dba796708836aa2086605ed5876b10d4141ce6ec33e?s=96&d=mm&r=g\",\"caption\":\"Ribera Salud\"},\"url\":\"https:\\\/\\\/riberasalud.com\\\/blog-de-gestion\\\/author\\\/modelo-alzira\\\/\"}]}<\/script>\n<!-- \/ Yoast SEO plugin. -->","yoast_head_json":{"title":"Manifiesto de los Jefes de servicio y Mandos Intermedios del Departamento de Salud de La Ribera dirigido a la Consellera de Sanitat - Blog de Gesti\u00f3n","robots":{"index":"index","follow":"follow","max-snippet":"max-snippet:-1","max-image-preview":"max-image-preview:large","max-video-preview":"max-video-preview:-1"},"canonical":"https:\/\/riberasalud.com\/blog-de-gestion\/manifiesto-de-los-jefes-de-servicio-y-mandos-intermedios-del-departamento-de-salud-de-la-ribera-dirigido-a-la-consellera-de-sanitat\/","og_locale":"es_ES","og_type":"article","og_title":"Manifiesto de los Jefes de servicio y Mandos Intermedios del Departamento de Salud de La Ribera dirigido a la Consellera de Sanitat - Blog de Gesti\u00f3n","og_description":"Los Jefes de servicio y Mandos intermedios asistenciales y no ... Leer m\u00e1s","og_url":"https:\/\/riberasalud.com\/blog-de-gestion\/manifiesto-de-los-jefes-de-servicio-y-mandos-intermedios-del-departamento-de-salud-de-la-ribera-dirigido-a-la-consellera-de-sanitat\/","og_site_name":"Blog de Gesti\u00f3n","article_published_time":"2016-09-23T10:02:13+00:00","article_modified_time":"2023-05-17T09:40:35+00:00","author":"Ribera Salud","twitter_card":"summary_large_image","twitter_misc":{"Escrito por":"Ribera Salud","Tiempo de lectura":"2 minutos"},"schema":{"@context":"https:\/\/schema.org","@graph":[{"@type":"Article","@id":"https:\/\/riberasalud.com\/blog-de-gestion\/manifiesto-de-los-jefes-de-servicio-y-mandos-intermedios-del-departamento-de-salud-de-la-ribera-dirigido-a-la-consellera-de-sanitat\/#article","isPartOf":{"@id":"https:\/\/riberasalud.com\/blog-de-gestion\/manifiesto-de-los-jefes-de-servicio-y-mandos-intermedios-del-departamento-de-salud-de-la-ribera-dirigido-a-la-consellera-de-sanitat\/"},"author":{"name":"Ribera Salud","@id":"https:\/\/riberasalud.com\/blog-de-gestion\/#\/schema\/person\/8cd4ba4516c36c8da6b7a328ec60c8cc"},"headline":"Manifiesto de los Jefes de servicio y Mandos Intermedios del Departamento de Salud de La Ribera dirigido a la Consellera de Sanitat","datePublished":"2016-09-23T10:02:13+00:00","dateModified":"2023-05-17T09:40:35+00:00","mainEntityOfPage":{"@id":"https:\/\/riberasalud.com\/blog-de-gestion\/manifiesto-de-los-jefes-de-servicio-y-mandos-intermedios-del-departamento-de-salud-de-la-ribera-dirigido-a-la-consellera-de-sanitat\/"},"wordCount":237,"publisher":{"@id":"https:\/\/riberasalud.com\/blog-de-gestion\/#organization"},"image":{"@id":"https:\/\/riberasalud.com\/blog-de-gestion\/manifiesto-de-los-jefes-de-servicio-y-mandos-intermedios-del-departamento-de-salud-de-la-ribera-dirigido-a-la-consellera-de-sanitat\/#primaryimage"},"thumbnailUrl":"","keywords":["Conselleria","departamento de salud","Hospital Universitario La Ribera","manifiesto","reversi\u00f3n"],"articleSection":["Gesti\u00f3n de personas"],"inLanguage":"es"},{"@type":"WebPage","@id":"https:\/\/riberasalud.com\/blog-de-gestion\/manifiesto-de-los-jefes-de-servicio-y-mandos-intermedios-del-departamento-de-salud-de-la-ribera-dirigido-a-la-consellera-de-sanitat\/","url":"https:\/\/riberasalud.com\/blog-de-gestion\/manifiesto-de-los-jefes-de-servicio-y-mandos-intermedios-del-departamento-de-salud-de-la-ribera-dirigido-a-la-consellera-de-sanitat\/","name":"Manifiesto de los Jefes de servicio y Mandos Intermedios del Departamento de Salud de La Ribera dirigido a la Consellera de Sanitat - Blog de Gesti\u00f3n","isPartOf":{"@id":"https:\/\/riberasalud.com\/blog-de-gestion\/#website"},"primaryImageOfPage":{"@id":"https:\/\/riberasalud.com\/blog-de-gestion\/manifiesto-de-los-jefes-de-servicio-y-mandos-intermedios-del-departamento-de-salud-de-la-ribera-dirigido-a-la-consellera-de-sanitat\/#primaryimage"},"image":{"@id":"https:\/\/riberasalud.com\/blog-de-gestion\/manifiesto-de-los-jefes-de-servicio-y-mandos-intermedios-del-departamento-de-salud-de-la-ribera-dirigido-a-la-consellera-de-sanitat\/#primaryimage"},"thumbnailUrl":"","datePublished":"2016-09-23T10:02:13+00:00","dateModified":"2023-05-17T09:40:35+00:00","breadcrumb":{"@id":"https:\/\/riberasalud.com\/blog-de-gestion\/manifiesto-de-los-jefes-de-servicio-y-mandos-intermedios-del-departamento-de-salud-de-la-ribera-dirigido-a-la-consellera-de-sanitat\/#breadcrumb"},"inLanguage":"es","potentialAction":[{"@type":"ReadAction","target":["https:\/\/riberasalud.com\/blog-de-gestion\/manifiesto-de-los-jefes-de-servicio-y-mandos-intermedios-del-departamento-de-salud-de-la-ribera-dirigido-a-la-consellera-de-sanitat\/"]}]},{"@type":"ImageObject","inLanguage":"es","@id":"https:\/\/riberasalud.com\/blog-de-gestion\/manifiesto-de-los-jefes-de-servicio-y-mandos-intermedios-del-departamento-de-salud-de-la-ribera-dirigido-a-la-consellera-de-sanitat\/#primaryimage","url":"","contentUrl":""},{"@type":"BreadcrumbList","@id":"https:\/\/riberasalud.com\/blog-de-gestion\/manifiesto-de-los-jefes-de-servicio-y-mandos-intermedios-del-departamento-de-salud-de-la-ribera-dirigido-a-la-consellera-de-sanitat\/#breadcrumb","itemListElement":[{"@type":"ListItem","position":1,"name":"Portada","item":"https:\/\/riberasalud.com\/blog-de-gestion\/"},{"@type":"ListItem","position":2,"name":"Manifiesto de los Jefes de servicio y Mandos Intermedios del Departamento de Salud de La Ribera dirigido a la Consellera de Sanitat"}]},{"@type":"WebSite","@id":"https:\/\/riberasalud.com\/blog-de-gestion\/#website","url":"https:\/\/riberasalud.com\/blog-de-gestion\/","name":"Blog de Gesti\u00f3n","description":"Grupo Ribera","publisher":{"@id":"https:\/\/riberasalud.com\/blog-de-gestion\/#organization"},"potentialAction":[{"@type":"SearchAction","target":{"@type":"EntryPoint","urlTemplate":"https:\/\/riberasalud.com\/blog-de-gestion\/?s={search_term_string}"},"query-input":{"@type":"PropertyValueSpecification","valueRequired":true,"valueName":"search_term_string"}}],"inLanguage":"es"},{"@type":"Organization","@id":"https:\/\/riberasalud.com\/blog-de-gestion\/#organization","name":"Blog de Gesti\u00f3n","url":"https:\/\/riberasalud.com\/blog-de-gestion\/","logo":{"@type":"ImageObject","inLanguage":"es","@id":"https:\/\/riberasalud.com\/blog-de-gestion\/#\/schema\/logo\/image\/","url":"https:\/\/riberasalud.com\/blog-de-gestion\/wp-content\/uploads\/2022\/09\/cropped-Logotipo-Red-qgbhgk.png","contentUrl":"https:\/\/riberasalud.com\/blog-de-gestion\/wp-content\/uploads\/2022\/09\/cropped-Logotipo-Red-qgbhgk.png","width":5001,"height":1976,"caption":"Blog de Gesti\u00f3n"},"image":{"@id":"https:\/\/riberasalud.com\/blog-de-gestion\/#\/schema\/logo\/image\/"}},{"@type":"Person","@id":"https:\/\/riberasalud.com\/blog-de-gestion\/#\/schema\/person\/8cd4ba4516c36c8da6b7a328ec60c8cc","name":"Ribera Salud","image":{"@type":"ImageObject","inLanguage":"es","@id":"https:\/\/secure.gravatar.com\/avatar\/562752329ea0bcc424426dba796708836aa2086605ed5876b10d4141ce6ec33e?s=96&d=mm&r=g","url":"https:\/\/secure.gravatar.com\/avatar\/562752329ea0bcc424426dba796708836aa2086605ed5876b10d4141ce6ec33e?s=96&d=mm&r=g","contentUrl":"https:\/\/secure.gravatar.com\/avatar\/562752329ea0bcc424426dba796708836aa2086605ed5876b10d4141ce6ec33e?s=96&d=mm&r=g","caption":"Ribera Salud"},"url":"https:\/\/riberasalud.com\/blog-de-gestion\/author\/modelo-alzira\/"}]}},"_links":{"self":[{"href":"https:\/\/riberasalud.com\/blog-de-gestion\/wp-json\/wp\/v2\/posts\/809","targetHints":{"allow":["GET"]}}],"collection":[{"href":"https:\/\/riberasalud.com\/blog-de-gestion\/wp-json\/wp\/v2\/posts"}],"about":[{"href":"https:\/\/riberasalud.com\/blog-de-gestion\/wp-json\/wp\/v2\/types\/post"}],"author":[{"embeddable":true,"href":"https:\/\/riberasalud.com\/blog-de-gestion\/wp-json\/wp\/v2\/users\/8"}],"replies":[{"embeddable":true,"href":"https:\/\/riberasalud.com\/blog-de-gestion\/wp-json\/wp\/v2\/comments?post=809"}],"version-history":[{"count":1,"href":"https:\/\/riberasalud.com\/blog-de-gestion\/wp-json\/wp\/v2\/posts\/809\/revisions"}],"predecessor-version":[{"id":11635,"href":"https:\/\/riberasalud.com\/blog-de-gestion\/wp-json\/wp\/v2\/posts\/809\/revisions\/11635"}],"wp:featuredmedia":[{"embeddable":true,"href":"https:\/\/riberasalud.com\/blog-de-gestion\/wp-json\/"}],"wp:attachment":[{"href":"https:\/\/riberasalud.com\/blog-de-gestion\/wp-json\/wp\/v2\/media?parent=809"}],"wp:term":[{"taxonomy":"category","embeddable":true,"href":"https:\/\/riberasalud.com\/blog-de-gestion\/wp-json\/wp\/v2\/categories?post=809"},{"taxonomy":"post_tag","embeddable":true,"href":"https:\/\/riberasalud.com\/blog-de-gestion\/wp-json\/wp\/v2\/tags?post=809"}],"curies":[{"name":"wp","href":"https:\/\/api.w.org\/{rel}","templated":true}]}}