{"id":805,"date":"2016-09-22T09:10:55","date_gmt":"2016-09-22T09:10:55","guid":{"rendered":"https:\/\/www.blogdegestion.riberasalud.com\/?p=805"},"modified":"2016-09-22T09:10:55","modified_gmt":"2016-09-22T09:10:55","slug":"pacientes-y-profesionales-sobre-la-reversion-de-alzira-es-un-retroceso","status":"publish","type":"post","link":"https:\/\/riberasalud.com\/blog-de-gestion\/pacientes-y-profesionales-sobre-la-reversion-de-alzira-es-un-retroceso\/","title":{"rendered":"Pacientes y profesionales, sobre la reversi\u00f3n de Alzira: es un retroceso"},"content":{"rendered":"<p>Reproducimos a continuaci\u00f3n el art\u00edculo \u00ab<a href=\"http:\/\/www.redaccionmedica.com\/autonomias\/valencia\/pacientes-y-profesionales-sobre-la-reversion-de-alzira-es-un-retroceso--1641\">Pacientes y profesionales, sobre la reversi\u00f3n de Alzira: \u00abes un retroceso\u00bb<\/a>\u00ab, \u00a0publicado en Redacci\u00f3n M\u00e9dica\u00a0el 21\/09\/2016.<\/p>\n<hr \/>\n<p>&nbsp;<\/p>\n<p>Con <strong>preocupaci\u00f3n e incertidumbre<\/strong>. As\u00ed aguardan los profesionales sanitarios y los pacientes a que la<strong>Comunidad Valenciana<\/strong> haga oficial el anuncio de <strong>revertir la concesi\u00f3n que mantiene en el Hospital La Ribera<\/strong>, en Alzira, tal y como anunci\u00f3 su presidente, <strong>Ximo Puig<\/strong>, hace escasas semanas. Ambos colectivos consideran que esta decisi\u00f3n <strong>dar\u00e1 un giro de 180 grados a su actual situaci\u00f3n<\/strong>, bien sea porque sus <strong>condiciones laborales var\u00eden<\/strong> o porque su<strong> atenci\u00f3n m\u00e9dica empeore<\/strong>, tal y como han manifestado personalmente a Redacci\u00f3n M\u00e9dica.<\/p>\n<p>Para los profesionales sanitarios, esta medida repercutir\u00e1 directamente en su bolsillo, ya que<strong> cambiar\u00e1 el modelo de carrera profesional <\/strong>que actualmente tienen (<strong>basado en un salario fijo con incentivos vinculados a objetivos<\/strong>), o al menos as\u00ed lo creen los <strong>1.800 empleados que trabajan en Alzira bajo un r\u00e9gimen laboral<\/strong>. Esto se debe a que, con la reversi\u00f3n,<strong> la Generalitat no va a mantener el convenio colectivo <\/strong>que les garantiza estabilidad hasta diciembre de 2018, basado en mejoras respecto a las condiciones del sistema p\u00fablico tradicional, porque considera que <strong>\u201csupone vulnerar los principios de igualdad, m\u00e9rito y capacidad\u201d<\/strong>. \u201cEs imposible para la Administraci\u00f3n\u201d, reconoc\u00eda la <strong>Consejer\u00eda de Econom\u00eda<\/strong> valenciana esta semana en un escrito.<\/p>\n<p>Pero no solo eso. Los profesionales temen que el cambio de modelo frene o acabe con \u201cla importante inversi\u00f3n econ\u00f3mica que ha realizado la concesionaria, el Grupo Ribera Salud, en los \u00faltimos a\u00f1os, tanto tecnol\u00f3gica como en formaci\u00f3n\u201d, explica para este medio <strong>Jos\u00e9 Miguel Cuevas<\/strong>, jefe del Servicio de Oncolog\u00eda de Alzira. Lo que ha permitido, en su opini\u00f3n, situar a La Ribera tener <strong>\u201cuna posici\u00f3n referente en la Comunidad Valenciana en el diagn\u00f3stico y tratamiento oncol\u00f3gico\u201d<\/strong>, solo a la altura de los grandes hospitales generales.<\/p>\n<p>Una postura que respalda el gerente de este centro, <strong>Javier Palau<\/strong>, quien recuerda que la inversi\u00f3n que ha realizado la concesionaria sobre sus hospitales ha permitido<strong> reducir la lista de espera<\/strong> (actualmente es dos meses menor al resto de departamentos p\u00fablicos) y<strong> ampliar los horarios de visita<\/strong>, algo que, sin duda, incide directamente en la calidad asistencial que reciben los pacientes y en la opini\u00f3n que tienen los mismos del servicio ofertado. \u201cEs de esperar que la Generalitat tendr\u00e1 un proyecto que garantice la continuidad de estos buenos resultados y que lo comunicar\u00e1 lo antes posible para reducir la inquietud e incertidumbre existente entre pacientes y profesionales\u201d, indica Palau.<\/p>\n<p>Una \u201cincertidumbre\u201d que para <strong>Julio Ribes<\/strong>, jefe del Servicio de Traumatolog\u00eda, deber\u00eda acabar \u201clo antes posible\u201d por parte de la Consejer\u00eda, ya que \u201clos sanitarios y los ciudadanos necesitamos saber cu\u00e1l es el modelo asistencial que quiere Sanidad para La Ribera\u201d. Y se refiere <strong>si a seguir siendo un hospital como el actual<\/strong> (con un amplia cartera de servicios propia de un centro general) <strong>o uno comarcal que prescinda de las especialidades<\/strong> y, por tanto, de los profesionales\u201d.<\/p>\n<p><strong>Los pacientes: \u201cSer\u00eda un retroceso revertir Alzira\u201d<\/strong><\/p>\n<p>Pero los profesionales sanitarios no son los \u00fanicos que tienen algo que decir en esta decisi\u00f3n. Los pacientes tambi\u00e9n aguardan con preocupaci\u00f3n la medida de la Generalitat, ya que <strong>muchos de ellos a\u00fan sigue en fase de tratamiento<\/strong>, y cambiar de consideraci\u00f3n a La Ribera de un hospital de referencia a uno comarcal cambiar\u00eda completamente el abordaje de su enfermedad.<\/p>\n<p>As\u00ed lo considera <strong>Marivi Ferragut<\/strong>, presidenta de Mujeres C\u00e1ncer de Mama (Dacma) y de la Junta Local Contra el C\u00e1ncer de Alzira. Seg\u00fan Ferragut, cambiarlo no traer\u00eda nada bueno para este colectivo, ya que \u201c<strong>los desplazamientos a Valencia conlleva incomodidad para los pacientes<\/strong>, que en la mayor\u00eda de los casos necesitan acudir al m\u00e9dico varias veces en semana. Es un retroceso\u201d. Por lo que prefiere c\u00f3mo est\u00e1 gestionado actualmente La Ribera: \u201c<strong>este hospital es un referente en el abordaje del c\u00e1ncer<\/strong>, ya que cuenta con unos profesionales excelentes y unos sistemas tecnol\u00f3gicos punteros\u201d.<\/p>\n<p>La opini\u00f3n de Ferragut no es balad\u00ed, sino que asimila a las encuestas de satisfacci\u00f3n que baraja la Consejer\u00eda de Sanidad. Seg\u00fan los \u00faltimos datos, <strong>los pacientes valencianos dan mejor nota a los cuatros hospitales p\u00fablicos de gesti\u00f3n indirecta que a la red p\u00fablica<\/strong>. Tanto es as\u00ed, que <strong>Vinalop<\/strong>\u00f3 consigue un 9 sobre 10; <strong>Denia<\/strong> 8,7; <strong>Torrevieja <\/strong>8,6; y <strong>Alzira<\/strong> 8,6; frente al 8,5 de media de la comunidad aut\u00f3noma.<\/p>\n","protected":false},"excerpt":{"rendered":"<p>Reproducimos a continuaci\u00f3n el art\u00edculo \u00abPacientes y profesionales, sobre la &#8230; <a title=\"Pacientes y profesionales, sobre la reversi\u00f3n de Alzira: es un retroceso\" class=\"read-more\" href=\"https:\/\/riberasalud.com\/blog-de-gestion\/pacientes-y-profesionales-sobre-la-reversion-de-alzira-es-un-retroceso\/\" aria-label=\"Leer m\u00e1s sobre Pacientes y profesionales, sobre la reversi\u00f3n de Alzira: es un retroceso\">Leer m\u00e1s<\/a><\/p>\n","protected":false},"author":8,"featured_media":807,"comment_status":"closed","ping_status":"open","sticky":false,"template":"","format":"standard","meta":{"_mi_skip_tracking":false,"footnotes":""},"categories":[1514],"tags":[1565,1551],"class_list":["post-805","post","type-post","status-publish","format-standard","has-post-thumbnail","hentry","category-gestion_asistencial","tag-reversion","tag-satisfaccion-laboral","generate-columns","tablet-grid-50","mobile-grid-100","grid-parent","grid-33"],"yoast_head":"<!-- This site is optimized with the Yoast SEO plugin v27.4 - https:\/\/yoast.com\/product\/yoast-seo-wordpress\/ -->\n<title>Pacientes y profesionales, sobre la reversi\u00f3n de Alzira: es un retroceso - Blog de Gesti\u00f3n<\/title>\n<meta name=\"robots\" content=\"index, follow, max-snippet:-1, max-image-preview:large, max-video-preview:-1\" \/>\n<link rel=\"canonical\" href=\"https:\/\/riberasalud.com\/blog-de-gestion\/pacientes-y-profesionales-sobre-la-reversion-de-alzira-es-un-retroceso\/\" \/>\n<meta property=\"og:locale\" content=\"es_ES\" \/>\n<meta property=\"og:type\" content=\"article\" \/>\n<meta property=\"og:title\" content=\"Pacientes y profesionales, sobre la reversi\u00f3n de Alzira: es un retroceso - Blog de Gesti\u00f3n\" \/>\n<meta property=\"og:description\" content=\"Reproducimos a continuaci\u00f3n el art\u00edculo \u00abPacientes y profesionales, sobre la ... Leer m\u00e1s\" \/>\n<meta property=\"og:url\" content=\"https:\/\/riberasalud.com\/blog-de-gestion\/pacientes-y-profesionales-sobre-la-reversion-de-alzira-es-un-retroceso\/\" \/>\n<meta property=\"og:site_name\" content=\"Blog de Gesti\u00f3n\" \/>\n<meta property=\"article:published_time\" content=\"2016-09-22T09:10:55+00:00\" \/>\n<meta name=\"author\" content=\"Ribera Salud\" \/>\n<meta name=\"twitter:card\" content=\"summary_large_image\" \/>\n<meta name=\"twitter:label1\" content=\"Escrito por\" \/>\n\t<meta name=\"twitter:data1\" content=\"Ribera Salud\" \/>\n\t<meta name=\"twitter:label2\" content=\"Tiempo de lectura\" \/>\n\t<meta name=\"twitter:data2\" content=\"4 minutos\" \/>\n<script type=\"application\/ld+json\" class=\"yoast-schema-graph\">{\"@context\":\"https:\\\/\\\/schema.org\",\"@graph\":[{\"@type\":\"Article\",\"@id\":\"https:\\\/\\\/riberasalud.com\\\/blog-de-gestion\\\/pacientes-y-profesionales-sobre-la-reversion-de-alzira-es-un-retroceso\\\/#article\",\"isPartOf\":{\"@id\":\"https:\\\/\\\/riberasalud.com\\\/blog-de-gestion\\\/pacientes-y-profesionales-sobre-la-reversion-de-alzira-es-un-retroceso\\\/\"},\"author\":{\"name\":\"Ribera Salud\",\"@id\":\"https:\\\/\\\/riberasalud.com\\\/blog-de-gestion\\\/#\\\/schema\\\/person\\\/8cd4ba4516c36c8da6b7a328ec60c8cc\"},\"headline\":\"Pacientes y profesionales, sobre la reversi\u00f3n de Alzira: es un retroceso\",\"datePublished\":\"2016-09-22T09:10:55+00:00\",\"mainEntityOfPage\":{\"@id\":\"https:\\\/\\\/riberasalud.com\\\/blog-de-gestion\\\/pacientes-y-profesionales-sobre-la-reversion-de-alzira-es-un-retroceso\\\/\"},\"wordCount\":786,\"publisher\":{\"@id\":\"https:\\\/\\\/riberasalud.com\\\/blog-de-gestion\\\/#organization\"},\"image\":{\"@id\":\"https:\\\/\\\/riberasalud.com\\\/blog-de-gestion\\\/pacientes-y-profesionales-sobre-la-reversion-de-alzira-es-un-retroceso\\\/#primaryimage\"},\"thumbnailUrl\":\"\",\"keywords\":[\"reversi\u00f3n\",\"satisfacci\u00f3n laboral\"],\"articleSection\":[\"Gesti\u00f3n asistencial\"],\"inLanguage\":\"es\"},{\"@type\":\"WebPage\",\"@id\":\"https:\\\/\\\/riberasalud.com\\\/blog-de-gestion\\\/pacientes-y-profesionales-sobre-la-reversion-de-alzira-es-un-retroceso\\\/\",\"url\":\"https:\\\/\\\/riberasalud.com\\\/blog-de-gestion\\\/pacientes-y-profesionales-sobre-la-reversion-de-alzira-es-un-retroceso\\\/\",\"name\":\"Pacientes y profesionales, sobre la reversi\u00f3n de Alzira: es un retroceso - Blog de Gesti\u00f3n\",\"isPartOf\":{\"@id\":\"https:\\\/\\\/riberasalud.com\\\/blog-de-gestion\\\/#website\"},\"primaryImageOfPage\":{\"@id\":\"https:\\\/\\\/riberasalud.com\\\/blog-de-gestion\\\/pacientes-y-profesionales-sobre-la-reversion-de-alzira-es-un-retroceso\\\/#primaryimage\"},\"image\":{\"@id\":\"https:\\\/\\\/riberasalud.com\\\/blog-de-gestion\\\/pacientes-y-profesionales-sobre-la-reversion-de-alzira-es-un-retroceso\\\/#primaryimage\"},\"thumbnailUrl\":\"\",\"datePublished\":\"2016-09-22T09:10:55+00:00\",\"breadcrumb\":{\"@id\":\"https:\\\/\\\/riberasalud.com\\\/blog-de-gestion\\\/pacientes-y-profesionales-sobre-la-reversion-de-alzira-es-un-retroceso\\\/#breadcrumb\"},\"inLanguage\":\"es\",\"potentialAction\":[{\"@type\":\"ReadAction\",\"target\":[\"https:\\\/\\\/riberasalud.com\\\/blog-de-gestion\\\/pacientes-y-profesionales-sobre-la-reversion-de-alzira-es-un-retroceso\\\/\"]}]},{\"@type\":\"ImageObject\",\"inLanguage\":\"es\",\"@id\":\"https:\\\/\\\/riberasalud.com\\\/blog-de-gestion\\\/pacientes-y-profesionales-sobre-la-reversion-de-alzira-es-un-retroceso\\\/#primaryimage\",\"url\":\"\",\"contentUrl\":\"\"},{\"@type\":\"BreadcrumbList\",\"@id\":\"https:\\\/\\\/riberasalud.com\\\/blog-de-gestion\\\/pacientes-y-profesionales-sobre-la-reversion-de-alzira-es-un-retroceso\\\/#breadcrumb\",\"itemListElement\":[{\"@type\":\"ListItem\",\"position\":1,\"name\":\"Portada\",\"item\":\"https:\\\/\\\/riberasalud.com\\\/blog-de-gestion\\\/\"},{\"@type\":\"ListItem\",\"position\":2,\"name\":\"Pacientes y profesionales, sobre la reversi\u00f3n de Alzira: es un retroceso\"}]},{\"@type\":\"WebSite\",\"@id\":\"https:\\\/\\\/riberasalud.com\\\/blog-de-gestion\\\/#website\",\"url\":\"https:\\\/\\\/riberasalud.com\\\/blog-de-gestion\\\/\",\"name\":\"Blog de Gesti\u00f3n\",\"description\":\"Grupo Ribera\",\"publisher\":{\"@id\":\"https:\\\/\\\/riberasalud.com\\\/blog-de-gestion\\\/#organization\"},\"potentialAction\":[{\"@type\":\"SearchAction\",\"target\":{\"@type\":\"EntryPoint\",\"urlTemplate\":\"https:\\\/\\\/riberasalud.com\\\/blog-de-gestion\\\/?s={search_term_string}\"},\"query-input\":{\"@type\":\"PropertyValueSpecification\",\"valueRequired\":true,\"valueName\":\"search_term_string\"}}],\"inLanguage\":\"es\"},{\"@type\":\"Organization\",\"@id\":\"https:\\\/\\\/riberasalud.com\\\/blog-de-gestion\\\/#organization\",\"name\":\"Blog de Gesti\u00f3n\",\"url\":\"https:\\\/\\\/riberasalud.com\\\/blog-de-gestion\\\/\",\"logo\":{\"@type\":\"ImageObject\",\"inLanguage\":\"es\",\"@id\":\"https:\\\/\\\/riberasalud.com\\\/blog-de-gestion\\\/#\\\/schema\\\/logo\\\/image\\\/\",\"url\":\"https:\\\/\\\/riberasalud.com\\\/blog-de-gestion\\\/wp-content\\\/uploads\\\/2022\\\/09\\\/cropped-Logotipo-Red-qgbhgk.png\",\"contentUrl\":\"https:\\\/\\\/riberasalud.com\\\/blog-de-gestion\\\/wp-content\\\/uploads\\\/2022\\\/09\\\/cropped-Logotipo-Red-qgbhgk.png\",\"width\":5001,\"height\":1976,\"caption\":\"Blog de Gesti\u00f3n\"},\"image\":{\"@id\":\"https:\\\/\\\/riberasalud.com\\\/blog-de-gestion\\\/#\\\/schema\\\/logo\\\/image\\\/\"}},{\"@type\":\"Person\",\"@id\":\"https:\\\/\\\/riberasalud.com\\\/blog-de-gestion\\\/#\\\/schema\\\/person\\\/8cd4ba4516c36c8da6b7a328ec60c8cc\",\"name\":\"Ribera Salud\",\"image\":{\"@type\":\"ImageObject\",\"inLanguage\":\"es\",\"@id\":\"https:\\\/\\\/secure.gravatar.com\\\/avatar\\\/562752329ea0bcc424426dba796708836aa2086605ed5876b10d4141ce6ec33e?s=96&d=mm&r=g\",\"url\":\"https:\\\/\\\/secure.gravatar.com\\\/avatar\\\/562752329ea0bcc424426dba796708836aa2086605ed5876b10d4141ce6ec33e?s=96&d=mm&r=g\",\"contentUrl\":\"https:\\\/\\\/secure.gravatar.com\\\/avatar\\\/562752329ea0bcc424426dba796708836aa2086605ed5876b10d4141ce6ec33e?s=96&d=mm&r=g\",\"caption\":\"Ribera Salud\"},\"url\":\"https:\\\/\\\/riberasalud.com\\\/blog-de-gestion\\\/author\\\/modelo-alzira\\\/\"}]}<\/script>\n<!-- \/ Yoast SEO plugin. -->","yoast_head_json":{"title":"Pacientes y profesionales, sobre la reversi\u00f3n de Alzira: es un retroceso - Blog de Gesti\u00f3n","robots":{"index":"index","follow":"follow","max-snippet":"max-snippet:-1","max-image-preview":"max-image-preview:large","max-video-preview":"max-video-preview:-1"},"canonical":"https:\/\/riberasalud.com\/blog-de-gestion\/pacientes-y-profesionales-sobre-la-reversion-de-alzira-es-un-retroceso\/","og_locale":"es_ES","og_type":"article","og_title":"Pacientes y profesionales, sobre la reversi\u00f3n de Alzira: es un retroceso - Blog de Gesti\u00f3n","og_description":"Reproducimos a continuaci\u00f3n el art\u00edculo \u00abPacientes y profesionales, sobre la ... Leer m\u00e1s","og_url":"https:\/\/riberasalud.com\/blog-de-gestion\/pacientes-y-profesionales-sobre-la-reversion-de-alzira-es-un-retroceso\/","og_site_name":"Blog de Gesti\u00f3n","article_published_time":"2016-09-22T09:10:55+00:00","author":"Ribera Salud","twitter_card":"summary_large_image","twitter_misc":{"Escrito por":"Ribera Salud","Tiempo de lectura":"4 minutos"},"schema":{"@context":"https:\/\/schema.org","@graph":[{"@type":"Article","@id":"https:\/\/riberasalud.com\/blog-de-gestion\/pacientes-y-profesionales-sobre-la-reversion-de-alzira-es-un-retroceso\/#article","isPartOf":{"@id":"https:\/\/riberasalud.com\/blog-de-gestion\/pacientes-y-profesionales-sobre-la-reversion-de-alzira-es-un-retroceso\/"},"author":{"name":"Ribera Salud","@id":"https:\/\/riberasalud.com\/blog-de-gestion\/#\/schema\/person\/8cd4ba4516c36c8da6b7a328ec60c8cc"},"headline":"Pacientes y profesionales, sobre la reversi\u00f3n de Alzira: es un retroceso","datePublished":"2016-09-22T09:10:55+00:00","mainEntityOfPage":{"@id":"https:\/\/riberasalud.com\/blog-de-gestion\/pacientes-y-profesionales-sobre-la-reversion-de-alzira-es-un-retroceso\/"},"wordCount":786,"publisher":{"@id":"https:\/\/riberasalud.com\/blog-de-gestion\/#organization"},"image":{"@id":"https:\/\/riberasalud.com\/blog-de-gestion\/pacientes-y-profesionales-sobre-la-reversion-de-alzira-es-un-retroceso\/#primaryimage"},"thumbnailUrl":"","keywords":["reversi\u00f3n","satisfacci\u00f3n laboral"],"articleSection":["Gesti\u00f3n asistencial"],"inLanguage":"es"},{"@type":"WebPage","@id":"https:\/\/riberasalud.com\/blog-de-gestion\/pacientes-y-profesionales-sobre-la-reversion-de-alzira-es-un-retroceso\/","url":"https:\/\/riberasalud.com\/blog-de-gestion\/pacientes-y-profesionales-sobre-la-reversion-de-alzira-es-un-retroceso\/","name":"Pacientes y profesionales, sobre la reversi\u00f3n de Alzira: es un retroceso - Blog de Gesti\u00f3n","isPartOf":{"@id":"https:\/\/riberasalud.com\/blog-de-gestion\/#website"},"primaryImageOfPage":{"@id":"https:\/\/riberasalud.com\/blog-de-gestion\/pacientes-y-profesionales-sobre-la-reversion-de-alzira-es-un-retroceso\/#primaryimage"},"image":{"@id":"https:\/\/riberasalud.com\/blog-de-gestion\/pacientes-y-profesionales-sobre-la-reversion-de-alzira-es-un-retroceso\/#primaryimage"},"thumbnailUrl":"","datePublished":"2016-09-22T09:10:55+00:00","breadcrumb":{"@id":"https:\/\/riberasalud.com\/blog-de-gestion\/pacientes-y-profesionales-sobre-la-reversion-de-alzira-es-un-retroceso\/#breadcrumb"},"inLanguage":"es","potentialAction":[{"@type":"ReadAction","target":["https:\/\/riberasalud.com\/blog-de-gestion\/pacientes-y-profesionales-sobre-la-reversion-de-alzira-es-un-retroceso\/"]}]},{"@type":"ImageObject","inLanguage":"es","@id":"https:\/\/riberasalud.com\/blog-de-gestion\/pacientes-y-profesionales-sobre-la-reversion-de-alzira-es-un-retroceso\/#primaryimage","url":"","contentUrl":""},{"@type":"BreadcrumbList","@id":"https:\/\/riberasalud.com\/blog-de-gestion\/pacientes-y-profesionales-sobre-la-reversion-de-alzira-es-un-retroceso\/#breadcrumb","itemListElement":[{"@type":"ListItem","position":1,"name":"Portada","item":"https:\/\/riberasalud.com\/blog-de-gestion\/"},{"@type":"ListItem","position":2,"name":"Pacientes y profesionales, sobre la reversi\u00f3n de Alzira: es un retroceso"}]},{"@type":"WebSite","@id":"https:\/\/riberasalud.com\/blog-de-gestion\/#website","url":"https:\/\/riberasalud.com\/blog-de-gestion\/","name":"Blog de Gesti\u00f3n","description":"Grupo Ribera","publisher":{"@id":"https:\/\/riberasalud.com\/blog-de-gestion\/#organization"},"potentialAction":[{"@type":"SearchAction","target":{"@type":"EntryPoint","urlTemplate":"https:\/\/riberasalud.com\/blog-de-gestion\/?s={search_term_string}"},"query-input":{"@type":"PropertyValueSpecification","valueRequired":true,"valueName":"search_term_string"}}],"inLanguage":"es"},{"@type":"Organization","@id":"https:\/\/riberasalud.com\/blog-de-gestion\/#organization","name":"Blog de Gesti\u00f3n","url":"https:\/\/riberasalud.com\/blog-de-gestion\/","logo":{"@type":"ImageObject","inLanguage":"es","@id":"https:\/\/riberasalud.com\/blog-de-gestion\/#\/schema\/logo\/image\/","url":"https:\/\/riberasalud.com\/blog-de-gestion\/wp-content\/uploads\/2022\/09\/cropped-Logotipo-Red-qgbhgk.png","contentUrl":"https:\/\/riberasalud.com\/blog-de-gestion\/wp-content\/uploads\/2022\/09\/cropped-Logotipo-Red-qgbhgk.png","width":5001,"height":1976,"caption":"Blog de Gesti\u00f3n"},"image":{"@id":"https:\/\/riberasalud.com\/blog-de-gestion\/#\/schema\/logo\/image\/"}},{"@type":"Person","@id":"https:\/\/riberasalud.com\/blog-de-gestion\/#\/schema\/person\/8cd4ba4516c36c8da6b7a328ec60c8cc","name":"Ribera Salud","image":{"@type":"ImageObject","inLanguage":"es","@id":"https:\/\/secure.gravatar.com\/avatar\/562752329ea0bcc424426dba796708836aa2086605ed5876b10d4141ce6ec33e?s=96&d=mm&r=g","url":"https:\/\/secure.gravatar.com\/avatar\/562752329ea0bcc424426dba796708836aa2086605ed5876b10d4141ce6ec33e?s=96&d=mm&r=g","contentUrl":"https:\/\/secure.gravatar.com\/avatar\/562752329ea0bcc424426dba796708836aa2086605ed5876b10d4141ce6ec33e?s=96&d=mm&r=g","caption":"Ribera Salud"},"url":"https:\/\/riberasalud.com\/blog-de-gestion\/author\/modelo-alzira\/"}]}},"_links":{"self":[{"href":"https:\/\/riberasalud.com\/blog-de-gestion\/wp-json\/wp\/v2\/posts\/805","targetHints":{"allow":["GET"]}}],"collection":[{"href":"https:\/\/riberasalud.com\/blog-de-gestion\/wp-json\/wp\/v2\/posts"}],"about":[{"href":"https:\/\/riberasalud.com\/blog-de-gestion\/wp-json\/wp\/v2\/types\/post"}],"author":[{"embeddable":true,"href":"https:\/\/riberasalud.com\/blog-de-gestion\/wp-json\/wp\/v2\/users\/8"}],"replies":[{"embeddable":true,"href":"https:\/\/riberasalud.com\/blog-de-gestion\/wp-json\/wp\/v2\/comments?post=805"}],"version-history":[{"count":0,"href":"https:\/\/riberasalud.com\/blog-de-gestion\/wp-json\/wp\/v2\/posts\/805\/revisions"}],"wp:featuredmedia":[{"embeddable":true,"href":"https:\/\/riberasalud.com\/blog-de-gestion\/wp-json\/"}],"wp:attachment":[{"href":"https:\/\/riberasalud.com\/blog-de-gestion\/wp-json\/wp\/v2\/media?parent=805"}],"wp:term":[{"taxonomy":"category","embeddable":true,"href":"https:\/\/riberasalud.com\/blog-de-gestion\/wp-json\/wp\/v2\/categories?post=805"},{"taxonomy":"post_tag","embeddable":true,"href":"https:\/\/riberasalud.com\/blog-de-gestion\/wp-json\/wp\/v2\/tags?post=805"}],"curies":[{"name":"wp","href":"https:\/\/api.w.org\/{rel}","templated":true}]}}