{"id":750,"date":"2016-03-23T16:57:05","date_gmt":"2016-03-23T16:57:05","guid":{"rendered":"https:\/\/www.blogdegestion.riberasalud.com\/?p=750"},"modified":"2016-03-23T16:57:05","modified_gmt":"2016-03-23T16:57:05","slug":"la-ribera-tiene-una-demora-de-73-dias-menos-que-el-resto-de-hospitales-publicos","status":"publish","type":"post","link":"https:\/\/riberasalud.com\/blog-de-gestion\/la-ribera-tiene-una-demora-de-73-dias-menos-que-el-resto-de-hospitales-publicos\/","title":{"rendered":"La Ribera tiene una demora de 73 d\u00edas menos que el resto de hospitales p\u00fablicos"},"content":{"rendered":"<p>El Hospital de La Ribera ha cerrado el pasado mes de febrero con una <strong>demora media quir\u00fargica de 47 d\u00edas<\/strong>, lo que confirma que el centro mantiene sus niveles de demora y no se ve afectado por la medida anunciada la semana pasada por la Conselleria de Sanitat Universal de eliminar la llamada demora no estructural o lista B generada por el Plan de Choque.<\/p>\n<p>De hecho, el Hospital de Alzira mejora sus registros ya que en febrero del pasado a\u00f1o, 2015, la demora media fue de 51 d\u00edas. Asimismo, el Hospital de la Ribera cerr\u00f3 2015 con un total de 22.456 intervenciones quir\u00fargicas, cifra r\u00e9cord desde su inauguraci\u00f3n, y una demora media para ser operado de 46 d\u00edas, seg\u00fan datos de la Conselleria de Sanitat Universal.<\/p>\n<p>La consellera Carmen Mont\u00f3n, anunci\u00f3 la semana pasada un <strong>nuevo m\u00e9todo de c\u00e1lculo de las demoras quir\u00fargicas<\/strong> mediante el cual se incluye ahora en la lista de espera estructural o p\u00fablica a todos los pacientes a los que se les da la opci\u00f3n de ser operados por el Plan de Choque en cl\u00ednicas privadas, acepten o rechacen esta iniciativa, y eliminar as\u00ed la llamada demora no estructural o lista B. Un nuevo m\u00e9todo de c\u00e1lculo que ha elevado la demora media de la Comunitat a 120 d\u00edas.<\/p>\n<p>Por contra, el Hospital de Alzira mantiene sus niveles de demora, ya que no ha precisado, desde su inauguraci\u00f3n, remitir pacientes al llamado Plan de Choque y, por lo tanto, no ha tenido nunca pacientes en lista de espera no estructural o lista B. En el caso del Hospital de La Ribera la demora total y la estructural coinciden.<\/p>\n<p>En este sentido, el nuevo m\u00e9todo de c\u00e1lculo evidencia que los pacientes de La Ribera esperan 73 d\u00edas menos, de media, para ser operados que el resto de pacientes de la Comunitat. Adem\u00e1s, <strong>el Hospital de Alzira cumple con el compromiso adquirido con sus pacientes de no superar en ning\u00fan caso los 90 d\u00edas de espera quir\u00fargica.<\/strong><\/p>\n<p>Este alto nivel de actividad y bajas demoras en La Ribera, lo ha hecho posible adem\u00e1s con un \u00edndice de complejidad de 1,67 sobre 2, una complejidad que sit\u00faa al Hospital de La Ribera al <strong>mismo nivel que los grandes hospitales quir\u00fargicos<\/strong> de la Comunitat.<\/p>\n<p>De esta forma, durante 2015, este hospital ha tenido un rendimiento quir\u00fargico del 77,8%, un 1,5% m\u00e1s que la media de los 24 hospitales de la red p\u00fablica valenciana y una tasa de intervenciones suspendidas del 0,62%, frente al 3,90% de media de la Comunitat. Adem\u00e1s, el 57,9% de sus intervenciones se realizaron bajo la modalidad de cirug\u00eda sin ingreso.<\/p>\n<p>El grupo Ribera Salud alaba el esfuerzo de la Conselleria por ofrecer datos reales y solicita que se publiquen <strong>datos comparados de todos los departamentos p\u00fablicos de salud<\/strong>, por especialidades y demoras.<\/p>\n<p>INFORMACI\u00d3N PUBLICADA EN <a title=\"La Ribera tiene una demora de 73 d\u00edas menos que el resto de hospitales p\u00fablicos\" href=\"http:\/\/www.lasprovincias.es\/ribera-costera\/201603\/22\/ribera-tiene-demora-dias-20160322001528-v.html\" target=\"_blank\" rel=\"noopener\">LAS PROVINCIAS<\/a><\/p>\n","protected":false},"excerpt":{"rendered":"<p>El Hospital de La Ribera ha cerrado el pasado mes &#8230; <a title=\"La Ribera tiene una demora de 73 d\u00edas menos que el resto de hospitales p\u00fablicos\" class=\"read-more\" href=\"https:\/\/riberasalud.com\/blog-de-gestion\/la-ribera-tiene-una-demora-de-73-dias-menos-que-el-resto-de-hospitales-publicos\/\" aria-label=\"Leer m\u00e1s sobre La Ribera tiene una demora de 73 d\u00edas menos que el resto de hospitales p\u00fablicos\">Leer m\u00e1s<\/a><\/p>\n","protected":false},"author":8,"featured_media":752,"comment_status":"closed","ping_status":"open","sticky":false,"template":"","format":"standard","meta":{"_mi_skip_tracking":false,"footnotes":""},"categories":[1514],"tags":[],"class_list":["post-750","post","type-post","status-publish","format-standard","has-post-thumbnail","hentry","category-gestion_asistencial","generate-columns","tablet-grid-50","mobile-grid-100","grid-parent","grid-33"],"yoast_head":"<!-- This site is optimized with the Yoast SEO plugin v27.4 - https:\/\/yoast.com\/product\/yoast-seo-wordpress\/ -->\n<title>La Ribera tiene una demora de 73 d\u00edas menos que el resto de hospitales p\u00fablicos - Blog de Gesti\u00f3n<\/title>\n<meta name=\"robots\" content=\"index, follow, max-snippet:-1, max-image-preview:large, max-video-preview:-1\" \/>\n<link rel=\"canonical\" href=\"https:\/\/riberasalud.com\/blog-de-gestion\/la-ribera-tiene-una-demora-de-73-dias-menos-que-el-resto-de-hospitales-publicos\/\" \/>\n<meta property=\"og:locale\" content=\"es_ES\" \/>\n<meta property=\"og:type\" content=\"article\" \/>\n<meta property=\"og:title\" content=\"La Ribera tiene una demora de 73 d\u00edas menos que el resto de hospitales p\u00fablicos - Blog de Gesti\u00f3n\" \/>\n<meta property=\"og:description\" content=\"El Hospital de La Ribera ha cerrado el pasado mes ... Leer m\u00e1s\" \/>\n<meta property=\"og:url\" content=\"https:\/\/riberasalud.com\/blog-de-gestion\/la-ribera-tiene-una-demora-de-73-dias-menos-que-el-resto-de-hospitales-publicos\/\" \/>\n<meta property=\"og:site_name\" content=\"Blog de Gesti\u00f3n\" \/>\n<meta property=\"article:published_time\" content=\"2016-03-23T16:57:05+00:00\" \/>\n<meta name=\"author\" content=\"Ribera Salud\" \/>\n<meta name=\"twitter:card\" content=\"summary_large_image\" \/>\n<meta name=\"twitter:label1\" content=\"Escrito por\" \/>\n\t<meta name=\"twitter:data1\" content=\"Ribera Salud\" \/>\n\t<meta name=\"twitter:label2\" content=\"Tiempo de lectura\" \/>\n\t<meta name=\"twitter:data2\" content=\"2 minutos\" \/>\n<script type=\"application\/ld+json\" class=\"yoast-schema-graph\">{\"@context\":\"https:\\\/\\\/schema.org\",\"@graph\":[{\"@type\":\"Article\",\"@id\":\"https:\\\/\\\/riberasalud.com\\\/blog-de-gestion\\\/la-ribera-tiene-una-demora-de-73-dias-menos-que-el-resto-de-hospitales-publicos\\\/#article\",\"isPartOf\":{\"@id\":\"https:\\\/\\\/riberasalud.com\\\/blog-de-gestion\\\/la-ribera-tiene-una-demora-de-73-dias-menos-que-el-resto-de-hospitales-publicos\\\/\"},\"author\":{\"name\":\"Ribera Salud\",\"@id\":\"https:\\\/\\\/riberasalud.com\\\/blog-de-gestion\\\/#\\\/schema\\\/person\\\/8cd4ba4516c36c8da6b7a328ec60c8cc\"},\"headline\":\"La Ribera tiene una demora de 73 d\u00edas menos que el resto de hospitales p\u00fablicos\",\"datePublished\":\"2016-03-23T16:57:05+00:00\",\"mainEntityOfPage\":{\"@id\":\"https:\\\/\\\/riberasalud.com\\\/blog-de-gestion\\\/la-ribera-tiene-una-demora-de-73-dias-menos-que-el-resto-de-hospitales-publicos\\\/\"},\"wordCount\":507,\"publisher\":{\"@id\":\"https:\\\/\\\/riberasalud.com\\\/blog-de-gestion\\\/#organization\"},\"image\":{\"@id\":\"https:\\\/\\\/riberasalud.com\\\/blog-de-gestion\\\/la-ribera-tiene-una-demora-de-73-dias-menos-que-el-resto-de-hospitales-publicos\\\/#primaryimage\"},\"thumbnailUrl\":\"\",\"articleSection\":[\"Gesti\u00f3n asistencial\"],\"inLanguage\":\"es\"},{\"@type\":\"WebPage\",\"@id\":\"https:\\\/\\\/riberasalud.com\\\/blog-de-gestion\\\/la-ribera-tiene-una-demora-de-73-dias-menos-que-el-resto-de-hospitales-publicos\\\/\",\"url\":\"https:\\\/\\\/riberasalud.com\\\/blog-de-gestion\\\/la-ribera-tiene-una-demora-de-73-dias-menos-que-el-resto-de-hospitales-publicos\\\/\",\"name\":\"La Ribera tiene una demora de 73 d\u00edas menos que el resto de hospitales p\u00fablicos - Blog de Gesti\u00f3n\",\"isPartOf\":{\"@id\":\"https:\\\/\\\/riberasalud.com\\\/blog-de-gestion\\\/#website\"},\"primaryImageOfPage\":{\"@id\":\"https:\\\/\\\/riberasalud.com\\\/blog-de-gestion\\\/la-ribera-tiene-una-demora-de-73-dias-menos-que-el-resto-de-hospitales-publicos\\\/#primaryimage\"},\"image\":{\"@id\":\"https:\\\/\\\/riberasalud.com\\\/blog-de-gestion\\\/la-ribera-tiene-una-demora-de-73-dias-menos-que-el-resto-de-hospitales-publicos\\\/#primaryimage\"},\"thumbnailUrl\":\"\",\"datePublished\":\"2016-03-23T16:57:05+00:00\",\"breadcrumb\":{\"@id\":\"https:\\\/\\\/riberasalud.com\\\/blog-de-gestion\\\/la-ribera-tiene-una-demora-de-73-dias-menos-que-el-resto-de-hospitales-publicos\\\/#breadcrumb\"},\"inLanguage\":\"es\",\"potentialAction\":[{\"@type\":\"ReadAction\",\"target\":[\"https:\\\/\\\/riberasalud.com\\\/blog-de-gestion\\\/la-ribera-tiene-una-demora-de-73-dias-menos-que-el-resto-de-hospitales-publicos\\\/\"]}]},{\"@type\":\"ImageObject\",\"inLanguage\":\"es\",\"@id\":\"https:\\\/\\\/riberasalud.com\\\/blog-de-gestion\\\/la-ribera-tiene-una-demora-de-73-dias-menos-que-el-resto-de-hospitales-publicos\\\/#primaryimage\",\"url\":\"\",\"contentUrl\":\"\"},{\"@type\":\"BreadcrumbList\",\"@id\":\"https:\\\/\\\/riberasalud.com\\\/blog-de-gestion\\\/la-ribera-tiene-una-demora-de-73-dias-menos-que-el-resto-de-hospitales-publicos\\\/#breadcrumb\",\"itemListElement\":[{\"@type\":\"ListItem\",\"position\":1,\"name\":\"Portada\",\"item\":\"https:\\\/\\\/riberasalud.com\\\/blog-de-gestion\\\/\"},{\"@type\":\"ListItem\",\"position\":2,\"name\":\"La Ribera tiene una demora de 73 d\u00edas menos que el resto de hospitales p\u00fablicos\"}]},{\"@type\":\"WebSite\",\"@id\":\"https:\\\/\\\/riberasalud.com\\\/blog-de-gestion\\\/#website\",\"url\":\"https:\\\/\\\/riberasalud.com\\\/blog-de-gestion\\\/\",\"name\":\"Blog de Gesti\u00f3n\",\"description\":\"Grupo Ribera\",\"publisher\":{\"@id\":\"https:\\\/\\\/riberasalud.com\\\/blog-de-gestion\\\/#organization\"},\"potentialAction\":[{\"@type\":\"SearchAction\",\"target\":{\"@type\":\"EntryPoint\",\"urlTemplate\":\"https:\\\/\\\/riberasalud.com\\\/blog-de-gestion\\\/?s={search_term_string}\"},\"query-input\":{\"@type\":\"PropertyValueSpecification\",\"valueRequired\":true,\"valueName\":\"search_term_string\"}}],\"inLanguage\":\"es\"},{\"@type\":\"Organization\",\"@id\":\"https:\\\/\\\/riberasalud.com\\\/blog-de-gestion\\\/#organization\",\"name\":\"Blog de Gesti\u00f3n\",\"url\":\"https:\\\/\\\/riberasalud.com\\\/blog-de-gestion\\\/\",\"logo\":{\"@type\":\"ImageObject\",\"inLanguage\":\"es\",\"@id\":\"https:\\\/\\\/riberasalud.com\\\/blog-de-gestion\\\/#\\\/schema\\\/logo\\\/image\\\/\",\"url\":\"https:\\\/\\\/riberasalud.com\\\/blog-de-gestion\\\/wp-content\\\/uploads\\\/2022\\\/09\\\/cropped-Logotipo-Red-qgbhgk.png\",\"contentUrl\":\"https:\\\/\\\/riberasalud.com\\\/blog-de-gestion\\\/wp-content\\\/uploads\\\/2022\\\/09\\\/cropped-Logotipo-Red-qgbhgk.png\",\"width\":5001,\"height\":1976,\"caption\":\"Blog de Gesti\u00f3n\"},\"image\":{\"@id\":\"https:\\\/\\\/riberasalud.com\\\/blog-de-gestion\\\/#\\\/schema\\\/logo\\\/image\\\/\"}},{\"@type\":\"Person\",\"@id\":\"https:\\\/\\\/riberasalud.com\\\/blog-de-gestion\\\/#\\\/schema\\\/person\\\/8cd4ba4516c36c8da6b7a328ec60c8cc\",\"name\":\"Ribera Salud\",\"image\":{\"@type\":\"ImageObject\",\"inLanguage\":\"es\",\"@id\":\"https:\\\/\\\/secure.gravatar.com\\\/avatar\\\/562752329ea0bcc424426dba796708836aa2086605ed5876b10d4141ce6ec33e?s=96&d=mm&r=g\",\"url\":\"https:\\\/\\\/secure.gravatar.com\\\/avatar\\\/562752329ea0bcc424426dba796708836aa2086605ed5876b10d4141ce6ec33e?s=96&d=mm&r=g\",\"contentUrl\":\"https:\\\/\\\/secure.gravatar.com\\\/avatar\\\/562752329ea0bcc424426dba796708836aa2086605ed5876b10d4141ce6ec33e?s=96&d=mm&r=g\",\"caption\":\"Ribera Salud\"},\"url\":\"https:\\\/\\\/riberasalud.com\\\/blog-de-gestion\\\/author\\\/modelo-alzira\\\/\"}]}<\/script>\n<!-- \/ Yoast SEO plugin. -->","yoast_head_json":{"title":"La Ribera tiene una demora de 73 d\u00edas menos que el resto de hospitales p\u00fablicos - Blog de Gesti\u00f3n","robots":{"index":"index","follow":"follow","max-snippet":"max-snippet:-1","max-image-preview":"max-image-preview:large","max-video-preview":"max-video-preview:-1"},"canonical":"https:\/\/riberasalud.com\/blog-de-gestion\/la-ribera-tiene-una-demora-de-73-dias-menos-que-el-resto-de-hospitales-publicos\/","og_locale":"es_ES","og_type":"article","og_title":"La Ribera tiene una demora de 73 d\u00edas menos que el resto de hospitales p\u00fablicos - Blog de Gesti\u00f3n","og_description":"El Hospital de La Ribera ha cerrado el pasado mes ... Leer m\u00e1s","og_url":"https:\/\/riberasalud.com\/blog-de-gestion\/la-ribera-tiene-una-demora-de-73-dias-menos-que-el-resto-de-hospitales-publicos\/","og_site_name":"Blog de Gesti\u00f3n","article_published_time":"2016-03-23T16:57:05+00:00","author":"Ribera Salud","twitter_card":"summary_large_image","twitter_misc":{"Escrito por":"Ribera Salud","Tiempo de lectura":"2 minutos"},"schema":{"@context":"https:\/\/schema.org","@graph":[{"@type":"Article","@id":"https:\/\/riberasalud.com\/blog-de-gestion\/la-ribera-tiene-una-demora-de-73-dias-menos-que-el-resto-de-hospitales-publicos\/#article","isPartOf":{"@id":"https:\/\/riberasalud.com\/blog-de-gestion\/la-ribera-tiene-una-demora-de-73-dias-menos-que-el-resto-de-hospitales-publicos\/"},"author":{"name":"Ribera Salud","@id":"https:\/\/riberasalud.com\/blog-de-gestion\/#\/schema\/person\/8cd4ba4516c36c8da6b7a328ec60c8cc"},"headline":"La Ribera tiene una demora de 73 d\u00edas menos que el resto de hospitales p\u00fablicos","datePublished":"2016-03-23T16:57:05+00:00","mainEntityOfPage":{"@id":"https:\/\/riberasalud.com\/blog-de-gestion\/la-ribera-tiene-una-demora-de-73-dias-menos-que-el-resto-de-hospitales-publicos\/"},"wordCount":507,"publisher":{"@id":"https:\/\/riberasalud.com\/blog-de-gestion\/#organization"},"image":{"@id":"https:\/\/riberasalud.com\/blog-de-gestion\/la-ribera-tiene-una-demora-de-73-dias-menos-que-el-resto-de-hospitales-publicos\/#primaryimage"},"thumbnailUrl":"","articleSection":["Gesti\u00f3n asistencial"],"inLanguage":"es"},{"@type":"WebPage","@id":"https:\/\/riberasalud.com\/blog-de-gestion\/la-ribera-tiene-una-demora-de-73-dias-menos-que-el-resto-de-hospitales-publicos\/","url":"https:\/\/riberasalud.com\/blog-de-gestion\/la-ribera-tiene-una-demora-de-73-dias-menos-que-el-resto-de-hospitales-publicos\/","name":"La Ribera tiene una demora de 73 d\u00edas menos que el resto de hospitales p\u00fablicos - Blog de Gesti\u00f3n","isPartOf":{"@id":"https:\/\/riberasalud.com\/blog-de-gestion\/#website"},"primaryImageOfPage":{"@id":"https:\/\/riberasalud.com\/blog-de-gestion\/la-ribera-tiene-una-demora-de-73-dias-menos-que-el-resto-de-hospitales-publicos\/#primaryimage"},"image":{"@id":"https:\/\/riberasalud.com\/blog-de-gestion\/la-ribera-tiene-una-demora-de-73-dias-menos-que-el-resto-de-hospitales-publicos\/#primaryimage"},"thumbnailUrl":"","datePublished":"2016-03-23T16:57:05+00:00","breadcrumb":{"@id":"https:\/\/riberasalud.com\/blog-de-gestion\/la-ribera-tiene-una-demora-de-73-dias-menos-que-el-resto-de-hospitales-publicos\/#breadcrumb"},"inLanguage":"es","potentialAction":[{"@type":"ReadAction","target":["https:\/\/riberasalud.com\/blog-de-gestion\/la-ribera-tiene-una-demora-de-73-dias-menos-que-el-resto-de-hospitales-publicos\/"]}]},{"@type":"ImageObject","inLanguage":"es","@id":"https:\/\/riberasalud.com\/blog-de-gestion\/la-ribera-tiene-una-demora-de-73-dias-menos-que-el-resto-de-hospitales-publicos\/#primaryimage","url":"","contentUrl":""},{"@type":"BreadcrumbList","@id":"https:\/\/riberasalud.com\/blog-de-gestion\/la-ribera-tiene-una-demora-de-73-dias-menos-que-el-resto-de-hospitales-publicos\/#breadcrumb","itemListElement":[{"@type":"ListItem","position":1,"name":"Portada","item":"https:\/\/riberasalud.com\/blog-de-gestion\/"},{"@type":"ListItem","position":2,"name":"La Ribera tiene una demora de 73 d\u00edas menos que el resto de hospitales p\u00fablicos"}]},{"@type":"WebSite","@id":"https:\/\/riberasalud.com\/blog-de-gestion\/#website","url":"https:\/\/riberasalud.com\/blog-de-gestion\/","name":"Blog de Gesti\u00f3n","description":"Grupo Ribera","publisher":{"@id":"https:\/\/riberasalud.com\/blog-de-gestion\/#organization"},"potentialAction":[{"@type":"SearchAction","target":{"@type":"EntryPoint","urlTemplate":"https:\/\/riberasalud.com\/blog-de-gestion\/?s={search_term_string}"},"query-input":{"@type":"PropertyValueSpecification","valueRequired":true,"valueName":"search_term_string"}}],"inLanguage":"es"},{"@type":"Organization","@id":"https:\/\/riberasalud.com\/blog-de-gestion\/#organization","name":"Blog de Gesti\u00f3n","url":"https:\/\/riberasalud.com\/blog-de-gestion\/","logo":{"@type":"ImageObject","inLanguage":"es","@id":"https:\/\/riberasalud.com\/blog-de-gestion\/#\/schema\/logo\/image\/","url":"https:\/\/riberasalud.com\/blog-de-gestion\/wp-content\/uploads\/2022\/09\/cropped-Logotipo-Red-qgbhgk.png","contentUrl":"https:\/\/riberasalud.com\/blog-de-gestion\/wp-content\/uploads\/2022\/09\/cropped-Logotipo-Red-qgbhgk.png","width":5001,"height":1976,"caption":"Blog de Gesti\u00f3n"},"image":{"@id":"https:\/\/riberasalud.com\/blog-de-gestion\/#\/schema\/logo\/image\/"}},{"@type":"Person","@id":"https:\/\/riberasalud.com\/blog-de-gestion\/#\/schema\/person\/8cd4ba4516c36c8da6b7a328ec60c8cc","name":"Ribera Salud","image":{"@type":"ImageObject","inLanguage":"es","@id":"https:\/\/secure.gravatar.com\/avatar\/562752329ea0bcc424426dba796708836aa2086605ed5876b10d4141ce6ec33e?s=96&d=mm&r=g","url":"https:\/\/secure.gravatar.com\/avatar\/562752329ea0bcc424426dba796708836aa2086605ed5876b10d4141ce6ec33e?s=96&d=mm&r=g","contentUrl":"https:\/\/secure.gravatar.com\/avatar\/562752329ea0bcc424426dba796708836aa2086605ed5876b10d4141ce6ec33e?s=96&d=mm&r=g","caption":"Ribera Salud"},"url":"https:\/\/riberasalud.com\/blog-de-gestion\/author\/modelo-alzira\/"}]}},"_links":{"self":[{"href":"https:\/\/riberasalud.com\/blog-de-gestion\/wp-json\/wp\/v2\/posts\/750","targetHints":{"allow":["GET"]}}],"collection":[{"href":"https:\/\/riberasalud.com\/blog-de-gestion\/wp-json\/wp\/v2\/posts"}],"about":[{"href":"https:\/\/riberasalud.com\/blog-de-gestion\/wp-json\/wp\/v2\/types\/post"}],"author":[{"embeddable":true,"href":"https:\/\/riberasalud.com\/blog-de-gestion\/wp-json\/wp\/v2\/users\/8"}],"replies":[{"embeddable":true,"href":"https:\/\/riberasalud.com\/blog-de-gestion\/wp-json\/wp\/v2\/comments?post=750"}],"version-history":[{"count":0,"href":"https:\/\/riberasalud.com\/blog-de-gestion\/wp-json\/wp\/v2\/posts\/750\/revisions"}],"wp:featuredmedia":[{"embeddable":true,"href":"https:\/\/riberasalud.com\/blog-de-gestion\/wp-json\/"}],"wp:attachment":[{"href":"https:\/\/riberasalud.com\/blog-de-gestion\/wp-json\/wp\/v2\/media?parent=750"}],"wp:term":[{"taxonomy":"category","embeddable":true,"href":"https:\/\/riberasalud.com\/blog-de-gestion\/wp-json\/wp\/v2\/categories?post=750"},{"taxonomy":"post_tag","embeddable":true,"href":"https:\/\/riberasalud.com\/blog-de-gestion\/wp-json\/wp\/v2\/tags?post=750"}],"curies":[{"name":"wp","href":"https:\/\/api.w.org\/{rel}","templated":true}]}}