{"id":343,"date":"2012-09-12T07:09:40","date_gmt":"2012-09-12T07:09:40","guid":{"rendered":"https:\/\/www.blogdegestion.riberasalud.com\/?p=343"},"modified":"2012-09-12T07:09:40","modified_gmt":"2012-09-12T07:09:40","slug":"el-modelo-alzira-apuesta-por-la-conciliacion-laboral-y-familiar-de-sus-profesionales","status":"publish","type":"post","link":"https:\/\/riberasalud.com\/blog-de-gestion\/el-modelo-alzira-apuesta-por-la-conciliacion-laboral-y-familiar-de-sus-profesionales\/","title":{"rendered":"El modelo Alzira apuesta por la conciliaci\u00f3n laboral y familiar de sus profesionales"},"content":{"rendered":"<p><a href=\"https:\/\/www.blogdegestion.riberasalud.com\/wp-content\/uploads\/2012\/09\/120904_inauguracion-guarderia-Torrejon-2.jpg\"><img loading=\"lazy\" decoding=\"async\" class=\"aligncenter size-medium wp-image-344\" title=\"120904_inauguracion guarderia Torrejon (2)\" src=\"https:\/\/riberasalud.com\/blog-de-gestion\/wp-content\/uploads\/2022\/10\/120904_inauguracion-guarderia-Torrejon-2-300x227.jpg\" alt=\"\" width=\"300\" height=\"227\" \/><\/a><\/p>\n<p style=\"text-align: justify;\">El Hospital p\u00fablico de Torrej\u00f3n de Ardoz ha inaugurado una Escuela Infantil para atender a los hijos de sus trabajadores. A punto de cumplir su primer a\u00f1o de funcionamiento, Torrej\u00f3n se une a los hospitales de Torrevieja y Vinalopo, que tambi\u00e9n cuentan con el servicio de guarder\u00eda, y que seg\u00fan Salvador Sanchis, director de Recursos Humanos del grupo Ribera Salud, \u201ces una iniciativa dentro del Plan de Igualdad de la organizaci\u00f3n para fomentar la conciliaci\u00f3n de la vida laboral y familiar de nuestros profesionales\u201d.<\/p>\n<p style=\"text-align: justify;\">La Escuela Infantil del Hospital de Torrej\u00f3n tiene capacidad para dar cabida a 42 ni\u00f1os de 0 a 3 a\u00f1os de edad. Cuenta con tres aulas, un office, una sala de psicomotricidad y usos m\u00faltiples y un patio de juegos. Estar\u00e1 abierta todos los meses del a\u00f1o y ofrecer\u00e1 el servicio de D\u00edas sin Cole, con Campamentos para ni\u00f1os de 3 a 12 a\u00f1os de edad en los periodos vacacionales de Navidad, Semana Santa y verano. El horario de la escuela estar\u00e1 establecido en dos turnos; el primero de ellos, de 8:00 a 15:00 horas y el segundo, de 15:00 a 22:00 con un margen de cortes\u00eda de 15 minutos tanto a la entrada como a la salida de los ni\u00f1os en cada turno para adaptarlos a las necesidades laborales de los trabajadores del centro.<\/p>\n<p style=\"text-align: justify;\">Adem\u00e1s, tanto en el hospital de Torrej\u00f3n como en Torrevieja y en Vinalopo, el servicio de guarder\u00eda est\u00e1 subvencionado en parte por la propia empresa.<\/p>\n","protected":false},"excerpt":{"rendered":"<p>El Hospital p\u00fablico de Torrej\u00f3n de Ardoz ha inaugurado una &#8230; <a title=\"El modelo Alzira apuesta por la conciliaci\u00f3n laboral y familiar de sus profesionales\" class=\"read-more\" href=\"https:\/\/riberasalud.com\/blog-de-gestion\/el-modelo-alzira-apuesta-por-la-conciliacion-laboral-y-familiar-de-sus-profesionales\/\" aria-label=\"Leer m\u00e1s sobre El modelo Alzira apuesta por la conciliaci\u00f3n laboral y familiar de sus profesionales\">Leer m\u00e1s<\/a><\/p>\n","protected":false},"author":8,"featured_media":0,"comment_status":"open","ping_status":"open","sticky":false,"template":"","format":"standard","meta":{"_mi_skip_tracking":false,"footnotes":""},"categories":[1517],"tags":[1515,1516,1518,7,569,1519,9],"class_list":["post-343","post","type-post","status-publish","format-standard","hentry","category-gestion_de_personas","tag-conciliacion-laboral","tag-escuela-infantil","tag-hospital-torrejon-de-ardoz","tag-modelo-alzira","tag-plan-de-igualdad","tag-recursos-humanos","tag-ribera-salud","generate-columns","tablet-grid-50","mobile-grid-100","grid-parent","grid-33"],"yoast_head":"<!-- This site is optimized with the Yoast SEO plugin v27.4 - https:\/\/yoast.com\/product\/yoast-seo-wordpress\/ -->\n<title>El modelo Alzira apuesta por la conciliaci\u00f3n laboral y familiar de sus profesionales - Blog de Gesti\u00f3n<\/title>\n<meta name=\"robots\" content=\"index, follow, max-snippet:-1, max-image-preview:large, max-video-preview:-1\" \/>\n<link rel=\"canonical\" href=\"https:\/\/riberasalud.com\/blog-de-gestion\/el-modelo-alzira-apuesta-por-la-conciliacion-laboral-y-familiar-de-sus-profesionales\/\" \/>\n<meta property=\"og:locale\" content=\"es_ES\" \/>\n<meta property=\"og:type\" content=\"article\" \/>\n<meta property=\"og:title\" content=\"El modelo Alzira apuesta por la conciliaci\u00f3n laboral y familiar de sus profesionales - Blog de Gesti\u00f3n\" \/>\n<meta property=\"og:description\" content=\"El Hospital p\u00fablico de Torrej\u00f3n de Ardoz ha inaugurado una ... Leer m\u00e1s\" \/>\n<meta property=\"og:url\" content=\"https:\/\/riberasalud.com\/blog-de-gestion\/el-modelo-alzira-apuesta-por-la-conciliacion-laboral-y-familiar-de-sus-profesionales\/\" \/>\n<meta property=\"og:site_name\" content=\"Blog de Gesti\u00f3n\" \/>\n<meta property=\"article:published_time\" content=\"2012-09-12T07:09:40+00:00\" \/>\n<meta property=\"og:image\" content=\"https:\/\/riberasalud.com\/blog-de-gestion\/wp-content\/uploads\/2022\/10\/120904_inauguracion-guarderia-Torrejon-2-300x227.jpg\" \/>\n<meta name=\"author\" content=\"Ribera Salud\" \/>\n<meta name=\"twitter:card\" content=\"summary_large_image\" \/>\n<meta name=\"twitter:label1\" content=\"Escrito por\" \/>\n\t<meta name=\"twitter:data1\" content=\"Ribera Salud\" \/>\n\t<meta name=\"twitter:label2\" content=\"Tiempo de lectura\" \/>\n\t<meta name=\"twitter:data2\" content=\"1 minuto\" \/>\n<script type=\"application\/ld+json\" class=\"yoast-schema-graph\">{\"@context\":\"https:\\\/\\\/schema.org\",\"@graph\":[{\"@type\":\"Article\",\"@id\":\"https:\\\/\\\/riberasalud.com\\\/blog-de-gestion\\\/el-modelo-alzira-apuesta-por-la-conciliacion-laboral-y-familiar-de-sus-profesionales\\\/#article\",\"isPartOf\":{\"@id\":\"https:\\\/\\\/riberasalud.com\\\/blog-de-gestion\\\/el-modelo-alzira-apuesta-por-la-conciliacion-laboral-y-familiar-de-sus-profesionales\\\/\"},\"author\":{\"name\":\"Ribera Salud\",\"@id\":\"https:\\\/\\\/riberasalud.com\\\/blog-de-gestion\\\/#\\\/schema\\\/person\\\/8cd4ba4516c36c8da6b7a328ec60c8cc\"},\"headline\":\"El modelo Alzira apuesta por la conciliaci\u00f3n laboral y familiar de sus profesionales\",\"datePublished\":\"2012-09-12T07:09:40+00:00\",\"mainEntityOfPage\":{\"@id\":\"https:\\\/\\\/riberasalud.com\\\/blog-de-gestion\\\/el-modelo-alzira-apuesta-por-la-conciliacion-laboral-y-familiar-de-sus-profesionales\\\/\"},\"wordCount\":270,\"commentCount\":0,\"publisher\":{\"@id\":\"https:\\\/\\\/riberasalud.com\\\/blog-de-gestion\\\/#organization\"},\"image\":{\"@id\":\"https:\\\/\\\/riberasalud.com\\\/blog-de-gestion\\\/el-modelo-alzira-apuesta-por-la-conciliacion-laboral-y-familiar-de-sus-profesionales\\\/#primaryimage\"},\"thumbnailUrl\":\"https:\\\/\\\/riberasalud.com\\\/blog-de-gestion\\\/wp-content\\\/uploads\\\/2022\\\/10\\\/120904_inauguracion-guarderia-Torrejon-2-300x227.jpg\",\"keywords\":[\"conciliaci\u00f3n laboral\",\"escuela infantil\",\"Hospital Torrej\u00f3n de Ardoz\",\"Modelo Alzira\",\"plan de igualdad\",\"recursos humanos\",\"Ribera Salud\"],\"articleSection\":[\"Gesti\u00f3n de personas\"],\"inLanguage\":\"es\",\"potentialAction\":[{\"@type\":\"CommentAction\",\"name\":\"Comment\",\"target\":[\"https:\\\/\\\/riberasalud.com\\\/blog-de-gestion\\\/el-modelo-alzira-apuesta-por-la-conciliacion-laboral-y-familiar-de-sus-profesionales\\\/#respond\"]}]},{\"@type\":\"WebPage\",\"@id\":\"https:\\\/\\\/riberasalud.com\\\/blog-de-gestion\\\/el-modelo-alzira-apuesta-por-la-conciliacion-laboral-y-familiar-de-sus-profesionales\\\/\",\"url\":\"https:\\\/\\\/riberasalud.com\\\/blog-de-gestion\\\/el-modelo-alzira-apuesta-por-la-conciliacion-laboral-y-familiar-de-sus-profesionales\\\/\",\"name\":\"El modelo Alzira apuesta por la conciliaci\u00f3n laboral y familiar de sus profesionales - Blog de Gesti\u00f3n\",\"isPartOf\":{\"@id\":\"https:\\\/\\\/riberasalud.com\\\/blog-de-gestion\\\/#website\"},\"primaryImageOfPage\":{\"@id\":\"https:\\\/\\\/riberasalud.com\\\/blog-de-gestion\\\/el-modelo-alzira-apuesta-por-la-conciliacion-laboral-y-familiar-de-sus-profesionales\\\/#primaryimage\"},\"image\":{\"@id\":\"https:\\\/\\\/riberasalud.com\\\/blog-de-gestion\\\/el-modelo-alzira-apuesta-por-la-conciliacion-laboral-y-familiar-de-sus-profesionales\\\/#primaryimage\"},\"thumbnailUrl\":\"https:\\\/\\\/riberasalud.com\\\/blog-de-gestion\\\/wp-content\\\/uploads\\\/2022\\\/10\\\/120904_inauguracion-guarderia-Torrejon-2-300x227.jpg\",\"datePublished\":\"2012-09-12T07:09:40+00:00\",\"breadcrumb\":{\"@id\":\"https:\\\/\\\/riberasalud.com\\\/blog-de-gestion\\\/el-modelo-alzira-apuesta-por-la-conciliacion-laboral-y-familiar-de-sus-profesionales\\\/#breadcrumb\"},\"inLanguage\":\"es\",\"potentialAction\":[{\"@type\":\"ReadAction\",\"target\":[\"https:\\\/\\\/riberasalud.com\\\/blog-de-gestion\\\/el-modelo-alzira-apuesta-por-la-conciliacion-laboral-y-familiar-de-sus-profesionales\\\/\"]}]},{\"@type\":\"ImageObject\",\"inLanguage\":\"es\",\"@id\":\"https:\\\/\\\/riberasalud.com\\\/blog-de-gestion\\\/el-modelo-alzira-apuesta-por-la-conciliacion-laboral-y-familiar-de-sus-profesionales\\\/#primaryimage\",\"url\":\"https:\\\/\\\/riberasalud.com\\\/blog-de-gestion\\\/wp-content\\\/uploads\\\/2022\\\/10\\\/120904_inauguracion-guarderia-Torrejon-2-300x227.jpg\",\"contentUrl\":\"https:\\\/\\\/riberasalud.com\\\/blog-de-gestion\\\/wp-content\\\/uploads\\\/2022\\\/10\\\/120904_inauguracion-guarderia-Torrejon-2-300x227.jpg\"},{\"@type\":\"BreadcrumbList\",\"@id\":\"https:\\\/\\\/riberasalud.com\\\/blog-de-gestion\\\/el-modelo-alzira-apuesta-por-la-conciliacion-laboral-y-familiar-de-sus-profesionales\\\/#breadcrumb\",\"itemListElement\":[{\"@type\":\"ListItem\",\"position\":1,\"name\":\"Portada\",\"item\":\"https:\\\/\\\/riberasalud.com\\\/blog-de-gestion\\\/\"},{\"@type\":\"ListItem\",\"position\":2,\"name\":\"El modelo Alzira apuesta por la conciliaci\u00f3n laboral y familiar de sus profesionales\"}]},{\"@type\":\"WebSite\",\"@id\":\"https:\\\/\\\/riberasalud.com\\\/blog-de-gestion\\\/#website\",\"url\":\"https:\\\/\\\/riberasalud.com\\\/blog-de-gestion\\\/\",\"name\":\"Blog de Gesti\u00f3n\",\"description\":\"Grupo Ribera\",\"publisher\":{\"@id\":\"https:\\\/\\\/riberasalud.com\\\/blog-de-gestion\\\/#organization\"},\"potentialAction\":[{\"@type\":\"SearchAction\",\"target\":{\"@type\":\"EntryPoint\",\"urlTemplate\":\"https:\\\/\\\/riberasalud.com\\\/blog-de-gestion\\\/?s={search_term_string}\"},\"query-input\":{\"@type\":\"PropertyValueSpecification\",\"valueRequired\":true,\"valueName\":\"search_term_string\"}}],\"inLanguage\":\"es\"},{\"@type\":\"Organization\",\"@id\":\"https:\\\/\\\/riberasalud.com\\\/blog-de-gestion\\\/#organization\",\"name\":\"Blog de Gesti\u00f3n\",\"url\":\"https:\\\/\\\/riberasalud.com\\\/blog-de-gestion\\\/\",\"logo\":{\"@type\":\"ImageObject\",\"inLanguage\":\"es\",\"@id\":\"https:\\\/\\\/riberasalud.com\\\/blog-de-gestion\\\/#\\\/schema\\\/logo\\\/image\\\/\",\"url\":\"https:\\\/\\\/riberasalud.com\\\/blog-de-gestion\\\/wp-content\\\/uploads\\\/2022\\\/09\\\/cropped-Logotipo-Red-qgbhgk.png\",\"contentUrl\":\"https:\\\/\\\/riberasalud.com\\\/blog-de-gestion\\\/wp-content\\\/uploads\\\/2022\\\/09\\\/cropped-Logotipo-Red-qgbhgk.png\",\"width\":5001,\"height\":1976,\"caption\":\"Blog de Gesti\u00f3n\"},\"image\":{\"@id\":\"https:\\\/\\\/riberasalud.com\\\/blog-de-gestion\\\/#\\\/schema\\\/logo\\\/image\\\/\"}},{\"@type\":\"Person\",\"@id\":\"https:\\\/\\\/riberasalud.com\\\/blog-de-gestion\\\/#\\\/schema\\\/person\\\/8cd4ba4516c36c8da6b7a328ec60c8cc\",\"name\":\"Ribera Salud\",\"image\":{\"@type\":\"ImageObject\",\"inLanguage\":\"es\",\"@id\":\"https:\\\/\\\/secure.gravatar.com\\\/avatar\\\/562752329ea0bcc424426dba796708836aa2086605ed5876b10d4141ce6ec33e?s=96&d=mm&r=g\",\"url\":\"https:\\\/\\\/secure.gravatar.com\\\/avatar\\\/562752329ea0bcc424426dba796708836aa2086605ed5876b10d4141ce6ec33e?s=96&d=mm&r=g\",\"contentUrl\":\"https:\\\/\\\/secure.gravatar.com\\\/avatar\\\/562752329ea0bcc424426dba796708836aa2086605ed5876b10d4141ce6ec33e?s=96&d=mm&r=g\",\"caption\":\"Ribera Salud\"},\"url\":\"https:\\\/\\\/riberasalud.com\\\/blog-de-gestion\\\/author\\\/modelo-alzira\\\/\"}]}<\/script>\n<!-- \/ Yoast SEO plugin. -->","yoast_head_json":{"title":"El modelo Alzira apuesta por la conciliaci\u00f3n laboral y familiar de sus profesionales - Blog de Gesti\u00f3n","robots":{"index":"index","follow":"follow","max-snippet":"max-snippet:-1","max-image-preview":"max-image-preview:large","max-video-preview":"max-video-preview:-1"},"canonical":"https:\/\/riberasalud.com\/blog-de-gestion\/el-modelo-alzira-apuesta-por-la-conciliacion-laboral-y-familiar-de-sus-profesionales\/","og_locale":"es_ES","og_type":"article","og_title":"El modelo Alzira apuesta por la conciliaci\u00f3n laboral y familiar de sus profesionales - Blog de Gesti\u00f3n","og_description":"El Hospital p\u00fablico de Torrej\u00f3n de Ardoz ha inaugurado una ... Leer m\u00e1s","og_url":"https:\/\/riberasalud.com\/blog-de-gestion\/el-modelo-alzira-apuesta-por-la-conciliacion-laboral-y-familiar-de-sus-profesionales\/","og_site_name":"Blog de Gesti\u00f3n","article_published_time":"2012-09-12T07:09:40+00:00","og_image":[{"url":"https:\/\/riberasalud.com\/blog-de-gestion\/wp-content\/uploads\/2022\/10\/120904_inauguracion-guarderia-Torrejon-2-300x227.jpg","type":"","width":"","height":""}],"author":"Ribera Salud","twitter_card":"summary_large_image","twitter_misc":{"Escrito por":"Ribera Salud","Tiempo de lectura":"1 minuto"},"schema":{"@context":"https:\/\/schema.org","@graph":[{"@type":"Article","@id":"https:\/\/riberasalud.com\/blog-de-gestion\/el-modelo-alzira-apuesta-por-la-conciliacion-laboral-y-familiar-de-sus-profesionales\/#article","isPartOf":{"@id":"https:\/\/riberasalud.com\/blog-de-gestion\/el-modelo-alzira-apuesta-por-la-conciliacion-laboral-y-familiar-de-sus-profesionales\/"},"author":{"name":"Ribera Salud","@id":"https:\/\/riberasalud.com\/blog-de-gestion\/#\/schema\/person\/8cd4ba4516c36c8da6b7a328ec60c8cc"},"headline":"El modelo Alzira apuesta por la conciliaci\u00f3n laboral y familiar de sus profesionales","datePublished":"2012-09-12T07:09:40+00:00","mainEntityOfPage":{"@id":"https:\/\/riberasalud.com\/blog-de-gestion\/el-modelo-alzira-apuesta-por-la-conciliacion-laboral-y-familiar-de-sus-profesionales\/"},"wordCount":270,"commentCount":0,"publisher":{"@id":"https:\/\/riberasalud.com\/blog-de-gestion\/#organization"},"image":{"@id":"https:\/\/riberasalud.com\/blog-de-gestion\/el-modelo-alzira-apuesta-por-la-conciliacion-laboral-y-familiar-de-sus-profesionales\/#primaryimage"},"thumbnailUrl":"https:\/\/riberasalud.com\/blog-de-gestion\/wp-content\/uploads\/2022\/10\/120904_inauguracion-guarderia-Torrejon-2-300x227.jpg","keywords":["conciliaci\u00f3n laboral","escuela infantil","Hospital Torrej\u00f3n de Ardoz","Modelo Alzira","plan de igualdad","recursos humanos","Ribera Salud"],"articleSection":["Gesti\u00f3n de personas"],"inLanguage":"es","potentialAction":[{"@type":"CommentAction","name":"Comment","target":["https:\/\/riberasalud.com\/blog-de-gestion\/el-modelo-alzira-apuesta-por-la-conciliacion-laboral-y-familiar-de-sus-profesionales\/#respond"]}]},{"@type":"WebPage","@id":"https:\/\/riberasalud.com\/blog-de-gestion\/el-modelo-alzira-apuesta-por-la-conciliacion-laboral-y-familiar-de-sus-profesionales\/","url":"https:\/\/riberasalud.com\/blog-de-gestion\/el-modelo-alzira-apuesta-por-la-conciliacion-laboral-y-familiar-de-sus-profesionales\/","name":"El modelo Alzira apuesta por la conciliaci\u00f3n laboral y familiar de sus profesionales - Blog de Gesti\u00f3n","isPartOf":{"@id":"https:\/\/riberasalud.com\/blog-de-gestion\/#website"},"primaryImageOfPage":{"@id":"https:\/\/riberasalud.com\/blog-de-gestion\/el-modelo-alzira-apuesta-por-la-conciliacion-laboral-y-familiar-de-sus-profesionales\/#primaryimage"},"image":{"@id":"https:\/\/riberasalud.com\/blog-de-gestion\/el-modelo-alzira-apuesta-por-la-conciliacion-laboral-y-familiar-de-sus-profesionales\/#primaryimage"},"thumbnailUrl":"https:\/\/riberasalud.com\/blog-de-gestion\/wp-content\/uploads\/2022\/10\/120904_inauguracion-guarderia-Torrejon-2-300x227.jpg","datePublished":"2012-09-12T07:09:40+00:00","breadcrumb":{"@id":"https:\/\/riberasalud.com\/blog-de-gestion\/el-modelo-alzira-apuesta-por-la-conciliacion-laboral-y-familiar-de-sus-profesionales\/#breadcrumb"},"inLanguage":"es","potentialAction":[{"@type":"ReadAction","target":["https:\/\/riberasalud.com\/blog-de-gestion\/el-modelo-alzira-apuesta-por-la-conciliacion-laboral-y-familiar-de-sus-profesionales\/"]}]},{"@type":"ImageObject","inLanguage":"es","@id":"https:\/\/riberasalud.com\/blog-de-gestion\/el-modelo-alzira-apuesta-por-la-conciliacion-laboral-y-familiar-de-sus-profesionales\/#primaryimage","url":"https:\/\/riberasalud.com\/blog-de-gestion\/wp-content\/uploads\/2022\/10\/120904_inauguracion-guarderia-Torrejon-2-300x227.jpg","contentUrl":"https:\/\/riberasalud.com\/blog-de-gestion\/wp-content\/uploads\/2022\/10\/120904_inauguracion-guarderia-Torrejon-2-300x227.jpg"},{"@type":"BreadcrumbList","@id":"https:\/\/riberasalud.com\/blog-de-gestion\/el-modelo-alzira-apuesta-por-la-conciliacion-laboral-y-familiar-de-sus-profesionales\/#breadcrumb","itemListElement":[{"@type":"ListItem","position":1,"name":"Portada","item":"https:\/\/riberasalud.com\/blog-de-gestion\/"},{"@type":"ListItem","position":2,"name":"El modelo Alzira apuesta por la conciliaci\u00f3n laboral y familiar de sus profesionales"}]},{"@type":"WebSite","@id":"https:\/\/riberasalud.com\/blog-de-gestion\/#website","url":"https:\/\/riberasalud.com\/blog-de-gestion\/","name":"Blog de Gesti\u00f3n","description":"Grupo Ribera","publisher":{"@id":"https:\/\/riberasalud.com\/blog-de-gestion\/#organization"},"potentialAction":[{"@type":"SearchAction","target":{"@type":"EntryPoint","urlTemplate":"https:\/\/riberasalud.com\/blog-de-gestion\/?s={search_term_string}"},"query-input":{"@type":"PropertyValueSpecification","valueRequired":true,"valueName":"search_term_string"}}],"inLanguage":"es"},{"@type":"Organization","@id":"https:\/\/riberasalud.com\/blog-de-gestion\/#organization","name":"Blog de Gesti\u00f3n","url":"https:\/\/riberasalud.com\/blog-de-gestion\/","logo":{"@type":"ImageObject","inLanguage":"es","@id":"https:\/\/riberasalud.com\/blog-de-gestion\/#\/schema\/logo\/image\/","url":"https:\/\/riberasalud.com\/blog-de-gestion\/wp-content\/uploads\/2022\/09\/cropped-Logotipo-Red-qgbhgk.png","contentUrl":"https:\/\/riberasalud.com\/blog-de-gestion\/wp-content\/uploads\/2022\/09\/cropped-Logotipo-Red-qgbhgk.png","width":5001,"height":1976,"caption":"Blog de Gesti\u00f3n"},"image":{"@id":"https:\/\/riberasalud.com\/blog-de-gestion\/#\/schema\/logo\/image\/"}},{"@type":"Person","@id":"https:\/\/riberasalud.com\/blog-de-gestion\/#\/schema\/person\/8cd4ba4516c36c8da6b7a328ec60c8cc","name":"Ribera Salud","image":{"@type":"ImageObject","inLanguage":"es","@id":"https:\/\/secure.gravatar.com\/avatar\/562752329ea0bcc424426dba796708836aa2086605ed5876b10d4141ce6ec33e?s=96&d=mm&r=g","url":"https:\/\/secure.gravatar.com\/avatar\/562752329ea0bcc424426dba796708836aa2086605ed5876b10d4141ce6ec33e?s=96&d=mm&r=g","contentUrl":"https:\/\/secure.gravatar.com\/avatar\/562752329ea0bcc424426dba796708836aa2086605ed5876b10d4141ce6ec33e?s=96&d=mm&r=g","caption":"Ribera Salud"},"url":"https:\/\/riberasalud.com\/blog-de-gestion\/author\/modelo-alzira\/"}]}},"_links":{"self":[{"href":"https:\/\/riberasalud.com\/blog-de-gestion\/wp-json\/wp\/v2\/posts\/343","targetHints":{"allow":["GET"]}}],"collection":[{"href":"https:\/\/riberasalud.com\/blog-de-gestion\/wp-json\/wp\/v2\/posts"}],"about":[{"href":"https:\/\/riberasalud.com\/blog-de-gestion\/wp-json\/wp\/v2\/types\/post"}],"author":[{"embeddable":true,"href":"https:\/\/riberasalud.com\/blog-de-gestion\/wp-json\/wp\/v2\/users\/8"}],"replies":[{"embeddable":true,"href":"https:\/\/riberasalud.com\/blog-de-gestion\/wp-json\/wp\/v2\/comments?post=343"}],"version-history":[{"count":0,"href":"https:\/\/riberasalud.com\/blog-de-gestion\/wp-json\/wp\/v2\/posts\/343\/revisions"}],"wp:attachment":[{"href":"https:\/\/riberasalud.com\/blog-de-gestion\/wp-json\/wp\/v2\/media?parent=343"}],"wp:term":[{"taxonomy":"category","embeddable":true,"href":"https:\/\/riberasalud.com\/blog-de-gestion\/wp-json\/wp\/v2\/categories?post=343"},{"taxonomy":"post_tag","embeddable":true,"href":"https:\/\/riberasalud.com\/blog-de-gestion\/wp-json\/wp\/v2\/tags?post=343"}],"curies":[{"name":"wp","href":"https:\/\/api.w.org\/{rel}","templated":true}]}}