{"id":11426,"date":"2012-08-29T10:33:39","date_gmt":"2012-08-29T10:33:39","guid":{"rendered":"https:\/\/www.blogdegestion.riberasalud.com\/?p=337"},"modified":"2012-08-29T10:33:39","modified_gmt":"2012-08-29T10:33:39","slug":"agua-musica-y-color-en-los-partos-modelo-alzira","status":"publish","type":"post","link":"https:\/\/riberasalud.com\/blog-de-gestion\/agua-musica-y-color-en-los-partos-modelo-alzira\/","title":{"rendered":"Agua, m\u00fasica y color en los partos Modelo Alzira"},"content":{"rendered":"<p>Las comodidades en el momento de dar a luz son la raz\u00f3n fundamental por la que las futuras mam\u00e1s eligen los hospitales Modelo Alzira. As\u00ed, uno de cada seis ni\u00f1os que nacieron en 2011 en la Comunidad Valenciana lo hicieron en uno de estos hospitales.<\/p>\n<p>En el Hospital de Manises, por ejemplo, el 75% de los partos se hacen con anestesia epidural. A pesar de no tener previsto utilizar esta anestesia, muchas madres la solicitan en el momento del parto. La garant\u00eda que ofrece el hospital de poder contar con este tipo de anestesia las 24 horas del d\u00eda, todos los d\u00edas del a\u00f1o, lleva a muchas mam\u00e1s a elegir este hospital para dar a luz. Prueba de ello es que el 25% de las mujeres que dan a luz en Mnises no pertenecen a su \u00e1rea de salud. Durante el mes de julio el centro de Manises alcanz\u00f3 un r\u00e9cord de 11 partos en un d\u00eda mientras lo habitual son cuatro.<\/p>\n<p>Pero no solo el Hospital de Manises ofrece este tipo de ventajas. Los hospitales de La Ribera en Alzira, el del Vinalop\u00f3 en Elche, as\u00ed como Torrevieja, Denia y Torrej\u00f3n garantizan la anestesia epidural durante las 24 horas todos los d\u00edas del a\u00f1o. Adem\u00e1s, todos estos hospitales cuentan con habitaci\u00f3n individual con cama para el acompa\u00f1ante, garantizando la intimidad de la parturienta.<\/p>\n<p>Los hospitales de Vinalop\u00f3 y Torrej\u00f3n, tal como sucede en Manises, tambi\u00e9n presentan peculiaridades en el momento de dar a luz. En el Hospital del Vinalop\u00f3, por ejemplo, las pacientes disponen de la posibilidad de musicoterapia, luminoterapia o aromaterapia. La madre puede escoger la m\u00fasica, los tonos de luz y los aromas que desea que le acompa\u00f1en en el paritorio en el momento de dar a luz con el fin de contribuir a su relajaci\u00f3n. Otra de las peculiaridades de los hospitales Modelo Alzira se produjo el pasado mes de marzo en el Hospital de Torrej\u00f3n, Madrid. All\u00ed naci\u00f3 Rub\u00e9n, el primer beb\u00e9 \u201cacu\u00e1tico\u201d nacido en un hospital p\u00fablico. Este tipo de parto requiere una baja intervenci\u00f3n y est\u00e1 indicado para aquellos embarazados que no han registrado complicaciones.<\/p>\n","protected":false},"excerpt":{"rendered":"<p>Las comodidades en el momento de dar a luz son &#8230; <a title=\"Agua, m\u00fasica y color en los partos Modelo Alzira\" class=\"read-more\" href=\"https:\/\/riberasalud.com\/blog-de-gestion\/agua-musica-y-color-en-los-partos-modelo-alzira\/\" aria-label=\"Leer m\u00e1s sobre Agua, m\u00fasica y color en los partos Modelo Alzira\">Leer m\u00e1s<\/a><\/p>\n","protected":false},"author":8,"featured_media":0,"comment_status":"open","ping_status":"open","sticky":false,"template":"","format":"standard","meta":{"_mi_skip_tracking":false,"footnotes":""},"categories":[1514],"tags":[1513,127,1509,7,9],"class_list":["post-11426","post","type-post","status-publish","format-standard","hentry","category-gestion_asistencial","tag-comunidad-valenciana","tag-embarazo","tag-hospital-de-manises","tag-modelo-alzira","tag-ribera-salud","generate-columns","tablet-grid-50","mobile-grid-100","grid-parent","grid-33"],"yoast_head":"<!-- This site is optimized with the Yoast SEO plugin v27.4 - https:\/\/yoast.com\/product\/yoast-seo-wordpress\/ -->\n<title>Agua, m\u00fasica y color en los partos Modelo Alzira - Blog de Gesti\u00f3n<\/title>\n<meta name=\"robots\" content=\"index, follow, max-snippet:-1, max-image-preview:large, max-video-preview:-1\" \/>\n<link rel=\"canonical\" href=\"https:\/\/riberasalud.com\/blog-de-gestion\/agua-musica-y-color-en-los-partos-modelo-alzira\/\" \/>\n<meta property=\"og:locale\" content=\"es_ES\" \/>\n<meta property=\"og:type\" content=\"article\" \/>\n<meta property=\"og:title\" content=\"Agua, m\u00fasica y color en los partos Modelo Alzira - Blog de Gesti\u00f3n\" \/>\n<meta property=\"og:description\" content=\"Las comodidades en el momento de dar a luz son ... Leer m\u00e1s\" \/>\n<meta property=\"og:url\" content=\"https:\/\/riberasalud.com\/blog-de-gestion\/agua-musica-y-color-en-los-partos-modelo-alzira\/\" \/>\n<meta property=\"og:site_name\" content=\"Blog de Gesti\u00f3n\" \/>\n<meta property=\"article:published_time\" content=\"2012-08-29T10:33:39+00:00\" \/>\n<meta name=\"author\" content=\"Ribera Salud\" \/>\n<meta name=\"twitter:card\" content=\"summary_large_image\" \/>\n<meta name=\"twitter:label1\" content=\"Escrito por\" \/>\n\t<meta name=\"twitter:data1\" content=\"Ribera Salud\" \/>\n\t<meta name=\"twitter:label2\" content=\"Tiempo de lectura\" \/>\n\t<meta name=\"twitter:data2\" content=\"2 minutos\" \/>\n<script type=\"application\/ld+json\" class=\"yoast-schema-graph\">{\"@context\":\"https:\\\/\\\/schema.org\",\"@graph\":[{\"@type\":\"Article\",\"@id\":\"https:\\\/\\\/riberasalud.com\\\/blog-de-gestion\\\/agua-musica-y-color-en-los-partos-modelo-alzira\\\/#article\",\"isPartOf\":{\"@id\":\"https:\\\/\\\/riberasalud.com\\\/blog-de-gestion\\\/agua-musica-y-color-en-los-partos-modelo-alzira\\\/\"},\"author\":{\"name\":\"Ribera Salud\",\"@id\":\"https:\\\/\\\/riberasalud.com\\\/blog-de-gestion\\\/#\\\/schema\\\/person\\\/8cd4ba4516c36c8da6b7a328ec60c8cc\"},\"headline\":\"Agua, m\u00fasica y color en los partos Modelo Alzira\",\"datePublished\":\"2012-08-29T10:33:39+00:00\",\"mainEntityOfPage\":{\"@id\":\"https:\\\/\\\/riberasalud.com\\\/blog-de-gestion\\\/agua-musica-y-color-en-los-partos-modelo-alzira\\\/\"},\"wordCount\":382,\"commentCount\":0,\"publisher\":{\"@id\":\"https:\\\/\\\/riberasalud.com\\\/blog-de-gestion\\\/#organization\"},\"keywords\":[\"Comunidad Valenciana\",\"embarazo\",\"Hospital de Manises\",\"Modelo Alzira\",\"Ribera Salud\"],\"articleSection\":[\"Gesti\u00f3n asistencial\"],\"inLanguage\":\"es\",\"potentialAction\":[{\"@type\":\"CommentAction\",\"name\":\"Comment\",\"target\":[\"https:\\\/\\\/riberasalud.com\\\/blog-de-gestion\\\/agua-musica-y-color-en-los-partos-modelo-alzira\\\/#respond\"]}]},{\"@type\":\"WebPage\",\"@id\":\"https:\\\/\\\/riberasalud.com\\\/blog-de-gestion\\\/agua-musica-y-color-en-los-partos-modelo-alzira\\\/\",\"url\":\"https:\\\/\\\/riberasalud.com\\\/blog-de-gestion\\\/agua-musica-y-color-en-los-partos-modelo-alzira\\\/\",\"name\":\"Agua, m\u00fasica y color en los partos Modelo Alzira - Blog de Gesti\u00f3n\",\"isPartOf\":{\"@id\":\"https:\\\/\\\/riberasalud.com\\\/blog-de-gestion\\\/#website\"},\"datePublished\":\"2012-08-29T10:33:39+00:00\",\"breadcrumb\":{\"@id\":\"https:\\\/\\\/riberasalud.com\\\/blog-de-gestion\\\/agua-musica-y-color-en-los-partos-modelo-alzira\\\/#breadcrumb\"},\"inLanguage\":\"es\",\"potentialAction\":[{\"@type\":\"ReadAction\",\"target\":[\"https:\\\/\\\/riberasalud.com\\\/blog-de-gestion\\\/agua-musica-y-color-en-los-partos-modelo-alzira\\\/\"]}]},{\"@type\":\"BreadcrumbList\",\"@id\":\"https:\\\/\\\/riberasalud.com\\\/blog-de-gestion\\\/agua-musica-y-color-en-los-partos-modelo-alzira\\\/#breadcrumb\",\"itemListElement\":[{\"@type\":\"ListItem\",\"position\":1,\"name\":\"Portada\",\"item\":\"https:\\\/\\\/riberasalud.com\\\/blog-de-gestion\\\/\"},{\"@type\":\"ListItem\",\"position\":2,\"name\":\"Agua, m\u00fasica y color en los partos Modelo Alzira\"}]},{\"@type\":\"WebSite\",\"@id\":\"https:\\\/\\\/riberasalud.com\\\/blog-de-gestion\\\/#website\",\"url\":\"https:\\\/\\\/riberasalud.com\\\/blog-de-gestion\\\/\",\"name\":\"Blog de Gesti\u00f3n\",\"description\":\"Grupo Ribera\",\"publisher\":{\"@id\":\"https:\\\/\\\/riberasalud.com\\\/blog-de-gestion\\\/#organization\"},\"potentialAction\":[{\"@type\":\"SearchAction\",\"target\":{\"@type\":\"EntryPoint\",\"urlTemplate\":\"https:\\\/\\\/riberasalud.com\\\/blog-de-gestion\\\/?s={search_term_string}\"},\"query-input\":{\"@type\":\"PropertyValueSpecification\",\"valueRequired\":true,\"valueName\":\"search_term_string\"}}],\"inLanguage\":\"es\"},{\"@type\":\"Organization\",\"@id\":\"https:\\\/\\\/riberasalud.com\\\/blog-de-gestion\\\/#organization\",\"name\":\"Blog de Gesti\u00f3n\",\"url\":\"https:\\\/\\\/riberasalud.com\\\/blog-de-gestion\\\/\",\"logo\":{\"@type\":\"ImageObject\",\"inLanguage\":\"es\",\"@id\":\"https:\\\/\\\/riberasalud.com\\\/blog-de-gestion\\\/#\\\/schema\\\/logo\\\/image\\\/\",\"url\":\"https:\\\/\\\/riberasalud.com\\\/blog-de-gestion\\\/wp-content\\\/uploads\\\/2022\\\/09\\\/cropped-Logotipo-Red-qgbhgk.png\",\"contentUrl\":\"https:\\\/\\\/riberasalud.com\\\/blog-de-gestion\\\/wp-content\\\/uploads\\\/2022\\\/09\\\/cropped-Logotipo-Red-qgbhgk.png\",\"width\":5001,\"height\":1976,\"caption\":\"Blog de Gesti\u00f3n\"},\"image\":{\"@id\":\"https:\\\/\\\/riberasalud.com\\\/blog-de-gestion\\\/#\\\/schema\\\/logo\\\/image\\\/\"}},{\"@type\":\"Person\",\"@id\":\"https:\\\/\\\/riberasalud.com\\\/blog-de-gestion\\\/#\\\/schema\\\/person\\\/8cd4ba4516c36c8da6b7a328ec60c8cc\",\"name\":\"Ribera Salud\",\"image\":{\"@type\":\"ImageObject\",\"inLanguage\":\"es\",\"@id\":\"https:\\\/\\\/secure.gravatar.com\\\/avatar\\\/562752329ea0bcc424426dba796708836aa2086605ed5876b10d4141ce6ec33e?s=96&d=mm&r=g\",\"url\":\"https:\\\/\\\/secure.gravatar.com\\\/avatar\\\/562752329ea0bcc424426dba796708836aa2086605ed5876b10d4141ce6ec33e?s=96&d=mm&r=g\",\"contentUrl\":\"https:\\\/\\\/secure.gravatar.com\\\/avatar\\\/562752329ea0bcc424426dba796708836aa2086605ed5876b10d4141ce6ec33e?s=96&d=mm&r=g\",\"caption\":\"Ribera Salud\"},\"url\":\"https:\\\/\\\/riberasalud.com\\\/blog-de-gestion\\\/author\\\/modelo-alzira\\\/\"}]}<\/script>\n<!-- \/ Yoast SEO plugin. -->","yoast_head_json":{"title":"Agua, m\u00fasica y color en los partos Modelo Alzira - Blog de Gesti\u00f3n","robots":{"index":"index","follow":"follow","max-snippet":"max-snippet:-1","max-image-preview":"max-image-preview:large","max-video-preview":"max-video-preview:-1"},"canonical":"https:\/\/riberasalud.com\/blog-de-gestion\/agua-musica-y-color-en-los-partos-modelo-alzira\/","og_locale":"es_ES","og_type":"article","og_title":"Agua, m\u00fasica y color en los partos Modelo Alzira - Blog de Gesti\u00f3n","og_description":"Las comodidades en el momento de dar a luz son ... Leer m\u00e1s","og_url":"https:\/\/riberasalud.com\/blog-de-gestion\/agua-musica-y-color-en-los-partos-modelo-alzira\/","og_site_name":"Blog de Gesti\u00f3n","article_published_time":"2012-08-29T10:33:39+00:00","author":"Ribera Salud","twitter_card":"summary_large_image","twitter_misc":{"Escrito por":"Ribera Salud","Tiempo de lectura":"2 minutos"},"schema":{"@context":"https:\/\/schema.org","@graph":[{"@type":"Article","@id":"https:\/\/riberasalud.com\/blog-de-gestion\/agua-musica-y-color-en-los-partos-modelo-alzira\/#article","isPartOf":{"@id":"https:\/\/riberasalud.com\/blog-de-gestion\/agua-musica-y-color-en-los-partos-modelo-alzira\/"},"author":{"name":"Ribera Salud","@id":"https:\/\/riberasalud.com\/blog-de-gestion\/#\/schema\/person\/8cd4ba4516c36c8da6b7a328ec60c8cc"},"headline":"Agua, m\u00fasica y color en los partos Modelo Alzira","datePublished":"2012-08-29T10:33:39+00:00","mainEntityOfPage":{"@id":"https:\/\/riberasalud.com\/blog-de-gestion\/agua-musica-y-color-en-los-partos-modelo-alzira\/"},"wordCount":382,"commentCount":0,"publisher":{"@id":"https:\/\/riberasalud.com\/blog-de-gestion\/#organization"},"keywords":["Comunidad Valenciana","embarazo","Hospital de Manises","Modelo Alzira","Ribera Salud"],"articleSection":["Gesti\u00f3n asistencial"],"inLanguage":"es","potentialAction":[{"@type":"CommentAction","name":"Comment","target":["https:\/\/riberasalud.com\/blog-de-gestion\/agua-musica-y-color-en-los-partos-modelo-alzira\/#respond"]}]},{"@type":"WebPage","@id":"https:\/\/riberasalud.com\/blog-de-gestion\/agua-musica-y-color-en-los-partos-modelo-alzira\/","url":"https:\/\/riberasalud.com\/blog-de-gestion\/agua-musica-y-color-en-los-partos-modelo-alzira\/","name":"Agua, m\u00fasica y color en los partos Modelo Alzira - Blog de Gesti\u00f3n","isPartOf":{"@id":"https:\/\/riberasalud.com\/blog-de-gestion\/#website"},"datePublished":"2012-08-29T10:33:39+00:00","breadcrumb":{"@id":"https:\/\/riberasalud.com\/blog-de-gestion\/agua-musica-y-color-en-los-partos-modelo-alzira\/#breadcrumb"},"inLanguage":"es","potentialAction":[{"@type":"ReadAction","target":["https:\/\/riberasalud.com\/blog-de-gestion\/agua-musica-y-color-en-los-partos-modelo-alzira\/"]}]},{"@type":"BreadcrumbList","@id":"https:\/\/riberasalud.com\/blog-de-gestion\/agua-musica-y-color-en-los-partos-modelo-alzira\/#breadcrumb","itemListElement":[{"@type":"ListItem","position":1,"name":"Portada","item":"https:\/\/riberasalud.com\/blog-de-gestion\/"},{"@type":"ListItem","position":2,"name":"Agua, m\u00fasica y color en los partos Modelo Alzira"}]},{"@type":"WebSite","@id":"https:\/\/riberasalud.com\/blog-de-gestion\/#website","url":"https:\/\/riberasalud.com\/blog-de-gestion\/","name":"Blog de Gesti\u00f3n","description":"Grupo Ribera","publisher":{"@id":"https:\/\/riberasalud.com\/blog-de-gestion\/#organization"},"potentialAction":[{"@type":"SearchAction","target":{"@type":"EntryPoint","urlTemplate":"https:\/\/riberasalud.com\/blog-de-gestion\/?s={search_term_string}"},"query-input":{"@type":"PropertyValueSpecification","valueRequired":true,"valueName":"search_term_string"}}],"inLanguage":"es"},{"@type":"Organization","@id":"https:\/\/riberasalud.com\/blog-de-gestion\/#organization","name":"Blog de Gesti\u00f3n","url":"https:\/\/riberasalud.com\/blog-de-gestion\/","logo":{"@type":"ImageObject","inLanguage":"es","@id":"https:\/\/riberasalud.com\/blog-de-gestion\/#\/schema\/logo\/image\/","url":"https:\/\/riberasalud.com\/blog-de-gestion\/wp-content\/uploads\/2022\/09\/cropped-Logotipo-Red-qgbhgk.png","contentUrl":"https:\/\/riberasalud.com\/blog-de-gestion\/wp-content\/uploads\/2022\/09\/cropped-Logotipo-Red-qgbhgk.png","width":5001,"height":1976,"caption":"Blog de Gesti\u00f3n"},"image":{"@id":"https:\/\/riberasalud.com\/blog-de-gestion\/#\/schema\/logo\/image\/"}},{"@type":"Person","@id":"https:\/\/riberasalud.com\/blog-de-gestion\/#\/schema\/person\/8cd4ba4516c36c8da6b7a328ec60c8cc","name":"Ribera Salud","image":{"@type":"ImageObject","inLanguage":"es","@id":"https:\/\/secure.gravatar.com\/avatar\/562752329ea0bcc424426dba796708836aa2086605ed5876b10d4141ce6ec33e?s=96&d=mm&r=g","url":"https:\/\/secure.gravatar.com\/avatar\/562752329ea0bcc424426dba796708836aa2086605ed5876b10d4141ce6ec33e?s=96&d=mm&r=g","contentUrl":"https:\/\/secure.gravatar.com\/avatar\/562752329ea0bcc424426dba796708836aa2086605ed5876b10d4141ce6ec33e?s=96&d=mm&r=g","caption":"Ribera Salud"},"url":"https:\/\/riberasalud.com\/blog-de-gestion\/author\/modelo-alzira\/"}]}},"_links":{"self":[{"href":"https:\/\/riberasalud.com\/blog-de-gestion\/wp-json\/wp\/v2\/posts\/11426","targetHints":{"allow":["GET"]}}],"collection":[{"href":"https:\/\/riberasalud.com\/blog-de-gestion\/wp-json\/wp\/v2\/posts"}],"about":[{"href":"https:\/\/riberasalud.com\/blog-de-gestion\/wp-json\/wp\/v2\/types\/post"}],"author":[{"embeddable":true,"href":"https:\/\/riberasalud.com\/blog-de-gestion\/wp-json\/wp\/v2\/users\/8"}],"replies":[{"embeddable":true,"href":"https:\/\/riberasalud.com\/blog-de-gestion\/wp-json\/wp\/v2\/comments?post=11426"}],"version-history":[{"count":0,"href":"https:\/\/riberasalud.com\/blog-de-gestion\/wp-json\/wp\/v2\/posts\/11426\/revisions"}],"wp:attachment":[{"href":"https:\/\/riberasalud.com\/blog-de-gestion\/wp-json\/wp\/v2\/media?parent=11426"}],"wp:term":[{"taxonomy":"category","embeddable":true,"href":"https:\/\/riberasalud.com\/blog-de-gestion\/wp-json\/wp\/v2\/categories?post=11426"},{"taxonomy":"post_tag","embeddable":true,"href":"https:\/\/riberasalud.com\/blog-de-gestion\/wp-json\/wp\/v2\/tags?post=11426"}],"curies":[{"name":"wp","href":"https:\/\/api.w.org\/{rel}","templated":true}]}}